{"id":997,"date":"2014-01-29T15:03:48","date_gmt":"2014-01-29T13:03:48","guid":{"rendered":"http:\/\/blogs.lyceecfadumene.fr\/tyanheol\/?p=997"},"modified":"2014-01-29T15:03:48","modified_gmt":"2014-01-29T13:03:48","slug":"resultats-du-championnat-departemental-de-futsal","status":"publish","type":"post","link":"https:\/\/blogs.lyceecfadumene.fr\/tyanheol\/2014\/01\/29\/resultats-du-championnat-departemental-de-futsal\/","title":{"rendered":"R\u00e9sultats du championnat d\u00e9partemental de futsal"},"content":{"rendered":"<p><strong>L&rsquo;\u00e9quipe de Merdrignac<\/strong>, cat\u00e9gorie cadets emmen\u00e9 par le capitaine Fabien HEUZE termine<strong> 5\u00e8me<\/strong> apr\u00e8s les demies-finales et finale disput\u00e9es dans la r\u00e9gion briochine en ce mois de janvier 2014. Cette ann\u00e9e, 10 \u00e9quipes \u00e9taient engag\u00e9es dans cette comp\u00e9tition.<\/p>\n<figure id=\"attachment_998\" aria-describedby=\"caption-attachment-998\" style=\"width: 600px\" class=\"wp-caption alignnone\"><a href=\"https:\/\/i0.wp.com\/blogs.lyceecfadumene.fr\/tyanheol\/files\/2014\/01\/photo-retailler.jpg?ssl=1\"><img data-recalc-dims=\"1\" loading=\"lazy\" decoding=\"async\" data-attachment-id=\"998\" data-permalink=\"https:\/\/blogs.lyceecfadumene.fr\/tyanheol\/2014\/01\/29\/resultats-du-championnat-departemental-de-futsal\/photo-retailler\/\" data-orig-file=\"https:\/\/i0.wp.com\/blogs.lyceecfadumene.fr\/tyanheol\/files\/2014\/01\/photo-retailler.jpg?fit=600%2C420&amp;ssl=1\" data-orig-size=\"600,420\" data-comments-opened=\"1\" data-image-meta=\"{&quot;aperture&quot;:&quot;2.4&quot;,&quot;credit&quot;:&quot;&quot;,&quot;camera&quot;:&quot;Lumia 625&quot;,&quot;caption&quot;:&quot;&quot;,&quot;created_timestamp&quot;:&quot;1390408823&quot;,&quot;copyright&quot;:&quot;&quot;,&quot;focal_length&quot;:&quot;0&quot;,&quot;iso&quot;:&quot;250&quot;,&quot;shutter_speed&quot;:&quot;0.02&quot;,&quot;title&quot;:&quot;&quot;}\" data-image-title=\"photo retailler\" data-image-description=\"\" data-image-caption=\"&lt;p&gt;L&amp;rsquo;ensemble des participants aux finales d\u00e9partementales sport collectif&lt;\/p&gt;\n\" data-large-file=\"https:\/\/i0.wp.com\/blogs.lyceecfadumene.fr\/tyanheol\/files\/2014\/01\/photo-retailler.jpg?fit=600%2C420&amp;ssl=1\" class=\"size-full wp-image-998\" alt=\"L'ensemble des participants aux finales d\u00e9partementales sport collectif\" src=\"https:\/\/i0.wp.com\/blogs.lyceecfadumene.fr\/tyanheol\/files\/2014\/01\/photo-retailler.jpg?resize=600%2C420&#038;ssl=1\" width=\"600\" height=\"420\" srcset=\"https:\/\/i0.wp.com\/blogs.lyceecfadumene.fr\/tyanheol\/files\/2014\/01\/photo-retailler.jpg?w=600&amp;ssl=1 600w, https:\/\/i0.wp.com\/blogs.lyceecfadumene.fr\/tyanheol\/files\/2014\/01\/photo-retailler.jpg?resize=300%2C210&amp;ssl=1 300w, https:\/\/i0.wp.com\/blogs.lyceecfadumene.fr\/tyanheol\/files\/2014\/01\/photo-retailler.jpg?resize=428%2C300&amp;ssl=1 428w\" sizes=\"auto, (max-width: 600px) 100vw, 600px\" \/><\/a><figcaption id=\"caption-attachment-998\" class=\"wp-caption-text\">L&rsquo;ensemble des participants aux finales d\u00e9partementales sport collectif<\/figcaption><\/figure>\n<p>Le podium:<\/p>\n<p><strong>1- RABELAIS ST-BRIEUC\u00a0<\/strong><\/p>\n<p><strong> 2- PAIMPOL<\/strong><\/p>\n<p><strong>3- LANNION<\/strong><\/p>\n<p><strong>Jean-Fran\u00e7ois Eveno.<\/strong><\/p>\n","protected":false},"excerpt":{"rendered":"<p>L&rsquo;\u00e9quipe de Merdrignac, cat\u00e9gorie cadets emmen\u00e9 par le capitaine Fabien HEUZE termine 5\u00e8me apr\u00e8s les demies-finales et finale disput\u00e9es dans la r\u00e9gion briochine en ce mois de janvier 2014. Cette ann\u00e9e, 10 \u00e9quipes \u00e9taient engag\u00e9es dans cette comp\u00e9tition. Le podium: 1- RABELAIS ST-BRIEUC\u00a0 2- PAIMPOL 3- LANNION Jean-Fran\u00e7ois Eveno.<\/p>\n","protected":false},"author":43,"featured_media":0,"comment_status":"open","ping_status":"open","sticky":false,"template":"","format":"standard","meta":{"_jetpack_memberships_contains_paid_content":false,"footnotes":"","jetpack_publicize_message":"","jetpack_publicize_feature_enabled":true,"jetpack_social_post_already_shared":true,"jetpack_social_options":{"image_generator_settings":{"template":"highway","default_image_id":0,"font":"","enabled":false},"version":2}},"categories":[1],"tags":[15119,8521,6],"class_list":["post-997","post","type-post","status-publish","format-standard","hentry","category-non-classe","tag-finale","tag-futsal","tag-merdrignac"],"aioseo_notices":[],"jetpack_publicize_connections":[],"jetpack_featured_media_url":"","jetpack_shortlink":"https:\/\/wp.me\/p1SrOO-g5","jetpack_sharing_enabled":true,"_links":{"self":[{"href":"https:\/\/blogs.lyceecfadumene.fr\/tyanheol\/wp-json\/wp\/v2\/posts\/997","targetHints":{"allow":["GET"]}}],"collection":[{"href":"https:\/\/blogs.lyceecfadumene.fr\/tyanheol\/wp-json\/wp\/v2\/posts"}],"about":[{"href":"https:\/\/blogs.lyceecfadumene.fr\/tyanheol\/wp-json\/wp\/v2\/types\/post"}],"author":[{"embeddable":true,"href":"https:\/\/blogs.lyceecfadumene.fr\/tyanheol\/wp-json\/wp\/v2\/users\/43"}],"replies":[{"embeddable":true,"href":"https:\/\/blogs.lyceecfadumene.fr\/tyanheol\/wp-json\/wp\/v2\/comments?post=997"}],"version-history":[{"count":0,"href":"https:\/\/blogs.lyceecfadumene.fr\/tyanheol\/wp-json\/wp\/v2\/posts\/997\/revisions"}],"wp:attachment":[{"href":"https:\/\/blogs.lyceecfadumene.fr\/tyanheol\/wp-json\/wp\/v2\/media?parent=997"}],"wp:term":[{"taxonomy":"category","embeddable":true,"href":"https:\/\/blogs.lyceecfadumene.fr\/tyanheol\/wp-json\/wp\/v2\/categories?post=997"},{"taxonomy":"post_tag","embeddable":true,"href":"https:\/\/blogs.lyceecfadumene.fr\/tyanheol\/wp-json\/wp\/v2\/tags?post=997"}],"curies":[{"name":"wp","href":"https:\/\/api.w.org\/{rel}","templated":true}]}}