{"id":992,"date":"2014-01-22T16:05:06","date_gmt":"2014-01-22T14:05:06","guid":{"rendered":"http:\/\/blogs.lyceecfadumene.fr\/tyanheol\/?p=992"},"modified":"2014-01-22T16:05:49","modified_gmt":"2014-01-22T14:05:49","slug":"programme-unss-jusquaux-vacances-dhiver","status":"publish","type":"post","link":"https:\/\/blogs.lyceecfadumene.fr\/tyanheol\/2014\/01\/22\/programme-unss-jusquaux-vacances-dhiver\/","title":{"rendered":"Programme UNSS jusqu&rsquo;aux vacances d&rsquo;hiver."},"content":{"rendered":"<p><strong>Mercredi 22 janvier<\/strong>: championnat d\u00e9partemental du <strong>futsal<\/strong>, l&rsquo;\u00e9quipe des cadets masculins repr\u00e9sente le lyc\u00e9e en <strong>finale \u00e0 Ploufragan<\/strong> pour cette ann\u00e9e scolaire 2013-14.<\/p>\n<p><strong>Entra\u00eenements au lyc\u00e9e, les mercredis 29 janvier, 5, 12, 19 et 26 f\u00e9vrier.<\/strong><a href=\"https:\/\/i0.wp.com\/blogs.lyceecfadumene.fr\/tyanheol\/files\/2014\/01\/mousqueton.png?ssl=1\"><img data-recalc-dims=\"1\" loading=\"lazy\" decoding=\"async\" data-attachment-id=\"993\" data-permalink=\"https:\/\/blogs.lyceecfadumene.fr\/tyanheol\/2014\/01\/22\/programme-unss-jusquaux-vacances-dhiver\/mousqueton\/\" data-orig-file=\"https:\/\/i0.wp.com\/blogs.lyceecfadumene.fr\/tyanheol\/files\/2014\/01\/mousqueton.png?fit=620%2C285&amp;ssl=1\" data-orig-size=\"620,285\" data-comments-opened=\"1\" data-image-meta=\"{&quot;aperture&quot;:&quot;0&quot;,&quot;credit&quot;:&quot;&quot;,&quot;camera&quot;:&quot;&quot;,&quot;caption&quot;:&quot;&quot;,&quot;created_timestamp&quot;:&quot;0&quot;,&quot;copyright&quot;:&quot;&quot;,&quot;focal_length&quot;:&quot;0&quot;,&quot;iso&quot;:&quot;0&quot;,&quot;shutter_speed&quot;:&quot;0&quot;,&quot;title&quot;:&quot;&quot;}\" data-image-title=\"mousqueton\" data-image-description=\"\" data-image-caption=\"\" data-large-file=\"https:\/\/i0.wp.com\/blogs.lyceecfadumene.fr\/tyanheol\/files\/2014\/01\/mousqueton.png?fit=604%2C278&amp;ssl=1\" class=\" wp-image-993 alignright\" style=\"border: 1px solid black\" alt=\"mousqueton\" src=\"https:\/\/i0.wp.com\/blogs.lyceecfadumene.fr\/tyanheol\/files\/2014\/01\/mousqueton.png?resize=304%2C140&#038;ssl=1\" width=\"304\" height=\"140\" srcset=\"https:\/\/i0.wp.com\/blogs.lyceecfadumene.fr\/tyanheol\/files\/2014\/01\/mousqueton.png?w=620&amp;ssl=1 620w, https:\/\/i0.wp.com\/blogs.lyceecfadumene.fr\/tyanheol\/files\/2014\/01\/mousqueton.png?resize=300%2C137&amp;ssl=1 300w, https:\/\/i0.wp.com\/blogs.lyceecfadumene.fr\/tyanheol\/files\/2014\/01\/mousqueton.png?resize=500%2C229&amp;ssl=1 500w\" sizes=\"auto, (max-width: 304px) 100vw, 304px\" \/><\/a><\/p>\n<ul>\n<li><strong>13h20-15h00\u00a0<\/strong>: futsal \/ musculation (salle municipale)<\/li>\n<\/ul>\n<ul>\n<li><strong>15h15-16h20<\/strong> : escalade (pr\u00e9paration des championnats d\u00e9partementaux) \/ musculation au lyc\u00e9e.<\/li>\n<\/ul>\n<p><strong>Jean-Fran\u00e7ois EVENO.<\/strong><\/p>\n","protected":false},"excerpt":{"rendered":"<p>Mercredi 22 janvier: championnat d\u00e9partemental du futsal, l&rsquo;\u00e9quipe des cadets masculins repr\u00e9sente le lyc\u00e9e en finale \u00e0 Ploufragan pour cette ann\u00e9e scolaire 2013-14. Entra\u00eenements au lyc\u00e9e, les mercredis 29 janvier, 5, 12, 19 et 26 f\u00e9vrier. 13h20-15h00\u00a0: futsal \/ musculation (salle municipale) 15h15-16h20 : escalade (pr\u00e9paration des championnats d\u00e9partementaux) \/ musculation au lyc\u00e9e. Jean-Fran\u00e7ois EVENO.<\/p>\n","protected":false},"author":43,"featured_media":0,"comment_status":"open","ping_status":"open","sticky":false,"template":"","format":"standard","meta":{"_jetpack_memberships_contains_paid_content":false,"footnotes":"","jetpack_publicize_message":"","jetpack_publicize_feature_enabled":true,"jetpack_social_post_already_shared":true,"jetpack_social_options":{"image_generator_settings":{"template":"highway","default_image_id":0,"font":"","enabled":false},"version":2}},"categories":[15105],"tags":[15116,8521,8520],"class_list":["post-992","post","type-post","status-publish","format-standard","hentry","category-association-sportive","tag-escalade","tag-futsal","tag-unss"],"aioseo_notices":[],"jetpack_publicize_connections":[],"jetpack_featured_media_url":"","jetpack_shortlink":"https:\/\/wp.me\/p1SrOO-g0","jetpack_sharing_enabled":true,"_links":{"self":[{"href":"https:\/\/blogs.lyceecfadumene.fr\/tyanheol\/wp-json\/wp\/v2\/posts\/992","targetHints":{"allow":["GET"]}}],"collection":[{"href":"https:\/\/blogs.lyceecfadumene.fr\/tyanheol\/wp-json\/wp\/v2\/posts"}],"about":[{"href":"https:\/\/blogs.lyceecfadumene.fr\/tyanheol\/wp-json\/wp\/v2\/types\/post"}],"author":[{"embeddable":true,"href":"https:\/\/blogs.lyceecfadumene.fr\/tyanheol\/wp-json\/wp\/v2\/users\/43"}],"replies":[{"embeddable":true,"href":"https:\/\/blogs.lyceecfadumene.fr\/tyanheol\/wp-json\/wp\/v2\/comments?post=992"}],"version-history":[{"count":0,"href":"https:\/\/blogs.lyceecfadumene.fr\/tyanheol\/wp-json\/wp\/v2\/posts\/992\/revisions"}],"wp:attachment":[{"href":"https:\/\/blogs.lyceecfadumene.fr\/tyanheol\/wp-json\/wp\/v2\/media?parent=992"}],"wp:term":[{"taxonomy":"category","embeddable":true,"href":"https:\/\/blogs.lyceecfadumene.fr\/tyanheol\/wp-json\/wp\/v2\/categories?post=992"},{"taxonomy":"post_tag","embeddable":true,"href":"https:\/\/blogs.lyceecfadumene.fr\/tyanheol\/wp-json\/wp\/v2\/tags?post=992"}],"curies":[{"name":"wp","href":"https:\/\/api.w.org\/{rel}","templated":true}]}}