{"id":934,"date":"2013-12-18T18:58:45","date_gmt":"2013-12-18T16:58:45","guid":{"rendered":"http:\/\/blogs.lyceecfadumene.fr\/tyanheol\/?p=934"},"modified":"2013-12-18T18:58:45","modified_gmt":"2013-12-18T16:58:45","slug":"palmares-2013-2014","status":"publish","type":"post","link":"https:\/\/blogs.lyceecfadumene.fr\/tyanheol\/2013\/12\/18\/palmares-2013-2014\/","title":{"rendered":"Palmar\u00e8s 2013-2014"},"content":{"rendered":"<h1>Raid Sport Nature \u00ab\u00a0VTT\/course\/Kayak\u00a0\u00bb \u00e0 Tournemine, Pl\u00e9rin en baie de Saint-Brieuc.<\/h1>\n<p>Le lyc\u00e9e du Men\u00e9 y a engag\u00e9 trois \u00e9quipes le mercredi 2 octobre dernier. F\u00e9licitations aux participants et particuli\u00e8rement \u00e0 <strong>Fabien et Alexandre<\/strong> qui terminent <strong>6\u00e8me<\/strong> sur plus de 100 inscrits.<\/p>\n<figure id=\"attachment_935\" aria-describedby=\"caption-attachment-935\" style=\"width: 500px\" class=\"wp-caption alignnone\"><a href=\"https:\/\/i0.wp.com\/blogs.lyceecfadumene.fr\/tyanheol\/files\/2013\/12\/fabien_alexandre.jpg?ssl=1\"><img data-recalc-dims=\"1\" loading=\"lazy\" decoding=\"async\" data-attachment-id=\"935\" data-permalink=\"https:\/\/blogs.lyceecfadumene.fr\/tyanheol\/2013\/12\/18\/palmares-2013-2014\/fabien_alexandre\/\" data-orig-file=\"https:\/\/i0.wp.com\/blogs.lyceecfadumene.fr\/tyanheol\/files\/2013\/12\/fabien_alexandre.jpg?fit=500%2C375&amp;ssl=1\" data-orig-size=\"500,375\" data-comments-opened=\"1\" data-image-meta=\"{&quot;aperture&quot;:&quot;0&quot;,&quot;credit&quot;:&quot;&quot;,&quot;camera&quot;:&quot;&quot;,&quot;caption&quot;:&quot;&quot;,&quot;created_timestamp&quot;:&quot;0&quot;,&quot;copyright&quot;:&quot;&quot;,&quot;focal_length&quot;:&quot;0&quot;,&quot;iso&quot;:&quot;0&quot;,&quot;shutter_speed&quot;:&quot;0&quot;,&quot;title&quot;:&quot;&quot;}\" data-image-title=\"fabien_alexandre\" data-image-description=\"\" data-image-caption=\"\" data-large-file=\"https:\/\/i0.wp.com\/blogs.lyceecfadumene.fr\/tyanheol\/files\/2013\/12\/fabien_alexandre.jpg?fit=500%2C375&amp;ssl=1\" class=\"size-full wp-image-935\" style=\"border: 1px solid black;\" alt=\"fabien_alexandre\" src=\"https:\/\/i0.wp.com\/blogs.lyceecfadumene.fr\/tyanheol\/files\/2013\/12\/fabien_alexandre.jpg?resize=500%2C375&#038;ssl=1\" width=\"500\" height=\"375\" srcset=\"https:\/\/i0.wp.com\/blogs.lyceecfadumene.fr\/tyanheol\/files\/2013\/12\/fabien_alexandre.jpg?w=500&amp;ssl=1 500w, https:\/\/i0.wp.com\/blogs.lyceecfadumene.fr\/tyanheol\/files\/2013\/12\/fabien_alexandre.jpg?resize=300%2C225&amp;ssl=1 300w, https:\/\/i0.wp.com\/blogs.lyceecfadumene.fr\/tyanheol\/files\/2013\/12\/fabien_alexandre.jpg?resize=400%2C300&amp;ssl=1 400w\" sizes=\"auto, (max-width: 500px) 100vw, 500px\" \/><\/a><figcaption id=\"caption-attachment-935\" class=\"wp-caption-text\">Fabien et Alexandre<\/figcaption><\/figure>\n<h1>Futsal<\/h1>\n<p>Les cadets gar\u00e7ons remportent haut la main, les deux tournois amicaux d\u2019automne de Saint-Brieuc.<\/p>\n<h1>Cross<\/h1>\n<p>Alexandre se qualifie lors du cross d\u00e9partemental pour le cross acad\u00e9mique de Plouay dans le Morbihan, il sera class\u00e9 114\u00e8me au niveau Bretagne.<\/p>\n<p>Encore une belle performance pour nos couleurs !<\/p>\n<p><strong>Jean-Fran\u00e7ois.<\/strong><\/p>\n","protected":false},"excerpt":{"rendered":"<p>Raid Sport Nature \u00ab\u00a0VTT\/course\/Kayak\u00a0\u00bb \u00e0 Tournemine, Pl\u00e9rin en baie de Saint-Brieuc. Le lyc\u00e9e du Men\u00e9 y a engag\u00e9 trois \u00e9quipes le mercredi 2 octobre dernier. F\u00e9licitations aux participants et particuli\u00e8rement \u00e0 Fabien et Alexandre qui terminent 6\u00e8me sur plus de 100 inscrits. Futsal Les cadets gar\u00e7ons remportent haut la main, les deux tournois amicaux d\u2019automne &hellip; <a href=\"https:\/\/blogs.lyceecfadumene.fr\/tyanheol\/2013\/12\/18\/palmares-2013-2014\/\" class=\"more-link\">Continuer la lecture de <span class=\"screen-reader-text\">Palmar\u00e8s 2013-2014<\/span> <span class=\"meta-nav\">&rarr;<\/span><\/a><\/p>\n","protected":false},"author":1,"featured_media":0,"comment_status":"open","ping_status":"open","sticky":false,"template":"","format":"standard","meta":{"_jetpack_memberships_contains_paid_content":false,"footnotes":"","jetpack_publicize_message":"","jetpack_publicize_feature_enabled":true,"jetpack_social_post_already_shared":true,"jetpack_social_options":{"image_generator_settings":{"template":"highway","default_image_id":0,"font":"","enabled":false},"version":2}},"categories":[15105],"tags":[15107,15106],"class_list":["post-934","post","type-post","status-publish","format-standard","hentry","category-association-sportive","tag-as","tag-palamres"],"aioseo_notices":[],"jetpack_publicize_connections":[],"jetpack_featured_media_url":"","jetpack_shortlink":"https:\/\/wp.me\/p1SrOO-f4","jetpack_sharing_enabled":true,"_links":{"self":[{"href":"https:\/\/blogs.lyceecfadumene.fr\/tyanheol\/wp-json\/wp\/v2\/posts\/934","targetHints":{"allow":["GET"]}}],"collection":[{"href":"https:\/\/blogs.lyceecfadumene.fr\/tyanheol\/wp-json\/wp\/v2\/posts"}],"about":[{"href":"https:\/\/blogs.lyceecfadumene.fr\/tyanheol\/wp-json\/wp\/v2\/types\/post"}],"author":[{"embeddable":true,"href":"https:\/\/blogs.lyceecfadumene.fr\/tyanheol\/wp-json\/wp\/v2\/users\/1"}],"replies":[{"embeddable":true,"href":"https:\/\/blogs.lyceecfadumene.fr\/tyanheol\/wp-json\/wp\/v2\/comments?post=934"}],"version-history":[{"count":0,"href":"https:\/\/blogs.lyceecfadumene.fr\/tyanheol\/wp-json\/wp\/v2\/posts\/934\/revisions"}],"wp:attachment":[{"href":"https:\/\/blogs.lyceecfadumene.fr\/tyanheol\/wp-json\/wp\/v2\/media?parent=934"}],"wp:term":[{"taxonomy":"category","embeddable":true,"href":"https:\/\/blogs.lyceecfadumene.fr\/tyanheol\/wp-json\/wp\/v2\/categories?post=934"},{"taxonomy":"post_tag","embeddable":true,"href":"https:\/\/blogs.lyceecfadumene.fr\/tyanheol\/wp-json\/wp\/v2\/tags?post=934"}],"curies":[{"name":"wp","href":"https:\/\/api.w.org\/{rel}","templated":true}]}}