{"id":931,"date":"2013-12-13T18:23:54","date_gmt":"2013-12-13T16:23:54","guid":{"rendered":"http:\/\/blogs.lyceecfadumene.fr\/tyanheol\/?p=931"},"modified":"2013-12-13T18:58:34","modified_gmt":"2013-12-13T16:58:34","slug":"lactu-de-las","status":"publish","type":"post","link":"https:\/\/blogs.lyceecfadumene.fr\/tyanheol\/2013\/12\/13\/lactu-de-las\/","title":{"rendered":"L&rsquo;actu de l&rsquo;AS !"},"content":{"rendered":"<h1>Vie de l&rsquo;Association sportive du lyc\u00e9e :<\/h1>\n<ul>\n<li>Cr\u00e9ation d&rsquo;un logo, n&rsquo;h\u00e9sitez pas \u00e0 donner votre avis dans la boite \u00e0 id\u00e9e lors de votre passage au self ou <a href=\"https:\/\/blogs.lyceecfadumene.fr\/tyanheol\/la-boite-a-idee\/\">sur le blog<\/a> !<\/li>\n<\/ul>\n<ul>\n<li>R\u00e9sultats sportifs: le lyc\u00e9e du Men\u00e9e \u00e0 l&rsquo;honneur !<\/li>\n<\/ul>\n<p>Les<strong> cadets gar\u00e7ons \u00e0 remport\u00e9 de nouveau le tournoi de futsal UNSS 22<\/strong> le mercredi 4 d\u00e9cembre \u00e0 Saint-Brieuc, <strong>encore une victoire<\/strong> apr\u00e8s celle de septembre, de bon augure avant le championnat d\u00e9partemental de janvier.<\/p>\n<p>Alexandre Rigoll\u00e9 a disput\u00e9 mercredi 11 d\u00e9cembre 2013, le cross acad\u00e9mique \u00e0 Plouay, il a fi\u00e8rement repr\u00e9sent\u00e9 notre lyc\u00e9e.<\/p>\n<p><strong>Les derniers rendez-vous sportifs de d\u00e9cembre au lyc\u00e9e :<\/strong><\/p>\n<ul>\n<li>Mercredi 18 d\u00e9cembre: Entra\u00eenement de futsal de 13h20 \u00e0 15h00, venez rejoindre l&rsquo;\u00e9quipe masculine d\u00e9j\u00e0 en place !<\/li>\n<li>Une \u00e9quipe f\u00e9minine se met en place pour les championnats de janvier, venez compl\u00e9ter ses rangs d\u00e8s ce regroupement.<\/li>\n<\/ul>\n","protected":false},"excerpt":{"rendered":"<p>Vie de l&rsquo;Association sportive du lyc\u00e9e : Cr\u00e9ation d&rsquo;un logo, n&rsquo;h\u00e9sitez pas \u00e0 donner votre avis dans la boite \u00e0 id\u00e9e lors de votre passage au self ou sur le blog ! R\u00e9sultats sportifs: le lyc\u00e9e du Men\u00e9e \u00e0 l&rsquo;honneur ! Les cadets gar\u00e7ons \u00e0 remport\u00e9 de nouveau le tournoi de futsal UNSS 22 le &hellip; <a href=\"https:\/\/blogs.lyceecfadumene.fr\/tyanheol\/2013\/12\/13\/lactu-de-las\/\" class=\"more-link\">Continuer la lecture de <span class=\"screen-reader-text\">L&rsquo;actu de l&rsquo;AS !<\/span> <span class=\"meta-nav\">&rarr;<\/span><\/a><\/p>\n","protected":false},"author":1,"featured_media":0,"comment_status":"open","ping_status":"open","sticky":false,"template":"","format":"standard","meta":{"_jetpack_memberships_contains_paid_content":false,"footnotes":"","jetpack_publicize_message":"","jetpack_publicize_feature_enabled":true,"jetpack_social_post_already_shared":true,"jetpack_social_options":{"image_generator_settings":{"template":"highway","default_image_id":0,"font":"","enabled":false},"version":2}},"categories":[15105],"tags":[],"class_list":["post-931","post","type-post","status-publish","format-standard","hentry","category-association-sportive"],"aioseo_notices":[],"jetpack_publicize_connections":[],"jetpack_featured_media_url":"","jetpack_shortlink":"https:\/\/wp.me\/p1SrOO-f1","jetpack_sharing_enabled":true,"_links":{"self":[{"href":"https:\/\/blogs.lyceecfadumene.fr\/tyanheol\/wp-json\/wp\/v2\/posts\/931","targetHints":{"allow":["GET"]}}],"collection":[{"href":"https:\/\/blogs.lyceecfadumene.fr\/tyanheol\/wp-json\/wp\/v2\/posts"}],"about":[{"href":"https:\/\/blogs.lyceecfadumene.fr\/tyanheol\/wp-json\/wp\/v2\/types\/post"}],"author":[{"embeddable":true,"href":"https:\/\/blogs.lyceecfadumene.fr\/tyanheol\/wp-json\/wp\/v2\/users\/1"}],"replies":[{"embeddable":true,"href":"https:\/\/blogs.lyceecfadumene.fr\/tyanheol\/wp-json\/wp\/v2\/comments?post=931"}],"version-history":[{"count":0,"href":"https:\/\/blogs.lyceecfadumene.fr\/tyanheol\/wp-json\/wp\/v2\/posts\/931\/revisions"}],"wp:attachment":[{"href":"https:\/\/blogs.lyceecfadumene.fr\/tyanheol\/wp-json\/wp\/v2\/media?parent=931"}],"wp:term":[{"taxonomy":"category","embeddable":true,"href":"https:\/\/blogs.lyceecfadumene.fr\/tyanheol\/wp-json\/wp\/v2\/categories?post=931"},{"taxonomy":"post_tag","embeddable":true,"href":"https:\/\/blogs.lyceecfadumene.fr\/tyanheol\/wp-json\/wp\/v2\/tags?post=931"}],"curies":[{"name":"wp","href":"https:\/\/api.w.org\/{rel}","templated":true}]}}