{"id":929,"date":"2013-12-13T18:06:41","date_gmt":"2013-12-13T16:06:41","guid":{"rendered":"http:\/\/blogs.lyceecfadumene.fr\/tyanheol\/?p=929"},"modified":"2013-12-13T18:06:41","modified_gmt":"2013-12-13T16:06:41","slug":"soiree-de-noel","status":"publish","type":"post","link":"https:\/\/blogs.lyceecfadumene.fr\/tyanheol\/2013\/12\/13\/soiree-de-noel\/","title":{"rendered":"Soir\u00e9e de No\u00ebl"},"content":{"rendered":"<h1>Jeudi 19 d\u00e9cembre 2013 :<\/h1>\n<p><strong>16 H 10 &#8211; 17 H 00 :<\/strong> Go\u00fbter de No\u00ebl servi aux \u00e9l\u00e8ves, apprentis, \u00e9tudiants et personnels, au foyer des \u00e9l\u00e8ves.<\/p>\n<p><strong>16 H 30 &#8211; 17 H 30 :<\/strong> Les \u00e9l\u00e8ves internes se pr\u00e9parent.<\/p>\n<p><strong>17 h 30 &#8211; 17 h 50 :<\/strong> APPEL des \u00e9l\u00e8ves avant de partir pour la salle des f\u00eates.<\/p>\n<p><strong>18 h 00 &#8211; 19 h 15 :<\/strong> Spectacle.<\/p>\n<p><strong>19 h 30 &#8211; 21 h 00 :<\/strong> D\u00eener de No\u00ebl.<\/p>\n<p><strong>20 h 00 &#8211; Minuit :<\/strong> Soir\u00e9e dansante.<\/p>\n<p><strong>Vendredi matin :<\/strong> 8 h 00 Petit d\u00e9jeuner.<\/p>\n<p><strong>9 h 00 D\u00e9but des cours.<\/strong><\/p>\n","protected":false},"excerpt":{"rendered":"<p>Jeudi 19 d\u00e9cembre 2013 : 16 H 10 &#8211; 17 H 00 : Go\u00fbter de No\u00ebl servi aux \u00e9l\u00e8ves, apprentis, \u00e9tudiants et personnels, au foyer des \u00e9l\u00e8ves. 16 H 30 &#8211; 17 H 30 : Les \u00e9l\u00e8ves internes se pr\u00e9parent. 17 h 30 &#8211; 17 h 50 : APPEL des \u00e9l\u00e8ves avant de partir pour &hellip; <a href=\"https:\/\/blogs.lyceecfadumene.fr\/tyanheol\/2013\/12\/13\/soiree-de-noel\/\" class=\"more-link\">Continuer la lecture de <span class=\"screen-reader-text\">Soir\u00e9e de No\u00ebl<\/span> <span class=\"meta-nav\">&rarr;<\/span><\/a><\/p>\n","protected":false},"author":1,"featured_media":0,"comment_status":"open","ping_status":"open","sticky":false,"template":"","format":"standard","meta":{"_jetpack_memberships_contains_paid_content":false,"footnotes":"","jetpack_publicize_message":"","jetpack_publicize_feature_enabled":true,"jetpack_social_post_already_shared":true,"jetpack_social_options":{"image_generator_settings":{"template":"highway","default_image_id":0,"font":"","enabled":false},"version":2}},"categories":[1],"tags":[43],"class_list":["post-929","post","type-post","status-publish","format-standard","hentry","category-non-classe","tag-soiree-de-noel"],"aioseo_notices":[],"jetpack_publicize_connections":[],"jetpack_featured_media_url":"","jetpack_shortlink":"https:\/\/wp.me\/p1SrOO-eZ","jetpack_sharing_enabled":true,"_links":{"self":[{"href":"https:\/\/blogs.lyceecfadumene.fr\/tyanheol\/wp-json\/wp\/v2\/posts\/929","targetHints":{"allow":["GET"]}}],"collection":[{"href":"https:\/\/blogs.lyceecfadumene.fr\/tyanheol\/wp-json\/wp\/v2\/posts"}],"about":[{"href":"https:\/\/blogs.lyceecfadumene.fr\/tyanheol\/wp-json\/wp\/v2\/types\/post"}],"author":[{"embeddable":true,"href":"https:\/\/blogs.lyceecfadumene.fr\/tyanheol\/wp-json\/wp\/v2\/users\/1"}],"replies":[{"embeddable":true,"href":"https:\/\/blogs.lyceecfadumene.fr\/tyanheol\/wp-json\/wp\/v2\/comments?post=929"}],"version-history":[{"count":0,"href":"https:\/\/blogs.lyceecfadumene.fr\/tyanheol\/wp-json\/wp\/v2\/posts\/929\/revisions"}],"wp:attachment":[{"href":"https:\/\/blogs.lyceecfadumene.fr\/tyanheol\/wp-json\/wp\/v2\/media?parent=929"}],"wp:term":[{"taxonomy":"category","embeddable":true,"href":"https:\/\/blogs.lyceecfadumene.fr\/tyanheol\/wp-json\/wp\/v2\/categories?post=929"},{"taxonomy":"post_tag","embeddable":true,"href":"https:\/\/blogs.lyceecfadumene.fr\/tyanheol\/wp-json\/wp\/v2\/tags?post=929"}],"curies":[{"name":"wp","href":"https:\/\/api.w.org\/{rel}","templated":true}]}}