{"id":656,"date":"2012-04-23T20:59:51","date_gmt":"2012-04-23T18:59:51","guid":{"rendered":"http:\/\/blogs.lyceecfadumene.fr\/bacproap\/?p=164"},"modified":"2012-04-23T20:59:51","modified_gmt":"2012-04-23T18:59:51","slug":"une-journee-en-belgique","status":"publish","type":"post","link":"https:\/\/blogs.lyceecfadumene.fr\/tyanheol\/2012\/04\/23\/une-journee-en-belgique\/","title":{"rendered":"Une journ\u00e9e en Belgique"},"content":{"rendered":"<p>Apr\u00e8s un d\u00e9part \u00e0 7h30, nous sommes arriv\u00e9s en Belgique \u00e0 11h30 pour d\u00e9couvrir Bruxelles.<\/p>\n<p>Nous avons eu un petit moment pour nous promener et y d\u00e9couvrir les saveurs du pays =D<\/p>\n<p><a href=\"https:\/\/i0.wp.com\/blogs.lyceecfadumene.fr\/tyanheol\/files\/2012\/04\/DSCN9112.jpg?ssl=1\"><img data-recalc-dims=\"1\" loading=\"lazy\" decoding=\"async\" data-attachment-id=\"165\" data-permalink=\"https:\/\/blogs.lyceecfadumene.fr\/tyanheol\/2012\/04\/23\/une-journee-en-belgique\/dscn9112\/\" data-orig-file=\"https:\/\/i0.wp.com\/blogs.lyceecfadumene.fr\/tyanheol\/files\/2012\/04\/DSCN9112.jpg?fit=3648%2C2736&amp;ssl=1\" data-orig-size=\"3648,2736\" data-comments-opened=\"1\" data-image-meta=\"{&quot;aperture&quot;:&quot;3.9&quot;,&quot;credit&quot;:&quot;&quot;,&quot;camera&quot;:&quot;COOLPIX S220&quot;,&quot;caption&quot;:&quot;&quot;,&quot;created_timestamp&quot;:&quot;-62169984000&quot;,&quot;copyright&quot;:&quot;&quot;,&quot;focal_length&quot;:&quot;9.3&quot;,&quot;iso&quot;:&quot;80&quot;,&quot;shutter_speed&quot;:&quot;0.0151057401813&quot;,&quot;title&quot;:&quot;&quot;}\" data-image-title=\"DSCN9112\" data-image-description=\"\" data-image-caption=\"\" data-large-file=\"https:\/\/i0.wp.com\/blogs.lyceecfadumene.fr\/tyanheol\/files\/2012\/04\/DSCN9112.jpg?fit=604%2C453&amp;ssl=1\" class=\"aligncenter size-medium wp-image-165\" src=\"https:\/\/i0.wp.com\/blogs.lyceecfadumene.fr\/tyanheol\/files\/2012\/04\/DSCN9112-300x225.jpg?resize=300%2C225&#038;ssl=1\" alt=\"\" width=\"300\" height=\"225\" srcset=\"https:\/\/i0.wp.com\/blogs.lyceecfadumene.fr\/tyanheol\/files\/2012\/04\/DSCN9112.jpg?resize=300%2C225&amp;ssl=1 300w, https:\/\/i0.wp.com\/blogs.lyceecfadumene.fr\/tyanheol\/files\/2012\/04\/DSCN9112.jpg?resize=1024%2C768&amp;ssl=1 1024w, https:\/\/i0.wp.com\/blogs.lyceecfadumene.fr\/tyanheol\/files\/2012\/04\/DSCN9112.jpg?resize=600%2C450&amp;ssl=1 600w, https:\/\/i0.wp.com\/blogs.lyceecfadumene.fr\/tyanheol\/files\/2012\/04\/DSCN9112.jpg?resize=400%2C300&amp;ssl=1 400w, https:\/\/i0.wp.com\/blogs.lyceecfadumene.fr\/tyanheol\/files\/2012\/04\/DSCN9112.jpg?w=1208 1208w, https:\/\/i0.wp.com\/blogs.lyceecfadumene.fr\/tyanheol\/files\/2012\/04\/DSCN9112.jpg?w=1812 1812w\" sizes=\"auto, (max-width: 300px) 100vw, 300px\" \/><\/a><!--more-->L\u00e9gende: le groupe devant la bourse de Bruxelles.<\/p>\n<p>Bruxelles a un centre ville historique int\u00e9ressant. Autour d&rsquo;une place carr\u00e9e de nombreux b\u00e2timents attestent\u00a0 de la richesse de la ville.<\/p>\n<p>Puis apr\u00e8s cette petite ballade, nous avons visit\u00e9 une brasserie traditionnelle Bruxelloise \u00ab\u00a0Cantillon\u00a0\u00bbqui existe depuis 1900, dont la bi\u00e8re principale est la Gueuze . Nous avons eu la chance d&rsquo;avoir une d\u00e9gustation, puis nous avons rejoint l&rsquo;auberge de jeunesse Vincent Van Gogh.<\/p>\n<p><a href=\"https:\/\/i0.wp.com\/blogs.lyceecfadumene.fr\/tyanheol\/files\/2012\/04\/SAM_0136.jpg?ssl=1\"><img data-recalc-dims=\"1\" loading=\"lazy\" decoding=\"async\" data-attachment-id=\"167\" data-permalink=\"https:\/\/blogs.lyceecfadumene.fr\/tyanheol\/2012\/04\/23\/une-journee-en-belgique\/sam_0136\/\" data-orig-file=\"https:\/\/i0.wp.com\/blogs.lyceecfadumene.fr\/tyanheol\/files\/2012\/04\/SAM_0136.jpg?fit=4000%2C3000&amp;ssl=1\" data-orig-size=\"4000,3000\" data-comments-opened=\"1\" data-image-meta=\"{&quot;aperture&quot;:&quot;3.9&quot;,&quot;credit&quot;:&quot;&quot;,&quot;camera&quot;:&quot;SAMSUNG PL100 \/ SAMSUNG TL205 \/ VLUU PL100 \/ SAMSUNG PL101&quot;,&quot;caption&quot;:&quot;&quot;,&quot;created_timestamp&quot;:&quot;1303666421&quot;,&quot;copyright&quot;:&quot;COPYRIGHT, 2009&quot;,&quot;focal_length&quot;:&quot;9.9&quot;,&quot;iso&quot;:&quot;80&quot;,&quot;shutter_speed&quot;:&quot;0.0166666666667&quot;,&quot;title&quot;:&quot;&quot;}\" data-image-title=\"SAM_0136\" data-image-description=\"\" data-image-caption=\"\" data-large-file=\"https:\/\/i0.wp.com\/blogs.lyceecfadumene.fr\/tyanheol\/files\/2012\/04\/SAM_0136.jpg?fit=604%2C453&amp;ssl=1\" class=\"aligncenter size-medium wp-image-167\" src=\"https:\/\/i0.wp.com\/blogs.lyceecfadumene.fr\/tyanheol\/files\/2012\/04\/SAM_0136-300x225.jpg?resize=300%2C225&#038;ssl=1\" alt=\"\" width=\"300\" height=\"225\" srcset=\"https:\/\/i0.wp.com\/blogs.lyceecfadumene.fr\/tyanheol\/files\/2012\/04\/SAM_0136.jpg?resize=300%2C225&amp;ssl=1 300w, https:\/\/i0.wp.com\/blogs.lyceecfadumene.fr\/tyanheol\/files\/2012\/04\/SAM_0136.jpg?resize=1024%2C768&amp;ssl=1 1024w, https:\/\/i0.wp.com\/blogs.lyceecfadumene.fr\/tyanheol\/files\/2012\/04\/SAM_0136.jpg?resize=600%2C450&amp;ssl=1 600w, https:\/\/i0.wp.com\/blogs.lyceecfadumene.fr\/tyanheol\/files\/2012\/04\/SAM_0136.jpg?resize=400%2C300&amp;ssl=1 400w, https:\/\/i0.wp.com\/blogs.lyceecfadumene.fr\/tyanheol\/files\/2012\/04\/SAM_0136.jpg?w=1208 1208w, https:\/\/i0.wp.com\/blogs.lyceecfadumene.fr\/tyanheol\/files\/2012\/04\/SAM_0136.jpg?w=1812 1812w\" sizes=\"auto, (max-width: 300px) 100vw, 300px\" \/><\/a><br \/>\nDemain nous visiterons le mus\u00e9e de la bande dessin\u00e9e<\/p>\n<p>&nbsp;<\/p>\n","protected":false},"excerpt":{"rendered":"<p>Apr\u00e8s un d\u00e9part \u00e0 7h30, nous sommes arriv\u00e9s en Belgique \u00e0 11h30 pour d\u00e9couvrir Bruxelles. Nous avons eu un petit moment pour nous promener et y d\u00e9couvrir les saveurs du pays =D<\/p>\n","protected":false},"author":43,"featured_media":0,"comment_status":"open","ping_status":"open","sticky":false,"template":"","format":"standard","meta":{"_jetpack_memberships_contains_paid_content":false,"footnotes":"","jetpack_publicize_message":"","jetpack_publicize_feature_enabled":true,"jetpack_social_post_already_shared":true,"jetpack_social_options":{"image_generator_settings":{"template":"highway","default_image_id":0,"font":"","enabled":false},"version":2}},"categories":[80],"tags":[],"class_list":["post-656","post","type-post","status-publish","format-standard","hentry","category-belgique"],"aioseo_notices":[],"jetpack_publicize_connections":[],"jetpack_featured_media_url":"","jetpack_shortlink":"https:\/\/wp.me\/p1SrOO-aA","jetpack_sharing_enabled":true,"_links":{"self":[{"href":"https:\/\/blogs.lyceecfadumene.fr\/tyanheol\/wp-json\/wp\/v2\/posts\/656","targetHints":{"allow":["GET"]}}],"collection":[{"href":"https:\/\/blogs.lyceecfadumene.fr\/tyanheol\/wp-json\/wp\/v2\/posts"}],"about":[{"href":"https:\/\/blogs.lyceecfadumene.fr\/tyanheol\/wp-json\/wp\/v2\/types\/post"}],"author":[{"embeddable":true,"href":"https:\/\/blogs.lyceecfadumene.fr\/tyanheol\/wp-json\/wp\/v2\/users\/43"}],"replies":[{"embeddable":true,"href":"https:\/\/blogs.lyceecfadumene.fr\/tyanheol\/wp-json\/wp\/v2\/comments?post=656"}],"version-history":[{"count":0,"href":"https:\/\/blogs.lyceecfadumene.fr\/tyanheol\/wp-json\/wp\/v2\/posts\/656\/revisions"}],"wp:attachment":[{"href":"https:\/\/blogs.lyceecfadumene.fr\/tyanheol\/wp-json\/wp\/v2\/media?parent=656"}],"wp:term":[{"taxonomy":"category","embeddable":true,"href":"https:\/\/blogs.lyceecfadumene.fr\/tyanheol\/wp-json\/wp\/v2\/categories?post=656"},{"taxonomy":"post_tag","embeddable":true,"href":"https:\/\/blogs.lyceecfadumene.fr\/tyanheol\/wp-json\/wp\/v2\/tags?post=656"}],"curies":[{"name":"wp","href":"https:\/\/api.w.org\/{rel}","templated":true}]}}