{"id":645,"date":"2010-01-21T18:30:37","date_gmt":"2010-01-21T17:30:37","guid":{"rendered":"http:\/\/blogs.lyceecfadumene.fr\/tunisie2010\/?p=151"},"modified":"2010-01-21T18:30:37","modified_gmt":"2010-01-21T17:30:37","slug":"lislam","status":"publish","type":"post","link":"https:\/\/blogs.lyceecfadumene.fr\/tyanheol\/2010\/01\/21\/lislam\/","title":{"rendered":"L&rsquo;Islam:"},"content":{"rendered":"<p><strong>L&rsquo;islam est compos\u00e9 de 5 piliers:<\/strong><\/p>\n<ul>\n<li><strong>En premier lieu il y a la profession de foi.<\/strong><\/li>\n<li><strong>Ensuite, les 5 pri\u00e8res par jour dont la premi\u00e8re qui est avant le lev\u00e9 du soleil et la derni\u00e8re apr\u00e8s le coucher du soleil. Les pri\u00e8res ce font une heure maximum apr\u00e8s l&rsquo;appel du Muezzin. Avant chaque pri\u00e8re le musulman fait l&rsquo;ablution( lavage des mains, des pieds, du visage et des cheveux.<\/strong><\/li>\n<li><strong>Puis il y a le ramadan qui dure 40 jours, pendant cette p\u00e9riode les croyants ne peuvent manger et boire qu&rsquo;avant le lever du soleil ou apr\u00e8s le coucher du soleil. Cette pratique ne s&rsquo;applique ni pour les femmes enceintes, les personnes malades et les personnes qui font beaucoup de route (pour le travail&#8230;)<\/strong><\/li>\n<li><strong>Ensuit l&rsquo;aum\u00f4ne l\u00e9gale qui est un don fait par les plus riches pour les pauvres (10% de leur revenus.)<\/strong><\/li>\n<li><strong>Et pour finir le pelerinage a la Mecque qui n&rsquo;est pas obligatoire car c&rsquo;est un voyage couteux et qui n&rsquo;est pas \u00e0 la port\u00e9 de tout le monde.<\/strong><\/li>\n<\/ul>\n<p><strong>\u00a0<\/strong><\/p>\n<p><strong>Il faut savoir que les musulmans croit en Dieu qui est \u00ab\u00a0Allah\u00a0\u00bb, qu&rsquo;ils croient en les messagers de Dieu et aux anges. Le coran est compos\u00e9 de 114 versets.<\/strong><\/p>\n","protected":false},"excerpt":{"rendered":"<p>L&rsquo;islam est compos\u00e9 de 5 piliers: En premier lieu il y a la profession de foi. Ensuite, les 5 pri\u00e8res par jour dont la premi\u00e8re qui est avant le lev\u00e9 du soleil et la derni\u00e8re apr\u00e8s le coucher du soleil. Les pri\u00e8res ce font une heure maximum apr\u00e8s l&rsquo;appel du Muezzin. Avant chaque pri\u00e8re le &hellip; <a href=\"https:\/\/blogs.lyceecfadumene.fr\/tyanheol\/2010\/01\/21\/lislam\/\" class=\"more-link\">Continuer la lecture de <span class=\"screen-reader-text\">L&rsquo;Islam:<\/span> <span class=\"meta-nav\">&rarr;<\/span><\/a><\/p>\n","protected":false},"author":1,"featured_media":0,"comment_status":"open","ping_status":"open","sticky":false,"template":"","format":"standard","meta":{"_jetpack_memberships_contains_paid_content":false,"footnotes":"","jetpack_publicize_message":"","jetpack_publicize_feature_enabled":true,"jetpack_social_post_already_shared":true,"jetpack_social_options":{"image_generator_settings":{"template":"highway","default_image_id":0,"font":"","enabled":false},"version":2}},"categories":[60,104],"tags":[68],"class_list":["post-645","post","type-post","status-publish","format-standard","hentry","category-visites","category-voyage","tag-tunisie"],"aioseo_notices":[],"jetpack_publicize_connections":[],"jetpack_featured_media_url":"","jetpack_shortlink":"https:\/\/wp.me\/s1SrOO-lislam","jetpack_sharing_enabled":true,"_links":{"self":[{"href":"https:\/\/blogs.lyceecfadumene.fr\/tyanheol\/wp-json\/wp\/v2\/posts\/645","targetHints":{"allow":["GET"]}}],"collection":[{"href":"https:\/\/blogs.lyceecfadumene.fr\/tyanheol\/wp-json\/wp\/v2\/posts"}],"about":[{"href":"https:\/\/blogs.lyceecfadumene.fr\/tyanheol\/wp-json\/wp\/v2\/types\/post"}],"author":[{"embeddable":true,"href":"https:\/\/blogs.lyceecfadumene.fr\/tyanheol\/wp-json\/wp\/v2\/users\/1"}],"replies":[{"embeddable":true,"href":"https:\/\/blogs.lyceecfadumene.fr\/tyanheol\/wp-json\/wp\/v2\/comments?post=645"}],"version-history":[{"count":0,"href":"https:\/\/blogs.lyceecfadumene.fr\/tyanheol\/wp-json\/wp\/v2\/posts\/645\/revisions"}],"wp:attachment":[{"href":"https:\/\/blogs.lyceecfadumene.fr\/tyanheol\/wp-json\/wp\/v2\/media?parent=645"}],"wp:term":[{"taxonomy":"category","embeddable":true,"href":"https:\/\/blogs.lyceecfadumene.fr\/tyanheol\/wp-json\/wp\/v2\/categories?post=645"},{"taxonomy":"post_tag","embeddable":true,"href":"https:\/\/blogs.lyceecfadumene.fr\/tyanheol\/wp-json\/wp\/v2\/tags?post=645"}],"curies":[{"name":"wp","href":"https:\/\/api.w.org\/{rel}","templated":true}]}}