{"id":641,"date":"2008-03-21T13:56:47","date_gmt":"2008-03-21T11:56:47","guid":{"rendered":"http:\/\/blogs.lyceecfadumene.fr\/bacproap\/?p=135"},"modified":"2008-03-21T13:56:47","modified_gmt":"2008-03-21T11:56:47","slug":"jeudi-20-mars-et-vendredi-21-mars-2008","status":"publish","type":"post","link":"https:\/\/blogs.lyceecfadumene.fr\/tyanheol\/2008\/03\/21\/jeudi-20-mars-et-vendredi-21-mars-2008\/","title":{"rendered":"Jeudi 20 mars et vendredi 21 mars 2008"},"content":{"rendered":"<p>Apr\u00e8s avoir pass\u00e9 la derni\u00e8re nuit en auberge de jeunesse, et une fois les valises charg\u00e9es dans les soutes du car, nous sommes all\u00e9s explorer un des plus grands zoo d&rsquo;Europe : celui de Berlin.<\/p>\n<p>Nous avions 3h pour parcourir l&rsquo;int\u00e9gralit\u00e9 du zoo (il faut au moins \u00e7a &#8230;). En plus, le beau temps \u00e9tait pr\u00e9sent.<br \/>\nNous avons pu observer beaucoup d&rsquo;animaux, parfois insolite comme certains mammif\u00e8res marins, insectes ou rongeurs &#8230;<\/p>\n<p>Vers 13h, Jojo est venu nous chercher. Direction Li\u00e8ge o\u00f9&nbsp;nous attendait&nbsp;Xavier (le deuxi\u00e8me chauffeur).<br \/>\nLes jeux de cartes, les baladeurs ou MP3, les livres \u00e9taient de sortis. Il faut dire qu&rsquo;il y a environ 850kms entre Berlin et Li\u00e8ge.<br \/>\nNous nous sommes arr\u00eat\u00e9s sur une aire d&rsquo;autoroute pour diner o\u00f9 nous avons mang\u00e9 une grande saucisse accompagn\u00e9e de frites :&nbsp;un r\u00e9gal. Nous avons aussi pris le petit-d\u00e9jeuner sur une autre&nbsp;aire d&rsquo;autoroute.<\/p>\n<p>Enfin vers 13h, le car rentre dans Merdrignac. Chacun a pu prendre ses affaires et rentrer bien gentiment chez lui. Ceci termine notre p\u00e9riple \u00ab\u00a0De la trag\u00e9die \u00e0 l&rsquo;espoir\u00a0\u00bb.<\/p>\n<p>Pour conclure, nous voudrions remercier plusieurs personnes :<br \/>\n&#8211; Mme Urien d&rsquo;avoir pu organiser ce s\u00e9jour,<br \/>\n&#8211; Tout les accompagnateurs :&nbsp;Mr Debarle, Mr Durand, Mme Urvoy, Mme Urien<br \/>\n&#8211; Le chauffeur Jo\u00ebl pour nous avoir amen\u00e9 \u00e0 bon port pendant ce s\u00e9jour,<br \/>\n&#8211;&nbsp;L&rsquo;ensemble de l&rsquo;administration du Lyc\u00e9e du Men\u00e9 qui nous a&nbsp;permis de pouvoir r\u00e9aliser&nbsp;ce blog&nbsp;en nous pr\u00e9tant un ordinateur portable ainsi qu&rsquo;un appareil photo num\u00e9rique.<\/p>\n<p><a href=\"https:\/\/i0.wp.com\/blogs.lyceecfadumene.fr\/tyanheol\/files\/2012\/02\/Photo-Ma-va-421.jpg?ssl=1\"><img data-recalc-dims=\"1\" loading=\"lazy\" decoding=\"async\" data-attachment-id=\"136\" data-permalink=\"https:\/\/blogs.lyceecfadumene.fr\/tyanheol\/2008\/03\/21\/jeudi-20-mars-et-vendredi-21-mars-2008\/photo-ma-va-421\/\" data-orig-file=\"https:\/\/i0.wp.com\/blogs.lyceecfadumene.fr\/tyanheol\/files\/2012\/02\/Photo-Ma-va-421.jpg?fit=299%2C225&amp;ssl=1\" data-orig-size=\"299,225\" data-comments-opened=\"1\" data-image-meta=\"{&quot;aperture&quot;:&quot;4.5&quot;,&quot;credit&quot;:&quot;&quot;,&quot;camera&quot;:&quot;KODAK EASYSHARE C315 DIGITAL CAMERA&quot;,&quot;caption&quot;:&quot;&quot;,&quot;created_timestamp&quot;:&quot;1105446303&quot;,&quot;copyright&quot;:&quot;&quot;,&quot;focal_length&quot;:&quot;6&quot;,&quot;iso&quot;:&quot;100&quot;,&quot;shutter_speed&quot;:&quot;0.002017&quot;,&quot;title&quot;:&quot;&quot;}\" data-image-title=\"Photo-Ma-va-421\" data-image-description=\"\" data-image-caption=\"\" data-large-file=\"https:\/\/i0.wp.com\/blogs.lyceecfadumene.fr\/tyanheol\/files\/2012\/02\/Photo-Ma-va-421.jpg?fit=299%2C225&amp;ssl=1\" class=\"alignnone size-full wp-image-136\" src=\"https:\/\/i0.wp.com\/blogs.lyceecfadumene.fr\/tyanheol\/files\/2012\/02\/Photo-Ma-va-421.jpg?resize=299%2C225&#038;ssl=1\" alt=\"\" width=\"299\" height=\"225\" \/><\/a>&nbsp;&nbsp; <a href=\"https:\/\/i0.wp.com\/blogs.lyceecfadumene.fr\/tyanheol\/files\/2012\/02\/Photo-Ma-va-458.jpg?ssl=1\"><img data-recalc-dims=\"1\" loading=\"lazy\" decoding=\"async\" data-attachment-id=\"137\" data-permalink=\"https:\/\/blogs.lyceecfadumene.fr\/tyanheol\/2008\/03\/21\/jeudi-20-mars-et-vendredi-21-mars-2008\/photo-ma-va-458\/\" data-orig-file=\"https:\/\/i0.wp.com\/blogs.lyceecfadumene.fr\/tyanheol\/files\/2012\/02\/Photo-Ma-va-458.jpg?fit=299%2C225&amp;ssl=1\" data-orig-size=\"299,225\" data-comments-opened=\"1\" data-image-meta=\"{&quot;aperture&quot;:&quot;4.5&quot;,&quot;credit&quot;:&quot;&quot;,&quot;camera&quot;:&quot;KODAK EASYSHARE C315 DIGITAL CAMERA&quot;,&quot;caption&quot;:&quot;&quot;,&quot;created_timestamp&quot;:&quot;1104582549&quot;,&quot;copyright&quot;:&quot;&quot;,&quot;focal_length&quot;:&quot;6&quot;,&quot;iso&quot;:&quot;100&quot;,&quot;shutter_speed&quot;:&quot;0.010754&quot;,&quot;title&quot;:&quot;&quot;}\" data-image-title=\"Photo-Ma-va-458\" data-image-description=\"\" data-image-caption=\"\" data-large-file=\"https:\/\/i0.wp.com\/blogs.lyceecfadumene.fr\/tyanheol\/files\/2012\/02\/Photo-Ma-va-458.jpg?fit=299%2C225&amp;ssl=1\" class=\"alignnone size-full wp-image-137\" src=\"https:\/\/i0.wp.com\/blogs.lyceecfadumene.fr\/tyanheol\/files\/2012\/02\/Photo-Ma-va-458.jpg?resize=299%2C225&#038;ssl=1\" alt=\"\" width=\"299\" height=\"225\" \/><\/a><\/p>\n<p><a href=\"https:\/\/i0.wp.com\/blogs.lyceecfadumene.fr\/tyanheol\/files\/2012\/02\/Photo-Ma-va-463.jpg?ssl=1\"><img data-recalc-dims=\"1\" loading=\"lazy\" decoding=\"async\" data-attachment-id=\"138\" data-permalink=\"https:\/\/blogs.lyceecfadumene.fr\/tyanheol\/2010\/01\/21\/les-palmiers\/palmier\/\" data-orig-file=\"https:\/\/i0.wp.com\/blogs.lyceecfadumene.fr\/tyanheol\/files\/2010\/02\/palmier.jpg?fit=1536%2C2048&amp;ssl=1\" data-orig-size=\"1536,2048\" data-comments-opened=\"1\" data-image-meta=\"{&quot;aperture&quot;:&quot;5.8&quot;,&quot;credit&quot;:&quot;&quot;,&quot;camera&quot;:&quot;SAMSUNG ES17 \/ VLUU ES17 \/ SAMSUNG SL40 \/ SAMSUNG ES19&quot;,&quot;caption&quot;:&quot;&quot;,&quot;created_timestamp&quot;:&quot;1264689564&quot;,&quot;copyright&quot;:&quot;COPYRIGHT, 2009&quot;,&quot;focal_length&quot;:&quot;18.9&quot;,&quot;iso&quot;:&quot;100&quot;,&quot;shutter_speed&quot;:&quot;0.0111111111111&quot;,&quot;title&quot;:&quot;&lt;SAMSUNG DIGITAL CAMERA&gt;&quot;}\" data-image-title=\"palmier\" data-image-description=\"\" data-image-caption=\"\" data-large-file=\"https:\/\/i0.wp.com\/blogs.lyceecfadumene.fr\/tyanheol\/files\/2010\/02\/palmier.jpg?fit=604%2C805&amp;ssl=1\" class=\"alignnone size-full wp-image-138\" src=\"https:\/\/i0.wp.com\/blogs.lyceecfadumene.fr\/tyanheol\/files\/2012\/02\/Photo-Ma-va-463.jpg?resize=299%2C225&#038;ssl=1\" alt=\"\" width=\"299\" height=\"225\" \/><\/a>&nbsp;&nbsp; <a href=\"https:\/\/i0.wp.com\/blogs.lyceecfadumene.fr\/tyanheol\/files\/2012\/02\/Photo-Ma-va-467.jpg?ssl=1\"><img data-recalc-dims=\"1\" loading=\"lazy\" decoding=\"async\" data-attachment-id=\"139\" data-permalink=\"https:\/\/blogs.lyceecfadumene.fr\/tyanheol\/2008\/03\/21\/jeudi-20-mars-et-vendredi-21-mars-2008\/photo-ma-va-467\/\" data-orig-file=\"https:\/\/i0.wp.com\/blogs.lyceecfadumene.fr\/tyanheol\/files\/2012\/02\/Photo-Ma-va-467.jpg?fit=300%2C225&amp;ssl=1\" data-orig-size=\"300,225\" data-comments-opened=\"1\" data-image-meta=\"{&quot;aperture&quot;:&quot;4.5&quot;,&quot;credit&quot;:&quot;&quot;,&quot;camera&quot;:&quot;KODAK EASYSHARE C315 DIGITAL CAMERA&quot;,&quot;caption&quot;:&quot;&quot;,&quot;created_timestamp&quot;:&quot;1104585076&quot;,&quot;copyright&quot;:&quot;&quot;,&quot;focal_length&quot;:&quot;6&quot;,&quot;iso&quot;:&quot;100&quot;,&quot;shutter_speed&quot;:&quot;0.001906&quot;,&quot;title&quot;:&quot;&quot;}\" data-image-title=\"Photo-Ma-va-467\" data-image-description=\"\" data-image-caption=\"\" data-large-file=\"https:\/\/i0.wp.com\/blogs.lyceecfadumene.fr\/tyanheol\/files\/2012\/02\/Photo-Ma-va-467.jpg?fit=300%2C225&amp;ssl=1\" class=\"alignnone size-full wp-image-139\" src=\"https:\/\/i0.wp.com\/blogs.lyceecfadumene.fr\/tyanheol\/files\/2012\/02\/Photo-Ma-va-467.jpg?resize=300%2C225&#038;ssl=1\" alt=\"\" width=\"300\" height=\"225\" \/><\/a><\/p>\n<p>Quelques exemples d&rsquo;animaux pr\u00e9sents dans l&rsquo;aquarium et le zoo.<\/p>\n","protected":false},"excerpt":{"rendered":"<p>Apr\u00e8s avoir pass\u00e9 la derni\u00e8re nuit en auberge de jeunesse, et une fois les valises charg\u00e9es dans les soutes du car, nous sommes all\u00e9s explorer un des plus grands zoo d&rsquo;Europe : celui de Berlin. Nous avions 3h pour parcourir l&rsquo;int\u00e9gralit\u00e9 du zoo (il faut au moins \u00e7a &#8230;). En plus, le beau temps \u00e9tait &hellip; <a href=\"https:\/\/blogs.lyceecfadumene.fr\/tyanheol\/2008\/03\/21\/jeudi-20-mars-et-vendredi-21-mars-2008\/\" class=\"more-link\">Continuer la lecture de <span class=\"screen-reader-text\">Jeudi 20 mars et vendredi 21 mars 2008<\/span> <span class=\"meta-nav\">&rarr;<\/span><\/a><\/p>\n","protected":false},"author":1,"featured_media":0,"comment_status":"open","ping_status":"open","sticky":false,"template":"","format":"standard","meta":{"_jetpack_memberships_contains_paid_content":false,"footnotes":"","jetpack_publicize_message":"","jetpack_publicize_feature_enabled":true,"jetpack_social_post_already_shared":true,"jetpack_social_options":{"image_generator_settings":{"template":"highway","default_image_id":0,"font":"","enabled":false},"version":2}},"categories":[10744,13564],"tags":[],"class_list":["post-641","post","type-post","status-publish","format-standard","hentry","category-allemagne","category-france"],"aioseo_notices":[],"jetpack_publicize_connections":[],"jetpack_featured_media_url":"","jetpack_shortlink":"https:\/\/wp.me\/p1SrOO-al","jetpack_sharing_enabled":true,"_links":{"self":[{"href":"https:\/\/blogs.lyceecfadumene.fr\/tyanheol\/wp-json\/wp\/v2\/posts\/641","targetHints":{"allow":["GET"]}}],"collection":[{"href":"https:\/\/blogs.lyceecfadumene.fr\/tyanheol\/wp-json\/wp\/v2\/posts"}],"about":[{"href":"https:\/\/blogs.lyceecfadumene.fr\/tyanheol\/wp-json\/wp\/v2\/types\/post"}],"author":[{"embeddable":true,"href":"https:\/\/blogs.lyceecfadumene.fr\/tyanheol\/wp-json\/wp\/v2\/users\/1"}],"replies":[{"embeddable":true,"href":"https:\/\/blogs.lyceecfadumene.fr\/tyanheol\/wp-json\/wp\/v2\/comments?post=641"}],"version-history":[{"count":0,"href":"https:\/\/blogs.lyceecfadumene.fr\/tyanheol\/wp-json\/wp\/v2\/posts\/641\/revisions"}],"wp:attachment":[{"href":"https:\/\/blogs.lyceecfadumene.fr\/tyanheol\/wp-json\/wp\/v2\/media?parent=641"}],"wp:term":[{"taxonomy":"category","embeddable":true,"href":"https:\/\/blogs.lyceecfadumene.fr\/tyanheol\/wp-json\/wp\/v2\/categories?post=641"},{"taxonomy":"post_tag","embeddable":true,"href":"https:\/\/blogs.lyceecfadumene.fr\/tyanheol\/wp-json\/wp\/v2\/tags?post=641"}],"curies":[{"name":"wp","href":"https:\/\/api.w.org\/{rel}","templated":true}]}}