{"id":640,"date":"2008-03-19T13:52:22","date_gmt":"2008-03-19T11:52:22","guid":{"rendered":"http:\/\/blogs.lyceecfadumene.fr\/bacproap\/?p=129"},"modified":"2008-03-19T13:52:22","modified_gmt":"2008-03-19T11:52:22","slug":"mercredi-19-mars-2008","status":"publish","type":"post","link":"https:\/\/blogs.lyceecfadumene.fr\/tyanheol\/2008\/03\/19\/mercredi-19-mars-2008\/","title":{"rendered":"Mercredi 19 mars 2008"},"content":{"rendered":"<p>Aujourd\u2019hui apr\u00e8s avoir pris un petit d\u00e9jeuner \u00e0 l\u2019auberge de jeunesse, nous sommes partis pour le mus\u00e9e du mur de Berlin. Le mus\u00e9e se situe au Checkpoint Charlie qui \u00e9tait un poste des alli\u00e9s au temps du&nbsp;mur de Berlin. Ce mur qui s\u00e9parait \u00e0 l\u2019\u00e9poque Berlin en deux (RFA-RDA) a \u00e9t\u00e9 construit en 1961 et d\u00e9truit en 1989. Aujourd\u2019hui on voit le trac\u00e9 du mur qui est mat\u00e9rialis\u00e9 par deux lignes de briques.<\/p>\n<p>Ensuite nous sommes all\u00e9s au mus\u00e9e de la r\u00e9sistance allemande&nbsp;qui se situe dans l\u2019ancien quartier g\u00e9n\u00e9ral de l\u2019arm\u00e9e de terre. Nous avons pu y d\u00e9couvrir les diff\u00e9rentes pi\u00e8ces o\u00f9 des r\u00e9sistants ont essay\u00e9 de renverser Hitler et ce, quelques m\u00e8tres seulement \u00e0 cot\u00e9 de celui-ci&nbsp;; ils \u00e9taient au d\u00e9but avec lui mais se sont retourn\u00e9s contre lui.<\/p>\n<p>Une fois pris notre pique-nique \u00e0 cot\u00e9 de la porte de Brandebourg (o\u00f9 il a d\u2019ailleurs neig\u00e9) nous sommes all\u00e9s voir une exposition&nbsp;permanente intitul\u00e9e \u2018la topographie de la terreur\u2019. Malheureusement, les commentaires \u00e9taient en Anglais et en Allemand seulement. Mais un morceau de mur a \u00e9t\u00e9 conserv\u00e9 \u00e0 son emplacement d\u2019origine.<\/p>\n<p>Plus tard, vers 14 heures nous avons visit\u00e9 Berlin en autocar avec deux guides. Nous avons pu voir les b\u00e2timents principaux de la ville notamment le Reichstag, le lieu de travail de Angela Merkel&nbsp;, les gares de Berlin, la tour de t\u00e9l\u00e9vision\u2026<\/p>\n<p>Nous passons notre derni\u00e8re soir\u00e9e \u00e0 l\u2019auberge avant de partir demain midi pour le trajet du retour, d\u00e9j\u00e0 \u2026<\/p>\n<p><a href=\"https:\/\/i0.wp.com\/blogs.lyceecfadumene.fr\/tyanheol\/files\/2012\/02\/DSCF5616.jpg?ssl=1\"><img data-recalc-dims=\"1\" loading=\"lazy\" decoding=\"async\" data-attachment-id=\"130\" data-permalink=\"https:\/\/blogs.lyceecfadumene.fr\/tyanheol\/2008\/03\/19\/mercredi-19-mars-2008\/dscf5616\/\" data-orig-file=\"https:\/\/i0.wp.com\/blogs.lyceecfadumene.fr\/tyanheol\/files\/2012\/02\/DSCF5616.jpg?fit=300%2C225&amp;ssl=1\" data-orig-size=\"300,225\" data-comments-opened=\"1\" data-image-meta=\"{&quot;aperture&quot;:&quot;7&quot;,&quot;credit&quot;:&quot;&quot;,&quot;camera&quot;:&quot;FinePix S7000&quot;,&quot;caption&quot;:&quot;&quot;,&quot;created_timestamp&quot;:&quot;1046230761&quot;,&quot;copyright&quot;:&quot;&quot;,&quot;focal_length&quot;:&quot;7.8&quot;,&quot;iso&quot;:&quot;160&quot;,&quot;shutter_speed&quot;:&quot;0.0015625&quot;,&quot;title&quot;:&quot;&quot;}\" data-image-title=\"DSCF5616\" data-image-description=\"\" data-image-caption=\"\" data-large-file=\"https:\/\/i0.wp.com\/blogs.lyceecfadumene.fr\/tyanheol\/files\/2012\/02\/DSCF5616.jpg?fit=300%2C225&amp;ssl=1\" class=\"alignnone size-full wp-image-130\" style=\"border: 1px solid black\" src=\"https:\/\/i0.wp.com\/blogs.lyceecfadumene.fr\/tyanheol\/files\/2012\/02\/DSCF5616.jpg?resize=300%2C225&#038;ssl=1\" alt=\"\" width=\"300\" height=\"225\" \/><\/a><\/p>\n<p>Les restes du mur de Berlin<\/p>\n<p><a href=\"https:\/\/i0.wp.com\/blogs.lyceecfadumene.fr\/tyanheol\/files\/2012\/02\/DSCF5667.jpg?ssl=1\"><img data-recalc-dims=\"1\" loading=\"lazy\" decoding=\"async\" data-attachment-id=\"131\" data-permalink=\"https:\/\/blogs.lyceecfadumene.fr\/tyanheol\/2008\/03\/19\/mercredi-19-mars-2008\/dscf5667\/\" data-orig-file=\"https:\/\/i0.wp.com\/blogs.lyceecfadumene.fr\/tyanheol\/files\/2012\/02\/DSCF5667.jpg?fit=300%2C225&amp;ssl=1\" data-orig-size=\"300,225\" data-comments-opened=\"1\" data-image-meta=\"{&quot;aperture&quot;:&quot;4&quot;,&quot;credit&quot;:&quot;&quot;,&quot;camera&quot;:&quot;FinePix S7000&quot;,&quot;caption&quot;:&quot;&quot;,&quot;created_timestamp&quot;:&quot;1046242389&quot;,&quot;copyright&quot;:&quot;&quot;,&quot;focal_length&quot;:&quot;13&quot;,&quot;iso&quot;:&quot;200&quot;,&quot;shutter_speed&quot;:&quot;0.00588235294118&quot;,&quot;title&quot;:&quot;&quot;}\" data-image-title=\"DSCF5667\" data-image-description=\"\" data-image-caption=\"\" data-large-file=\"https:\/\/i0.wp.com\/blogs.lyceecfadumene.fr\/tyanheol\/files\/2012\/02\/DSCF5667.jpg?fit=300%2C225&amp;ssl=1\" class=\"alignnone size-full wp-image-131\" style=\"border: 1px solid black\" src=\"https:\/\/i0.wp.com\/blogs.lyceecfadumene.fr\/tyanheol\/files\/2012\/02\/DSCF5667.jpg?resize=300%2C225&#038;ssl=1\" alt=\"\" width=\"300\" height=\"225\" \/><\/a><\/p>\n<p>Lieu de travail d\u00b4Angela Merkel<\/p>\n<p><a href=\"https:\/\/i0.wp.com\/blogs.lyceecfadumene.fr\/tyanheol\/files\/2012\/02\/DSCF5668.jpg?ssl=1\"><img data-recalc-dims=\"1\" loading=\"lazy\" decoding=\"async\" data-attachment-id=\"132\" data-permalink=\"https:\/\/blogs.lyceecfadumene.fr\/tyanheol\/2008\/03\/19\/mercredi-19-mars-2008\/dscf5668\/\" data-orig-file=\"https:\/\/i0.wp.com\/blogs.lyceecfadumene.fr\/tyanheol\/files\/2012\/02\/DSCF5668.jpg?fit=300%2C225&amp;ssl=1\" data-orig-size=\"300,225\" data-comments-opened=\"1\" data-image-meta=\"{&quot;aperture&quot;:&quot;3&quot;,&quot;credit&quot;:&quot;&quot;,&quot;camera&quot;:&quot;FinePix S7000&quot;,&quot;caption&quot;:&quot;&quot;,&quot;created_timestamp&quot;:&quot;1046242767&quot;,&quot;copyright&quot;:&quot;&quot;,&quot;focal_length&quot;:&quot;20&quot;,&quot;iso&quot;:&quot;200&quot;,&quot;shutter_speed&quot;:&quot;0.00909090909091&quot;,&quot;title&quot;:&quot;&quot;}\" data-image-title=\"DSCF5668\" data-image-description=\"\" data-image-caption=\"\" data-large-file=\"https:\/\/i0.wp.com\/blogs.lyceecfadumene.fr\/tyanheol\/files\/2012\/02\/DSCF5668.jpg?fit=300%2C225&amp;ssl=1\" class=\"alignnone  wp-image-132\" style=\"border: 1px solid black\" src=\"https:\/\/i0.wp.com\/blogs.lyceecfadumene.fr\/tyanheol\/files\/2012\/02\/DSCF5668.jpg?resize=300%2C225&#038;ssl=1\" alt=\"\" width=\"300\" height=\"225\" \/><\/a><\/p>\n<p>La nouvelle gare de Berlin<\/p>\n<p><a href=\"https:\/\/i0.wp.com\/blogs.lyceecfadumene.fr\/tyanheol\/files\/2012\/02\/DSCF5670.jpg?ssl=1\"><img data-recalc-dims=\"1\" loading=\"lazy\" decoding=\"async\" data-attachment-id=\"133\" data-permalink=\"https:\/\/blogs.lyceecfadumene.fr\/tyanheol\/2008\/03\/19\/mercredi-19-mars-2008\/dscf5670\/\" data-orig-file=\"https:\/\/i0.wp.com\/blogs.lyceecfadumene.fr\/tyanheol\/files\/2012\/02\/DSCF5670.jpg?fit=300%2C225&amp;ssl=1\" data-orig-size=\"300,225\" data-comments-opened=\"1\" data-image-meta=\"{&quot;aperture&quot;:&quot;3&quot;,&quot;credit&quot;:&quot;&quot;,&quot;camera&quot;:&quot;FinePix S7000&quot;,&quot;caption&quot;:&quot;&quot;,&quot;created_timestamp&quot;:&quot;1046242839&quot;,&quot;copyright&quot;:&quot;&quot;,&quot;focal_length&quot;:&quot;15&quot;,&quot;iso&quot;:&quot;200&quot;,&quot;shutter_speed&quot;:&quot;0.00625&quot;,&quot;title&quot;:&quot;&quot;}\" data-image-title=\"DSCF5670\" data-image-description=\"\" data-image-caption=\"\" data-large-file=\"https:\/\/i0.wp.com\/blogs.lyceecfadumene.fr\/tyanheol\/files\/2012\/02\/DSCF5670.jpg?fit=300%2C225&amp;ssl=1\" class=\"alignnone size-full wp-image-133\" style=\"border: 1px solid black\" src=\"https:\/\/i0.wp.com\/blogs.lyceecfadumene.fr\/tyanheol\/files\/2012\/02\/DSCF5670.jpg?resize=300%2C225&#038;ssl=1\" alt=\"\" width=\"300\" height=\"225\" \/><\/a><\/p>\n<p>Le Reischtag<\/p>\n","protected":false},"excerpt":{"rendered":"<p>Aujourd\u2019hui apr\u00e8s avoir pris un petit d\u00e9jeuner \u00e0 l\u2019auberge de jeunesse, nous sommes partis pour le mus\u00e9e du mur de Berlin. Le mus\u00e9e se situe au Checkpoint Charlie qui \u00e9tait un poste des alli\u00e9s au temps du&nbsp;mur de Berlin. Ce mur qui s\u00e9parait \u00e0 l\u2019\u00e9poque Berlin en deux (RFA-RDA) a \u00e9t\u00e9 construit en 1961 et &hellip; <a href=\"https:\/\/blogs.lyceecfadumene.fr\/tyanheol\/2008\/03\/19\/mercredi-19-mars-2008\/\" class=\"more-link\">Continuer la lecture de <span class=\"screen-reader-text\">Mercredi 19 mars 2008<\/span> <span class=\"meta-nav\">&rarr;<\/span><\/a><\/p>\n","protected":false},"author":1,"featured_media":0,"comment_status":"open","ping_status":"open","sticky":false,"template":"","format":"standard","meta":{"_jetpack_memberships_contains_paid_content":false,"footnotes":"","jetpack_publicize_message":"","jetpack_publicize_feature_enabled":true,"jetpack_social_post_already_shared":true,"jetpack_social_options":{"image_generator_settings":{"template":"highway","default_image_id":0,"font":"","enabled":false},"version":2}},"categories":[10744],"tags":[],"class_list":["post-640","post","type-post","status-publish","format-standard","hentry","category-allemagne"],"aioseo_notices":[],"jetpack_publicize_connections":[],"jetpack_featured_media_url":"","jetpack_shortlink":"https:\/\/wp.me\/p1SrOO-ak","jetpack_sharing_enabled":true,"_links":{"self":[{"href":"https:\/\/blogs.lyceecfadumene.fr\/tyanheol\/wp-json\/wp\/v2\/posts\/640","targetHints":{"allow":["GET"]}}],"collection":[{"href":"https:\/\/blogs.lyceecfadumene.fr\/tyanheol\/wp-json\/wp\/v2\/posts"}],"about":[{"href":"https:\/\/blogs.lyceecfadumene.fr\/tyanheol\/wp-json\/wp\/v2\/types\/post"}],"author":[{"embeddable":true,"href":"https:\/\/blogs.lyceecfadumene.fr\/tyanheol\/wp-json\/wp\/v2\/users\/1"}],"replies":[{"embeddable":true,"href":"https:\/\/blogs.lyceecfadumene.fr\/tyanheol\/wp-json\/wp\/v2\/comments?post=640"}],"version-history":[{"count":0,"href":"https:\/\/blogs.lyceecfadumene.fr\/tyanheol\/wp-json\/wp\/v2\/posts\/640\/revisions"}],"wp:attachment":[{"href":"https:\/\/blogs.lyceecfadumene.fr\/tyanheol\/wp-json\/wp\/v2\/media?parent=640"}],"wp:term":[{"taxonomy":"category","embeddable":true,"href":"https:\/\/blogs.lyceecfadumene.fr\/tyanheol\/wp-json\/wp\/v2\/categories?post=640"},{"taxonomy":"post_tag","embeddable":true,"href":"https:\/\/blogs.lyceecfadumene.fr\/tyanheol\/wp-json\/wp\/v2\/tags?post=640"}],"curies":[{"name":"wp","href":"https:\/\/api.w.org\/{rel}","templated":true}]}}