{"id":64,"date":"2012-06-18T17:19:26","date_gmt":"2012-06-18T15:19:26","guid":{"rendered":"http:\/\/blogs.lyceecfadumene.fr\/capfleuriste\/?p=64"},"modified":"2013-12-03T17:37:31","modified_gmt":"2013-12-03T15:37:31","slug":"la-formation-fleuriste","status":"publish","type":"post","link":"https:\/\/blogs.lyceecfadumene.fr\/tyanheol\/2012\/06\/18\/la-formation-fleuriste\/","title":{"rendered":"La formation fleuriste"},"content":{"rendered":"<p><strong>R\u00e9alisation :<\/strong> Cl\u00e9mentine MENGUY et Fran\u00e7ois GARION<\/p>\n<p><strong>Dur\u00e9e :<\/strong> 2&rsquo;26<\/p>\n<p>Vous voulez devenir fleuriste ?<\/p>\n<p>Nous vous invitons \u00e0 regarder cette vid\u00e9o pour vous pr\u00e9senter la formation CAP Fleuriste au Lyc\u00e9e de Merdrignac (22).<\/p>\n<!--Erreur de Youtube : URL incorrecte-->\n","protected":false},"excerpt":{"rendered":"<p>R\u00e9alisation : Cl\u00e9mentine MENGUY et Fran\u00e7ois GARION Dur\u00e9e : 2&rsquo;26 Vous voulez devenir fleuriste ? Nous vous invitons \u00e0 regarder cette vid\u00e9o pour vous pr\u00e9senter la formation CAP Fleuriste au Lyc\u00e9e de Merdrignac (22).<\/p>\n","protected":false},"author":1,"featured_media":0,"comment_status":"open","ping_status":"open","sticky":false,"template":"","format":"standard","meta":{"_jetpack_memberships_contains_paid_content":false,"footnotes":"","jetpack_publicize_message":"","jetpack_publicize_feature_enabled":true,"jetpack_social_post_already_shared":true,"jetpack_social_options":{"image_generator_settings":{"template":"highway","default_image_id":0,"font":"","enabled":false},"version":2}},"categories":[79,104],"tags":[],"class_list":["post-64","post","type-post","status-publish","format-standard","hentry","category-hollande","category-voyage"],"aioseo_notices":[],"jetpack_publicize_connections":[],"jetpack_featured_media_url":"","jetpack_shortlink":"https:\/\/wp.me\/p1SrOO-12","jetpack_sharing_enabled":true,"_links":{"self":[{"href":"https:\/\/blogs.lyceecfadumene.fr\/tyanheol\/wp-json\/wp\/v2\/posts\/64","targetHints":{"allow":["GET"]}}],"collection":[{"href":"https:\/\/blogs.lyceecfadumene.fr\/tyanheol\/wp-json\/wp\/v2\/posts"}],"about":[{"href":"https:\/\/blogs.lyceecfadumene.fr\/tyanheol\/wp-json\/wp\/v2\/types\/post"}],"author":[{"embeddable":true,"href":"https:\/\/blogs.lyceecfadumene.fr\/tyanheol\/wp-json\/wp\/v2\/users\/1"}],"replies":[{"embeddable":true,"href":"https:\/\/blogs.lyceecfadumene.fr\/tyanheol\/wp-json\/wp\/v2\/comments?post=64"}],"version-history":[{"count":0,"href":"https:\/\/blogs.lyceecfadumene.fr\/tyanheol\/wp-json\/wp\/v2\/posts\/64\/revisions"}],"wp:attachment":[{"href":"https:\/\/blogs.lyceecfadumene.fr\/tyanheol\/wp-json\/wp\/v2\/media?parent=64"}],"wp:term":[{"taxonomy":"category","embeddable":true,"href":"https:\/\/blogs.lyceecfadumene.fr\/tyanheol\/wp-json\/wp\/v2\/categories?post=64"},{"taxonomy":"post_tag","embeddable":true,"href":"https:\/\/blogs.lyceecfadumene.fr\/tyanheol\/wp-json\/wp\/v2\/tags?post=64"}],"curies":[{"name":"wp","href":"https:\/\/api.w.org\/{rel}","templated":true}]}}