{"id":639,"date":"2008-03-19T13:50:25","date_gmt":"2008-03-19T11:50:25","guid":{"rendered":"http:\/\/blogs.lyceecfadumene.fr\/bacproap\/?p=126"},"modified":"2008-03-19T13:50:25","modified_gmt":"2008-03-19T11:50:25","slug":"mardi-18-mars-2008","status":"publish","type":"post","link":"https:\/\/blogs.lyceecfadumene.fr\/tyanheol\/2008\/03\/19\/mardi-18-mars-2008\/","title":{"rendered":"Mardi 18 mars 2008"},"content":{"rendered":"<p>Une journ\u00e9e tr\u00e8s fatigante nous attendait&nbsp;: le trajet de Cracovie \u00e0 Berlin. Et oui, environ 610 kilom\u00e8tres s\u00e9parent ces deux villes. Mais Jo\u00ebl notre chauffeur (Jojo pour le s\u00e9jour) nous a conduit \u00e0 bon port. Nous tenons d\u2019ailleurs \u00e0 le remercier de nous avoir conduit pendant tout le s\u00e9jour.<\/p>\n<p>Nous avons eu, juste au moment de partir une bonne averse de neige. C\u2019\u00e9tait la premi\u00e8re fois depuis le d\u00e9but du s\u00e9jour.<\/p>\n<p>Apr\u00e8s 10 heures de route, nous sommes arriv\u00e9s \u00e0 Berlin. Nous nous sommes install\u00e9s \u00e0 l\u2019auberge de jeunesse \u2026 o\u00f9 nous resterons deux nuits.<\/p>\n<p>C\u2019est notre derrni\u00e8re escale avant le retour \u00e0 Merdrignac.<\/p>\n<p><a href=\"https:\/\/i0.wp.com\/blogs.lyceecfadumene.fr\/tyanheol\/files\/2012\/02\/DSCF5578.jpg?ssl=1\"><img data-recalc-dims=\"1\" loading=\"lazy\" decoding=\"async\" data-attachment-id=\"127\" data-permalink=\"https:\/\/blogs.lyceecfadumene.fr\/tyanheol\/2008\/03\/19\/mardi-18-mars-2008\/dscf5578\/\" data-orig-file=\"https:\/\/i0.wp.com\/blogs.lyceecfadumene.fr\/tyanheol\/files\/2012\/02\/DSCF5578.jpg?fit=300%2C225&amp;ssl=1\" data-orig-size=\"300,225\" data-comments-opened=\"1\" data-image-meta=\"{&quot;aperture&quot;:&quot;8&quot;,&quot;credit&quot;:&quot;&quot;,&quot;camera&quot;:&quot;FinePix S7000&quot;,&quot;caption&quot;:&quot;&quot;,&quot;created_timestamp&quot;:&quot;1046129962&quot;,&quot;copyright&quot;:&quot;&quot;,&quot;focal_length&quot;:&quot;14&quot;,&quot;iso&quot;:&quot;200&quot;,&quot;shutter_speed&quot;:&quot;0.0666666666667&quot;,&quot;title&quot;:&quot;&quot;}\" data-image-title=\"DSCF5578\" data-image-description=\"\" data-image-caption=\"\" data-large-file=\"https:\/\/i0.wp.com\/blogs.lyceecfadumene.fr\/tyanheol\/files\/2012\/02\/DSCF5578.jpg?fit=300%2C225&amp;ssl=1\" class=\"alignnone size-full wp-image-127\" style=\"border: 1px solid black\" src=\"https:\/\/i0.wp.com\/blogs.lyceecfadumene.fr\/tyanheol\/files\/2012\/02\/DSCF5578.jpg?resize=300%2C225&#038;ssl=1\" alt=\"\" width=\"300\" height=\"225\" \/><\/a><\/p>\n<p>Vue du chateau de Wavel en compagnie de chute de neige<\/p>\n","protected":false},"excerpt":{"rendered":"<p>Une journ\u00e9e tr\u00e8s fatigante nous attendait&nbsp;: le trajet de Cracovie \u00e0 Berlin. Et oui, environ 610 kilom\u00e8tres s\u00e9parent ces deux villes. Mais Jo\u00ebl notre chauffeur (Jojo pour le s\u00e9jour) nous a conduit \u00e0 bon port. Nous tenons d\u2019ailleurs \u00e0 le remercier de nous avoir conduit pendant tout le s\u00e9jour. Nous avons eu, juste au moment &hellip; <a href=\"https:\/\/blogs.lyceecfadumene.fr\/tyanheol\/2008\/03\/19\/mardi-18-mars-2008\/\" class=\"more-link\">Continuer la lecture de <span class=\"screen-reader-text\">Mardi 18 mars 2008<\/span> <span class=\"meta-nav\">&rarr;<\/span><\/a><\/p>\n","protected":false},"author":1,"featured_media":0,"comment_status":"open","ping_status":"open","sticky":false,"template":"","format":"standard","meta":{"_jetpack_memberships_contains_paid_content":false,"footnotes":"","jetpack_publicize_message":"","jetpack_publicize_feature_enabled":true,"jetpack_social_post_already_shared":true,"jetpack_social_options":{"image_generator_settings":{"template":"highway","default_image_id":0,"font":"","enabled":false},"version":2}},"categories":[10744,10746],"tags":[],"class_list":["post-639","post","type-post","status-publish","format-standard","hentry","category-allemagne","category-pologne"],"aioseo_notices":[],"jetpack_publicize_connections":[],"jetpack_featured_media_url":"","jetpack_shortlink":"https:\/\/wp.me\/p1SrOO-aj","jetpack_sharing_enabled":true,"_links":{"self":[{"href":"https:\/\/blogs.lyceecfadumene.fr\/tyanheol\/wp-json\/wp\/v2\/posts\/639","targetHints":{"allow":["GET"]}}],"collection":[{"href":"https:\/\/blogs.lyceecfadumene.fr\/tyanheol\/wp-json\/wp\/v2\/posts"}],"about":[{"href":"https:\/\/blogs.lyceecfadumene.fr\/tyanheol\/wp-json\/wp\/v2\/types\/post"}],"author":[{"embeddable":true,"href":"https:\/\/blogs.lyceecfadumene.fr\/tyanheol\/wp-json\/wp\/v2\/users\/1"}],"replies":[{"embeddable":true,"href":"https:\/\/blogs.lyceecfadumene.fr\/tyanheol\/wp-json\/wp\/v2\/comments?post=639"}],"version-history":[{"count":0,"href":"https:\/\/blogs.lyceecfadumene.fr\/tyanheol\/wp-json\/wp\/v2\/posts\/639\/revisions"}],"wp:attachment":[{"href":"https:\/\/blogs.lyceecfadumene.fr\/tyanheol\/wp-json\/wp\/v2\/media?parent=639"}],"wp:term":[{"taxonomy":"category","embeddable":true,"href":"https:\/\/blogs.lyceecfadumene.fr\/tyanheol\/wp-json\/wp\/v2\/categories?post=639"},{"taxonomy":"post_tag","embeddable":true,"href":"https:\/\/blogs.lyceecfadumene.fr\/tyanheol\/wp-json\/wp\/v2\/tags?post=639"}],"curies":[{"name":"wp","href":"https:\/\/api.w.org\/{rel}","templated":true}]}}