{"id":637,"date":"2008-03-16T13:22:22","date_gmt":"2008-03-16T11:22:22","guid":{"rendered":"http:\/\/blogs.lyceecfadumene.fr\/bacproap\/?p=94"},"modified":"2008-03-16T13:22:22","modified_gmt":"2008-03-16T11:22:22","slug":"vendredi-14-mars-2008","status":"publish","type":"post","link":"https:\/\/blogs.lyceecfadumene.fr\/tyanheol\/2008\/03\/16\/vendredi-14-mars-2008\/","title":{"rendered":"Vendredi 14 mars 2008"},"content":{"rendered":"<div>Notre court s\u00e9jour \u00e0 Nuremberg se termine par la visite de la vieille ville. Bombard\u00e9e pendant la Seconde Guerre Mondiale, elle a \u00e9t\u00e9 reconstruite au XX\u00e8me si\u00e8cle avec le financement des habitants.<\/div>\n<div><\/div>\n<div>Vers 10h, nous part\u00eemes de l\u2019Allemagne&nbsp;: direction Prague (R\u00e9publique Tch\u00e8que).<\/div>\n<div><\/div>\n<div>Nous avons pu changer \u00e0 la fronti\u00e8re, nos euros contre des couronnes.<\/div>\n<div><\/div>\n<div>A notre arriv\u00e9e, nous avons visit\u00e9 deux synagogues et un cimeti\u00e8re juif o\u00f9&nbsp;120 000 personnes sont enterr\u00e9es. Sur les murs d\u2019une des synagogues&nbsp;sont inscrits tous les noms des juifs Tch\u00e9coslaques&nbsp;tu\u00e9s lors de&nbsp;la&nbsp;Seconde Guerre Mondiale.<\/div>\n<div><\/div>\n<div>Le paysage Tch\u00e8que est assez vallonn\u00e9 mais cependant, il y a&nbsp;beaucoup de for\u00eats et de cultures.<\/div>\n<div>A proximit\u00e9 des grandes villes, on peut voir le retard de d\u00e9veloppement, notamment agricole,&nbsp;du pays. Mais en plein centre ville, de magnifiques b\u00e2tisses sont \u00e0 observer ainsi, l\u2019horloge astronomique, la cath\u00e9drale, des b\u00e2timents politiques et autres\u2026<\/div>\n<div><\/div>\n<div>On peut voir aussi que la publicit\u00e9 est omnipr\u00e9sente avec de grands panneaux sur le bord des routes et des dessins sur les trams.<\/div>\n<div><\/div>\n<p>Apr\u00e8s une journ\u00e9e comme celle-ci, une bonne nuit de sommeil s\u2019impose. Nous sommes all\u00e9s nous reposer \u00e0 l\u2019auberge de jeunesse \u00ab&nbsp;Hotel Chotol&nbsp;\u00bb o\u00f9 nous avons appris&nbsp;\u00e0 nous perfectionner au poker avec Monsieur Debarle.<\/p>\n<p><a href=\"https:\/\/i0.wp.com\/blogs.lyceecfadumene.fr\/tyanheol\/files\/2012\/02\/DSCN0377.jpg?ssl=1\"><img data-recalc-dims=\"1\" loading=\"lazy\" decoding=\"async\" data-attachment-id=\"101\" data-permalink=\"https:\/\/blogs.lyceecfadumene.fr\/tyanheol\/2008\/03\/16\/vendredi-14-mars-2008\/dscn0377\/\" data-orig-file=\"https:\/\/i0.wp.com\/blogs.lyceecfadumene.fr\/tyanheol\/files\/2012\/02\/DSCN0377.jpg?fit=191%2C299&amp;ssl=1\" data-orig-size=\"191,299\" data-comments-opened=\"1\" data-image-meta=\"{&quot;aperture&quot;:&quot;2.8&quot;,&quot;credit&quot;:&quot;&quot;,&quot;camera&quot;:&quot;COOLPIX L11&quot;,&quot;caption&quot;:&quot;&quot;,&quot;created_timestamp&quot;:&quot;1205512613&quot;,&quot;copyright&quot;:&quot;Copyright 2006&quot;,&quot;focal_length&quot;:&quot;6.2&quot;,&quot;iso&quot;:&quot;64&quot;,&quot;shutter_speed&quot;:&quot;0.0333333333333&quot;,&quot;title&quot;:&quot;&quot;}\" data-image-title=\"DSCN0377\" data-image-description=\"\" data-image-caption=\"\" data-large-file=\"https:\/\/i0.wp.com\/blogs.lyceecfadumene.fr\/tyanheol\/files\/2012\/02\/DSCN0377.jpg?fit=191%2C299&amp;ssl=1\" class=\"alignnone size-full wp-image-101\" style=\"border: 1px solid black\" src=\"https:\/\/i0.wp.com\/blogs.lyceecfadumene.fr\/tyanheol\/files\/2012\/02\/DSCN0377.jpg?resize=191%2C299&#038;ssl=1\" alt=\"\" width=\"191\" height=\"299\" \/><\/a>&nbsp; <a href=\"https:\/\/i0.wp.com\/blogs.lyceecfadumene.fr\/tyanheol\/files\/2012\/02\/DSCF5185.jpg?ssl=1\"><img data-recalc-dims=\"1\" loading=\"lazy\" decoding=\"async\" data-attachment-id=\"96\" data-permalink=\"https:\/\/blogs.lyceecfadumene.fr\/tyanheol\/2008\/03\/16\/vendredi-14-mars-2008\/dscf5185\/\" data-orig-file=\"https:\/\/i0.wp.com\/blogs.lyceecfadumene.fr\/tyanheol\/files\/2012\/02\/DSCF5185.jpg?fit=300%2C225&amp;ssl=1\" data-orig-size=\"300,225\" data-comments-opened=\"1\" data-image-meta=\"{&quot;aperture&quot;:&quot;2.8&quot;,&quot;credit&quot;:&quot;&quot;,&quot;camera&quot;:&quot;FinePix S7000&quot;,&quot;caption&quot;:&quot;&quot;,&quot;created_timestamp&quot;:&quot;1045810384&quot;,&quot;copyright&quot;:&quot;&quot;,&quot;focal_length&quot;:&quot;7.8&quot;,&quot;iso&quot;:&quot;200&quot;,&quot;shutter_speed&quot;:&quot;0.00952380952381&quot;,&quot;title&quot;:&quot;&quot;}\" data-image-title=\"DSCF5185\" data-image-description=\"\" data-image-caption=\"\" data-large-file=\"https:\/\/i0.wp.com\/blogs.lyceecfadumene.fr\/tyanheol\/files\/2012\/02\/DSCF5185.jpg?fit=300%2C225&amp;ssl=1\" class=\"alignnone size-full wp-image-96\" style=\"border: 1px solid black\" src=\"https:\/\/i0.wp.com\/blogs.lyceecfadumene.fr\/tyanheol\/files\/2012\/02\/DSCF5185.jpg?resize=300%2C225&#038;ssl=1\" alt=\"\" width=\"300\" height=\"225\" \/><\/a><\/p>\n<p>Le cimeti\u00e8re juif.<\/p>\n<p><a href=\"https:\/\/i0.wp.com\/blogs.lyceecfadumene.fr\/tyanheol\/files\/2012\/02\/DSCF5236.jpg?ssl=1\"><img data-recalc-dims=\"1\" loading=\"lazy\" decoding=\"async\" data-attachment-id=\"100\" data-permalink=\"https:\/\/blogs.lyceecfadumene.fr\/tyanheol\/2008\/03\/16\/vendredi-14-mars-2008\/dscf5236\/\" data-orig-file=\"https:\/\/i0.wp.com\/blogs.lyceecfadumene.fr\/tyanheol\/files\/2012\/02\/DSCF5236.jpg?fit=300%2C225&amp;ssl=1\" data-orig-size=\"300,225\" data-comments-opened=\"1\" data-image-meta=\"{&quot;aperture&quot;:&quot;2.9&quot;,&quot;credit&quot;:&quot;&quot;,&quot;camera&quot;:&quot;FinePix S7000&quot;,&quot;caption&quot;:&quot;&quot;,&quot;created_timestamp&quot;:&quot;1045818365&quot;,&quot;copyright&quot;:&quot;&quot;,&quot;focal_length&quot;:&quot;11&quot;,&quot;iso&quot;:&quot;200&quot;,&quot;shutter_speed&quot;:&quot;0.25&quot;,&quot;title&quot;:&quot;&quot;}\" data-image-title=\"DSCF5236\" data-image-description=\"\" data-image-caption=\"\" data-large-file=\"https:\/\/i0.wp.com\/blogs.lyceecfadumene.fr\/tyanheol\/files\/2012\/02\/DSCF5236.jpg?fit=300%2C225&amp;ssl=1\" class=\"alignnone size-full wp-image-100\" style=\"border: 1px solid black\" src=\"https:\/\/i0.wp.com\/blogs.lyceecfadumene.fr\/tyanheol\/files\/2012\/02\/DSCF5236.jpg?resize=300%2C225&#038;ssl=1\" alt=\"\" width=\"300\" height=\"225\" \/><\/a><\/p>\n<p>Une \u00e9glise.<\/p>\n<p><a href=\"https:\/\/i0.wp.com\/blogs.lyceecfadumene.fr\/tyanheol\/files\/2012\/02\/DSCF5181.jpg?ssl=1\"><img data-recalc-dims=\"1\" loading=\"lazy\" decoding=\"async\" data-attachment-id=\"95\" data-permalink=\"https:\/\/blogs.lyceecfadumene.fr\/tyanheol\/2008\/03\/16\/vendredi-14-mars-2008\/dscf5181\/\" data-orig-file=\"https:\/\/i0.wp.com\/blogs.lyceecfadumene.fr\/tyanheol\/files\/2012\/02\/DSCF5181.jpg?fit=225%2C300&amp;ssl=1\" data-orig-size=\"225,300\" data-comments-opened=\"1\" data-image-meta=\"{&quot;aperture&quot;:&quot;2.8&quot;,&quot;credit&quot;:&quot;&quot;,&quot;camera&quot;:&quot;FinePix S7000&quot;,&quot;caption&quot;:&quot;&quot;,&quot;created_timestamp&quot;:&quot;1045807802&quot;,&quot;copyright&quot;:&quot;&quot;,&quot;focal_length&quot;:&quot;7.8&quot;,&quot;iso&quot;:&quot;200&quot;,&quot;shutter_speed&quot;:&quot;0.00416666666667&quot;,&quot;title&quot;:&quot;&quot;}\" data-image-title=\"DSCF5181\" data-image-description=\"\" data-image-caption=\"\" data-large-file=\"https:\/\/i0.wp.com\/blogs.lyceecfadumene.fr\/tyanheol\/files\/2012\/02\/DSCF5181.jpg?fit=225%2C300&amp;ssl=1\" class=\"alignnone size-full wp-image-95\" style=\"border: 1px solid black\" src=\"https:\/\/i0.wp.com\/blogs.lyceecfadumene.fr\/tyanheol\/files\/2012\/02\/DSCF5181.jpg?resize=225%2C300&#038;ssl=1\" alt=\"\" width=\"225\" height=\"300\" \/><\/a><\/p>\n<p>La plus belle maison de la ville<\/p>\n<p><a href=\"https:\/\/i0.wp.com\/blogs.lyceecfadumene.fr\/tyanheol\/files\/2012\/02\/DSCF5229.jpg?ssl=1\"><img data-recalc-dims=\"1\" loading=\"lazy\" decoding=\"async\" class=\"alignnone size-full wp-image-99\" style=\"border: 1px solid black\" src=\"https:\/\/i0.wp.com\/blogs.lyceecfadumene.fr\/tyanheol\/files\/2012\/02\/DSCF5229.jpg?resize=225%2C300&#038;ssl=1\" alt=\"\" width=\"225\" height=\"300\" \/><\/a><\/p>\n<p>L&rsquo;horloge astronomique.<\/p>\n<p><a href=\"https:\/\/i0.wp.com\/blogs.lyceecfadumene.fr\/tyanheol\/files\/2012\/02\/DSCF5205.jpg?ssl=1\"><img data-recalc-dims=\"1\" loading=\"lazy\" decoding=\"async\" data-attachment-id=\"98\" data-permalink=\"https:\/\/blogs.lyceecfadumene.fr\/tyanheol\/2008\/03\/16\/vendredi-14-mars-2008\/dscf5205\/\" data-orig-file=\"https:\/\/i0.wp.com\/blogs.lyceecfadumene.fr\/tyanheol\/files\/2012\/02\/DSCF5205.jpg?fit=300%2C225&amp;ssl=1\" data-orig-size=\"300,225\" data-comments-opened=\"1\" data-image-meta=\"{&quot;aperture&quot;:&quot;4&quot;,&quot;credit&quot;:&quot;&quot;,&quot;camera&quot;:&quot;FinePix S7000&quot;,&quot;caption&quot;:&quot;&quot;,&quot;created_timestamp&quot;:&quot;1045811648&quot;,&quot;copyright&quot;:&quot;&quot;,&quot;focal_length&quot;:&quot;26&quot;,&quot;iso&quot;:&quot;160&quot;,&quot;shutter_speed&quot;:&quot;0.00416666666667&quot;,&quot;title&quot;:&quot;&quot;}\" data-image-title=\"DSCF5205\" data-image-description=\"\" data-image-caption=\"\" data-large-file=\"https:\/\/i0.wp.com\/blogs.lyceecfadumene.fr\/tyanheol\/files\/2012\/02\/DSCF5205.jpg?fit=300%2C225&amp;ssl=1\" class=\"alignnone size-full wp-image-98\" style=\"border: 1px solid black\" src=\"https:\/\/i0.wp.com\/blogs.lyceecfadumene.fr\/tyanheol\/files\/2012\/02\/DSCF5205.jpg?resize=300%2C225&#038;ssl=1\" alt=\"\" width=\"300\" height=\"225\" \/><\/a><\/p>\n<p>La cath\u00e9drale et les b\u00e2timents politiques.<\/p>\n<p><a href=\"https:\/\/i0.wp.com\/blogs.lyceecfadumene.fr\/tyanheol\/files\/2012\/02\/DSCF5204.jpg?ssl=1\"><img data-recalc-dims=\"1\" loading=\"lazy\" decoding=\"async\" data-attachment-id=\"97\" data-permalink=\"https:\/\/blogs.lyceecfadumene.fr\/tyanheol\/2008\/03\/16\/vendredi-14-mars-2008\/dscf5204\/\" data-orig-file=\"https:\/\/i0.wp.com\/blogs.lyceecfadumene.fr\/tyanheol\/files\/2012\/02\/DSCF5204.jpg?fit=300%2C225&amp;ssl=1\" data-orig-size=\"300,225\" data-comments-opened=\"1\" data-image-meta=\"{&quot;aperture&quot;:&quot;2.8&quot;,&quot;credit&quot;:&quot;&quot;,&quot;camera&quot;:&quot;FinePix S7000&quot;,&quot;caption&quot;:&quot;&quot;,&quot;created_timestamp&quot;:&quot;1045811603&quot;,&quot;copyright&quot;:&quot;&quot;,&quot;focal_length&quot;:&quot;7.8&quot;,&quot;iso&quot;:&quot;200&quot;,&quot;shutter_speed&quot;:&quot;0.00833333333333&quot;,&quot;title&quot;:&quot;&quot;}\" data-image-title=\"DSCF5204\" data-image-description=\"\" data-image-caption=\"\" data-large-file=\"https:\/\/i0.wp.com\/blogs.lyceecfadumene.fr\/tyanheol\/files\/2012\/02\/DSCF5204.jpg?fit=300%2C225&amp;ssl=1\" class=\"alignnone size-full wp-image-97\" style=\"border: 1px solid black\" src=\"https:\/\/i0.wp.com\/blogs.lyceecfadumene.fr\/tyanheol\/files\/2012\/02\/DSCF5204.jpg?resize=300%2C225&#038;ssl=1\" alt=\"\" width=\"300\" height=\"225\" \/><\/a><\/p>\n<p>La pub sur un tram.<\/p>\n<p>&nbsp;<\/p>\n<p>&nbsp;<\/p>\n","protected":false},"excerpt":{"rendered":"<p>Notre court s\u00e9jour \u00e0 Nuremberg se termine par la visite de la vieille ville. Bombard\u00e9e pendant la Seconde Guerre Mondiale, elle a \u00e9t\u00e9 reconstruite au XX\u00e8me si\u00e8cle avec le financement des habitants. Vers 10h, nous part\u00eemes de l\u2019Allemagne&nbsp;: direction Prague (R\u00e9publique Tch\u00e8que). Nous avons pu changer \u00e0 la fronti\u00e8re, nos euros contre des couronnes. A &hellip; <a href=\"https:\/\/blogs.lyceecfadumene.fr\/tyanheol\/2008\/03\/16\/vendredi-14-mars-2008\/\" class=\"more-link\">Continuer la lecture de <span class=\"screen-reader-text\">Vendredi 14 mars 2008<\/span> <span class=\"meta-nav\">&rarr;<\/span><\/a><\/p>\n","protected":false},"author":1,"featured_media":0,"comment_status":"open","ping_status":"open","sticky":false,"template":"","format":"standard","meta":{"_jetpack_memberships_contains_paid_content":false,"footnotes":"","jetpack_publicize_message":"","jetpack_publicize_feature_enabled":true,"jetpack_social_post_already_shared":true,"jetpack_social_options":{"image_generator_settings":{"template":"highway","default_image_id":0,"font":"","enabled":false},"version":2}},"categories":[10744,10745],"tags":[],"class_list":["post-637","post","type-post","status-publish","format-standard","hentry","category-allemagne","category-republique-tcheque"],"aioseo_notices":[],"jetpack_publicize_connections":[],"jetpack_featured_media_url":"","jetpack_shortlink":"https:\/\/wp.me\/p1SrOO-ah","jetpack_sharing_enabled":true,"_links":{"self":[{"href":"https:\/\/blogs.lyceecfadumene.fr\/tyanheol\/wp-json\/wp\/v2\/posts\/637","targetHints":{"allow":["GET"]}}],"collection":[{"href":"https:\/\/blogs.lyceecfadumene.fr\/tyanheol\/wp-json\/wp\/v2\/posts"}],"about":[{"href":"https:\/\/blogs.lyceecfadumene.fr\/tyanheol\/wp-json\/wp\/v2\/types\/post"}],"author":[{"embeddable":true,"href":"https:\/\/blogs.lyceecfadumene.fr\/tyanheol\/wp-json\/wp\/v2\/users\/1"}],"replies":[{"embeddable":true,"href":"https:\/\/blogs.lyceecfadumene.fr\/tyanheol\/wp-json\/wp\/v2\/comments?post=637"}],"version-history":[{"count":0,"href":"https:\/\/blogs.lyceecfadumene.fr\/tyanheol\/wp-json\/wp\/v2\/posts\/637\/revisions"}],"wp:attachment":[{"href":"https:\/\/blogs.lyceecfadumene.fr\/tyanheol\/wp-json\/wp\/v2\/media?parent=637"}],"wp:term":[{"taxonomy":"category","embeddable":true,"href":"https:\/\/blogs.lyceecfadumene.fr\/tyanheol\/wp-json\/wp\/v2\/categories?post=637"},{"taxonomy":"post_tag","embeddable":true,"href":"https:\/\/blogs.lyceecfadumene.fr\/tyanheol\/wp-json\/wp\/v2\/tags?post=637"}],"curies":[{"name":"wp","href":"https:\/\/api.w.org\/{rel}","templated":true}]}}