{"id":635,"date":"2008-03-13T13:15:38","date_gmt":"2008-03-13T11:15:38","guid":{"rendered":"http:\/\/blogs.lyceecfadumene.fr\/bacproap\/?p=79"},"modified":"2008-03-13T13:15:38","modified_gmt":"2008-03-13T11:15:38","slug":"mercredi-12-mars-2008","status":"publish","type":"post","link":"https:\/\/blogs.lyceecfadumene.fr\/tyanheol\/2008\/03\/13\/mercredi-12-mars-2008\/","title":{"rendered":"Mercredi 12 mars 2008"},"content":{"rendered":"<p>Le d\u00e9but du p\u00e9riple a commenc\u00e9 vers 2h du matin, direction Strasbourg.<\/p>\n<p>Apr\u00e8s plusieurs pauses et ralentissements (pr\u00e8s de Paris), nous sommes arriv\u00e9s \u00e0 destination avec une heure de retard tout de m\u00eame\u2026<\/p>\n<p>A peine arriv\u00e9s, la visite du Parlement Europ\u00e9en devait d\u00e9buter. Celle-ci s\u2019est d\u00e9roul\u00e9e en deux parties&nbsp;:<\/p>\n<ul>\n<li>visite de l\u2019h\u00e9micycle<\/li>\n<li>conf\u00e9rence avec Mr Le Foll<\/li>\n<\/ul>\n<p>Dans l\u2019h\u00e9micycle, nous avons pu \u00e9couter un d\u00e9bat sur le trafic d\u2019armes traduit en Fran\u00e7ais en temps r\u00e9el.<\/p>\n<p>Ensuite, St\u00e9phane Le Foll, d\u00e9put\u00e9 Europ\u00e9en (d\u2019origine Bretonne) nous a pr\u00e9sent\u00e9 son travail au sein de la Commission Agricole.<\/p>\n<p>Nous avons dialogu\u00e9 pr\u00e8s d\u2019une heure et demi et il nous a donn\u00e9 son point de vue sur la situation actuelle et future de l\u2019Union Europ\u00e9enne.<\/p>\n<p>Une fois cette visite termin\u00e9e, un bon d\u00eener s\u2019est impos\u00e9 o\u00f9 nous avons pu d\u00e9guster des \u00ab&nbsp;flammek\u00fceches\u00bb, tartes traditionnelles Alsaciennes.<\/p>\n<p>Nous avons dormi \u00e0 l\u2019auberge de jeunesse de kehl (Allemagne) o\u00f9 chacun a pu trouver un sommeil r\u00e9parateur (o\u00f9 presque \u2026).<\/p>\n<p><a href=\"https:\/\/i0.wp.com\/blogs.lyceecfadumene.fr\/tyanheol\/files\/2012\/02\/12032008-007-copie-1.jpg?ssl=1\"><img data-recalc-dims=\"1\" loading=\"lazy\" decoding=\"async\" data-attachment-id=\"80\" data-permalink=\"https:\/\/blogs.lyceecfadumene.fr\/tyanheol\/2008\/03\/13\/mercredi-12-mars-2008\/12032008-007-copie-1\/\" data-orig-file=\"https:\/\/i0.wp.com\/blogs.lyceecfadumene.fr\/tyanheol\/files\/2012\/02\/12032008-007-copie-1.jpg?fit=300%2C225&amp;ssl=1\" data-orig-size=\"300,225\" data-comments-opened=\"1\" data-image-meta=\"{&quot;aperture&quot;:&quot;3.2&quot;,&quot;credit&quot;:&quot;&quot;,&quot;camera&quot;:&quot;5700&quot;,&quot;caption&quot;:&quot;&quot;,&quot;created_timestamp&quot;:&quot;1205341585&quot;,&quot;copyright&quot;:&quot;&quot;,&quot;focal_length&quot;:&quot;4.9&quot;,&quot;iso&quot;:&quot;0&quot;,&quot;shutter_speed&quot;:&quot;0&quot;,&quot;title&quot;:&quot;&quot;}\" data-image-title=\"12032008-007&amp;#8211;copie-1\" data-image-description=\"\" data-image-caption=\"\" data-large-file=\"https:\/\/i0.wp.com\/blogs.lyceecfadumene.fr\/tyanheol\/files\/2012\/02\/12032008-007-copie-1.jpg?fit=300%2C225&amp;ssl=1\" class=\"alignnone size-full wp-image-80\" style=\"border: 1px solid black\" src=\"https:\/\/i0.wp.com\/blogs.lyceecfadumene.fr\/tyanheol\/files\/2012\/02\/12032008-007-copie-1.jpg?resize=300%2C225&#038;ssl=1\" alt=\"\" width=\"300\" height=\"225\" \/><\/a><\/p>\n<p>Le Parlement europ\u00e9en.<\/p>\n<p><a href=\"https:\/\/i0.wp.com\/blogs.lyceecfadumene.fr\/tyanheol\/files\/2012\/02\/12032008-011-copie-1.jpg?ssl=1\"><img data-recalc-dims=\"1\" loading=\"lazy\" decoding=\"async\" data-attachment-id=\"81\" data-permalink=\"https:\/\/blogs.lyceecfadumene.fr\/tyanheol\/2008\/03\/13\/mercredi-12-mars-2008\/12032008-011-copie-1\/\" data-orig-file=\"https:\/\/i0.wp.com\/blogs.lyceecfadumene.fr\/tyanheol\/files\/2012\/02\/12032008-011-copie-1.jpg?fit=300%2C225&amp;ssl=1\" data-orig-size=\"300,225\" data-comments-opened=\"1\" data-image-meta=\"{&quot;aperture&quot;:&quot;3.2&quot;,&quot;credit&quot;:&quot;&quot;,&quot;camera&quot;:&quot;5700&quot;,&quot;caption&quot;:&quot;&quot;,&quot;created_timestamp&quot;:&quot;1205348212&quot;,&quot;copyright&quot;:&quot;&quot;,&quot;focal_length&quot;:&quot;4.9&quot;,&quot;iso&quot;:&quot;0&quot;,&quot;shutter_speed&quot;:&quot;0&quot;,&quot;title&quot;:&quot;&quot;}\" data-image-title=\"12032008-011&amp;#8211;copie-1\" data-image-description=\"\" data-image-caption=\"\" data-large-file=\"https:\/\/i0.wp.com\/blogs.lyceecfadumene.fr\/tyanheol\/files\/2012\/02\/12032008-011-copie-1.jpg?fit=300%2C225&amp;ssl=1\" class=\"alignnone size-full wp-image-81\" style=\"border: 1px solid black\" src=\"https:\/\/i0.wp.com\/blogs.lyceecfadumene.fr\/tyanheol\/files\/2012\/02\/12032008-011-copie-1.jpg?resize=300%2C225&#038;ssl=1\" alt=\"\" width=\"300\" height=\"225\" \/><\/a><\/p>\n<p>La maquette du Parlement<\/p>\n<p><a href=\"https:\/\/i0.wp.com\/blogs.lyceecfadumene.fr\/tyanheol\/files\/2012\/02\/Photo-de-groupe-avec-Mr-Le-Foll.jpg?ssl=1\"><img data-recalc-dims=\"1\" loading=\"lazy\" decoding=\"async\" data-attachment-id=\"83\" data-permalink=\"https:\/\/blogs.lyceecfadumene.fr\/tyanheol\/2008\/03\/13\/mercredi-12-mars-2008\/photo-de-groupe-avec-mr-le-foll\/\" data-orig-file=\"https:\/\/i0.wp.com\/blogs.lyceecfadumene.fr\/tyanheol\/files\/2012\/02\/Photo-de-groupe-avec-Mr-Le-Foll.jpg?fit=300%2C225&amp;ssl=1\" data-orig-size=\"300,225\" data-comments-opened=\"1\" data-image-meta=\"{&quot;aperture&quot;:&quot;2.8&quot;,&quot;credit&quot;:&quot;&quot;,&quot;camera&quot;:&quot;FinePix S7000&quot;,&quot;caption&quot;:&quot;&quot;,&quot;created_timestamp&quot;:&quot;1045646904&quot;,&quot;copyright&quot;:&quot;&quot;,&quot;focal_length&quot;:&quot;7.8&quot;,&quot;iso&quot;:&quot;200&quot;,&quot;shutter_speed&quot;:&quot;0.0166666666667&quot;,&quot;title&quot;:&quot;&quot;}\" data-image-title=\"Photo-de-groupe-avec-Mr-Le-Foll\" data-image-description=\"\" data-image-caption=\"\" data-large-file=\"https:\/\/i0.wp.com\/blogs.lyceecfadumene.fr\/tyanheol\/files\/2012\/02\/Photo-de-groupe-avec-Mr-Le-Foll.jpg?fit=300%2C225&amp;ssl=1\" class=\"alignnone size-full wp-image-83\" style=\"border: 1px solid black\" src=\"https:\/\/i0.wp.com\/blogs.lyceecfadumene.fr\/tyanheol\/files\/2012\/02\/Photo-de-groupe-avec-Mr-Le-Foll.jpg?resize=300%2C225&#038;ssl=1\" alt=\"\" width=\"300\" height=\"225\" \/><\/a><\/p>\n<p>Le groupe en compagnie de Mr Le Foll (au centre)<\/p>\n<p><a href=\"https:\/\/i0.wp.com\/blogs.lyceecfadumene.fr\/tyanheol\/files\/2012\/02\/La-flamenc-che.jpg?ssl=1\"><img data-recalc-dims=\"1\" loading=\"lazy\" decoding=\"async\" class=\"alignnone size-full wp-image-82\" style=\"border: 1px solid black\" src=\"https:\/\/i0.wp.com\/blogs.lyceecfadumene.fr\/tyanheol\/files\/2012\/02\/La-flamenc-che.jpg?resize=300%2C200&#038;ssl=1\" alt=\"\" width=\"300\" height=\"200\" \/><\/a><\/p>\n<p>La flammek\u00fceche<\/p>\n","protected":false},"excerpt":{"rendered":"<p>Le d\u00e9but du p\u00e9riple a commenc\u00e9 vers 2h du matin, direction Strasbourg. Apr\u00e8s plusieurs pauses et ralentissements (pr\u00e8s de Paris), nous sommes arriv\u00e9s \u00e0 destination avec une heure de retard tout de m\u00eame\u2026 A peine arriv\u00e9s, la visite du Parlement Europ\u00e9en devait d\u00e9buter. Celle-ci s\u2019est d\u00e9roul\u00e9e en deux parties&nbsp;: visite de l\u2019h\u00e9micycle conf\u00e9rence avec Mr &hellip; <a href=\"https:\/\/blogs.lyceecfadumene.fr\/tyanheol\/2008\/03\/13\/mercredi-12-mars-2008\/\" class=\"more-link\">Continuer la lecture de <span class=\"screen-reader-text\">Mercredi 12 mars 2008<\/span> <span class=\"meta-nav\">&rarr;<\/span><\/a><\/p>\n","protected":false},"author":1,"featured_media":0,"comment_status":"open","ping_status":"open","sticky":false,"template":"","format":"standard","meta":{"_jetpack_memberships_contains_paid_content":false,"footnotes":"","jetpack_publicize_message":"","jetpack_publicize_feature_enabled":true,"jetpack_social_post_already_shared":true,"jetpack_social_options":{"image_generator_settings":{"template":"highway","default_image_id":0,"font":"","enabled":false},"version":2}},"categories":[13564],"tags":[],"class_list":["post-635","post","type-post","status-publish","format-standard","hentry","category-france"],"aioseo_notices":[],"jetpack_publicize_connections":[],"jetpack_featured_media_url":"","jetpack_shortlink":"https:\/\/wp.me\/p1SrOO-af","jetpack_sharing_enabled":true,"_links":{"self":[{"href":"https:\/\/blogs.lyceecfadumene.fr\/tyanheol\/wp-json\/wp\/v2\/posts\/635","targetHints":{"allow":["GET"]}}],"collection":[{"href":"https:\/\/blogs.lyceecfadumene.fr\/tyanheol\/wp-json\/wp\/v2\/posts"}],"about":[{"href":"https:\/\/blogs.lyceecfadumene.fr\/tyanheol\/wp-json\/wp\/v2\/types\/post"}],"author":[{"embeddable":true,"href":"https:\/\/blogs.lyceecfadumene.fr\/tyanheol\/wp-json\/wp\/v2\/users\/1"}],"replies":[{"embeddable":true,"href":"https:\/\/blogs.lyceecfadumene.fr\/tyanheol\/wp-json\/wp\/v2\/comments?post=635"}],"version-history":[{"count":0,"href":"https:\/\/blogs.lyceecfadumene.fr\/tyanheol\/wp-json\/wp\/v2\/posts\/635\/revisions"}],"wp:attachment":[{"href":"https:\/\/blogs.lyceecfadumene.fr\/tyanheol\/wp-json\/wp\/v2\/media?parent=635"}],"wp:term":[{"taxonomy":"category","embeddable":true,"href":"https:\/\/blogs.lyceecfadumene.fr\/tyanheol\/wp-json\/wp\/v2\/categories?post=635"},{"taxonomy":"post_tag","embeddable":true,"href":"https:\/\/blogs.lyceecfadumene.fr\/tyanheol\/wp-json\/wp\/v2\/tags?post=635"}],"curies":[{"name":"wp","href":"https:\/\/api.w.org\/{rel}","templated":true}]}}