{"id":451,"date":"2013-01-31T17:02:48","date_gmt":"2013-01-31T15:02:48","guid":{"rendered":"http:\/\/blogs.lyceecfadumene.fr\/sante\/?p=298"},"modified":"2013-11-27T14:50:44","modified_gmt":"2013-11-27T12:50:44","slug":"petite-histoire-de-la-vaccination-questions","status":"publish","type":"post","link":"https:\/\/blogs.lyceecfadumene.fr\/tyanheol\/2013\/01\/31\/petite-histoire-de-la-vaccination-questions\/","title":{"rendered":"Petite histoire de la vaccination &#8211; questions &#8211;"},"content":{"rendered":"<p><!--\n@page { margin: 2cm }\nP { margin-bottom: 0.21cm }\n--><\/p>\n<p align=\"center\"><span style=\"font-size: large\"><b>HISTOIRE DE LA VACCINATION<\/b><\/span><\/p>\n<p align=\"center\"><span style=\"font-size: large\"><b>QUIZZ<\/b><\/span><\/p>\n<p>&nbsp;<\/p>\n<p><a name=\"divIntroQuizVaccination\"><\/a><\/p>\n<div dir=\"ltr\" id=\"Section1\">\n<p><a name=\"divTexteIntro1\"><\/a><b>Le premier vaccin a \u00e9t\u00e9 mis au point en 1885 par le Fran\u00e7ais Louis Pasteur. Il a ainsi ouvert la voie \u00e0 de nombreuses d\u00e9couvertes et avanc\u00e9es m\u00e9dicales. <\/b><\/p>\n<p>&nbsp;<\/p>\n<\/div>\n<div dir=\"ltr\" id=\"Section2\">\n<p><a name=\"divTexteIntro2\"><\/a>D\u00e9couvrez les faits marquants de l\u2019histoire de la vaccination gr\u00e2ce \u00e0 ce jeu questionnaire.<\/p>\n<\/div>\n<div dir=\"ltr\" id=\"Section3\">\n<p><a name=\"divBoutonCommencerQuiz\"><\/a><\/p>\n<\/div>\n<div dir=\"ltr\" id=\"Section4\">\n<p><a name=\"divQuizFaitPar\"><\/a><b>Texte et recherche: Dominique Forget <\/b><\/p>\n<p>&nbsp;<\/p>\n<p><i><b>Notez vos r\u00e9ponses sur une feuille ( ex: 1-d ) pour comparez avec les r\u00e9ponses si dessous.<\/b><\/i><\/p>\n<\/div>\n<div dir=\"ltr\" id=\"Section5\">\n<p>&nbsp;<\/p>\n<p>&nbsp;<\/p>\n<p align=\"center\"><b>QUESTION 1<\/b><\/p>\n<p align=\"center\">Quelle est l\u2019origine du mot vaccination?<\/p>\n<p align=\"center\">a) C\u2019est un d\u00e9riv\u00e9 du mot \u00ab vacuole \u00bb.<\/p>\n<p align=\"center\">b) C\u2019est un d\u00e9riv\u00e9 du mot \u00ab variole \u00bb.<\/p>\n<ol start=\"100\" type=\"i\">\n<li>\n<p align=\"center\">C\u2019est un d\u00e9riv\u00e9 du mot \u00ab virus \u00bb.<\/p>\n<\/li>\n<\/ol>\n<p align=\"center\">d) C\u2019est un d\u00e9riv\u00e9 du mot \u00ab vache \u00bb.<\/p>\n<p align=\"center\"><b>QUESTION 2<\/b><\/p>\n<p align=\"center\">Parmi ces vaccins, lequel a \u00e9t\u00e9 mis au point le premier?<\/p>\n<p align=\"center\">a) Le vaccin anti-rage<\/p>\n<p align=\"center\">b) Le vaccin contre l\u2019h\u00e9patite B<\/p>\n<p align=\"center\">c) Le vaccin anti-typho\u00efde<\/p>\n<p align=\"center\">d) Le vaccin contre la fi\u00e8vre jaune<\/p>\n<p align=\"center\"><b>QUESTION 3<\/b><\/p>\n<p align=\"center\">En 1929 \u00e9clate le drame de L\u00fcbeck : 71 enfants meurent dans une ville d\u2019Allemagne apr\u00e8s avoir \u00e9t\u00e9 vaccin\u00e9s. Quel grand scientifique est montr\u00e9 du doigt (\u00e0 tort)?<\/p>\n<p align=\"center\">a) Louis Pasteur<\/p>\n<p align=\"center\">b) Albert Calmette<\/p>\n<p align=\"center\">c) Max Theiler<\/p>\n<p align=\"center\">d) Albert Sabin<\/p>\n<p align=\"center\"><b>QUESTION 4<\/b><\/p>\n<p align=\"center\">L\u2019Am\u00e9ricain Jonas Salk est c\u00e9l\u00e8bre pour avoir mis au point un vaccin contre quelle maladie?<\/p>\n<p align=\"center\">a) La tuberculose<\/p>\n<p align=\"center\">b) La fi\u00e8vre jaune<\/p>\n<p align=\"center\">c) La typho\u00efde<\/p>\n<p align=\"center\">d) La poliomy\u00e9lite<\/p>\n<p align=\"center\"><b>QUESTION 5<\/b><\/p>\n<p align=\"center\">Le premier vaccin contre la varicelle a \u00e9t\u00e9 mis au point en 1973. De quelle nationalit\u00e9 est son inventeur?<\/p>\n<p align=\"center\">a) Fran\u00e7aise<\/p>\n<p align=\"center\">b) Am\u00e9ricaine<\/p>\n<p align=\"center\">c) Suisse<\/p>\n<p align=\"center\">d) Japonaise<\/p>\n<p align=\"center\"><b>QUESTION 6<\/b><\/p>\n<p align=\"center\">En quelle ann\u00e9e l\u2019Organisation mondiale de la Sant\u00e9 (OMS) a-t-elle annonc\u00e9 l\u2019\u00e9radication de la variole?<\/p>\n<p align=\"center\">a) En 1970<\/p>\n<p align=\"center\">b) En 1975<\/p>\n<p align=\"center\">c) En 1980<\/p>\n<p align=\"center\">d) En 1985<\/p>\n<p align=\"center\"><b>QUESTION 7<\/b><\/p>\n<p align=\"center\">Depuis quelle ann\u00e9e le gouvernement du Qu\u00e9bec offre-t-il la vaccination gratuite contre la grippe (influenza) \u00e0 certains groupes \u00e0 risque?<\/p>\n<p align=\"center\">a) 1971<\/p>\n<p align=\"center\">b) 1987<\/p>\n<p align=\"center\">c) 1998<\/p>\n<p align=\"center\">d) 2006<\/p>\n<p align=\"center\"><b>QUESTION 8<\/b><\/p>\n<p align=\"center\">En 2004, deux compagnies pharmaceutiques ont mis au point simultan\u00e9ment des vaccins contre une maladie infantile. Laquelle?<\/p>\n<p align=\"center\">a) Les oreillons<\/p>\n<p align=\"center\">b) Le rotavirus<\/p>\n<p align=\"center\">c) La rub\u00e9ole<\/p>\n<p align=\"center\">d) La rougeole<\/p>\n<\/div>\n<div dir=\"ltr\" id=\"Section6\">\n<p align=\"center\"><b>QUESTION 9<\/b><\/p>\n<p align=\"center\">Quelle universit\u00e9 canadienne testera en 2009 un vaccin contre le sida aupr\u00e8s de premiers patients?<\/p>\n<p align=\"center\">a) L\u2019Universit\u00e9 de la Colombie-Britannique (UBC)<\/p>\n<p align=\"center\">b) L\u2019Universit\u00e9 McGill<\/p>\n<p align=\"center\">c) L\u2019Universit\u00e9 Queen\u2019s<\/p>\n<p align=\"center\">d) L\u2019Universit\u00e9 Western Ontario<\/p>\n<\/div>\n<div dir=\"ltr\" id=\"Section7\">\n<p>&nbsp;<\/p>\n<\/div>\n<div dir=\"ltr\" id=\"Section8\">\n<p align=\"center\"><b>QUESTION 10<\/b><\/p>\n<p align=\"center\">Quelle organisation fond\u00e9e en 2000 lutte contre les in\u00e9galit\u00e9s mondiales en mati\u00e8re de vaccination?<\/p>\n<p align=\"center\">a) vaccins sans fronti\u00e8res<\/p>\n<p align=\"center\">b) GAVI Alliance<\/p>\n<p align=\"center\">c) OMNIVAX<\/p>\n<p align=\"center\">d) Acc\u00e8s -vaccins<\/p>\n<p align=\"center\">\n<\/div>\n","protected":false},"excerpt":{"rendered":"<p>HISTOIRE DE LA VACCINATION QUIZZ &nbsp; Le premier vaccin a \u00e9t\u00e9 mis au point en 1885 par le Fran\u00e7ais Louis Pasteur. Il a ainsi ouvert la voie \u00e0 de nombreuses d\u00e9couvertes et avanc\u00e9es m\u00e9dicales. &nbsp; D\u00e9couvrez les faits marquants de l\u2019histoire de la vaccination gr\u00e2ce \u00e0 ce jeu questionnaire. Texte et recherche: Dominique Forget &nbsp; &hellip; <a href=\"https:\/\/blogs.lyceecfadumene.fr\/tyanheol\/2013\/01\/31\/petite-histoire-de-la-vaccination-questions\/\" class=\"more-link\">Continuer la lecture de <span class=\"screen-reader-text\">Petite histoire de la vaccination &#8211; questions &#8211;<\/span> <span class=\"meta-nav\">&rarr;<\/span><\/a><\/p>\n","protected":false},"author":43,"featured_media":0,"comment_status":"open","ping_status":"open","sticky":false,"template":"","format":"standard","meta":{"_jetpack_memberships_contains_paid_content":false,"footnotes":"","jetpack_publicize_message":"","jetpack_publicize_feature_enabled":true,"jetpack_social_post_already_shared":true,"jetpack_social_options":{"image_generator_settings":{"template":"highway","default_image_id":0,"font":"","enabled":false},"version":2}},"categories":[9203],"tags":[],"class_list":["post-451","post","type-post","status-publish","format-standard","hentry","category-sante"],"aioseo_notices":[],"jetpack_publicize_connections":[],"jetpack_featured_media_url":"","jetpack_shortlink":"https:\/\/wp.me\/p1SrOO-7h","jetpack_sharing_enabled":true,"_links":{"self":[{"href":"https:\/\/blogs.lyceecfadumene.fr\/tyanheol\/wp-json\/wp\/v2\/posts\/451","targetHints":{"allow":["GET"]}}],"collection":[{"href":"https:\/\/blogs.lyceecfadumene.fr\/tyanheol\/wp-json\/wp\/v2\/posts"}],"about":[{"href":"https:\/\/blogs.lyceecfadumene.fr\/tyanheol\/wp-json\/wp\/v2\/types\/post"}],"author":[{"embeddable":true,"href":"https:\/\/blogs.lyceecfadumene.fr\/tyanheol\/wp-json\/wp\/v2\/users\/43"}],"replies":[{"embeddable":true,"href":"https:\/\/blogs.lyceecfadumene.fr\/tyanheol\/wp-json\/wp\/v2\/comments?post=451"}],"version-history":[{"count":0,"href":"https:\/\/blogs.lyceecfadumene.fr\/tyanheol\/wp-json\/wp\/v2\/posts\/451\/revisions"}],"wp:attachment":[{"href":"https:\/\/blogs.lyceecfadumene.fr\/tyanheol\/wp-json\/wp\/v2\/media?parent=451"}],"wp:term":[{"taxonomy":"category","embeddable":true,"href":"https:\/\/blogs.lyceecfadumene.fr\/tyanheol\/wp-json\/wp\/v2\/categories?post=451"},{"taxonomy":"post_tag","embeddable":true,"href":"https:\/\/blogs.lyceecfadumene.fr\/tyanheol\/wp-json\/wp\/v2\/tags?post=451"}],"curies":[{"name":"wp","href":"https:\/\/api.w.org\/{rel}","templated":true}]}}