{"id":3935,"date":"2026-01-26T16:51:16","date_gmt":"2026-01-26T14:51:16","guid":{"rendered":"https:\/\/blogs.lyceecfadumene.fr\/tyanheol\/?p=3935"},"modified":"2026-01-26T16:51:19","modified_gmt":"2026-01-26T14:51:19","slug":"decouvrir-le-mini-stage","status":"publish","type":"post","link":"https:\/\/blogs.lyceecfadumene.fr\/tyanheol\/2026\/01\/26\/decouvrir-le-mini-stage\/","title":{"rendered":"D\u00e9couvrir le mini-stage !"},"content":{"rendered":"\n<p>Vous souhaitez d\u00e9couvrir le principe du mini-stage ? Venez \u00e9couter notre interview d&rsquo;un \u00e9l\u00e8ve du lyc\u00e9e du Men\u00e9 pour d\u00e9couvrir son ressenti et son v\u00e9cu !<\/p>\n\n\n\n<figure class=\"wp-block-image size-large\"><img data-recalc-dims=\"1\" loading=\"lazy\" decoding=\"async\" width=\"604\" height=\"256\" data-attachment-id=\"3936\" data-permalink=\"https:\/\/blogs.lyceecfadumene.fr\/tyanheol\/2026\/01\/26\/decouvrir-le-mini-stage\/gemini_generated_image_tw01dmtw01dmtw01\/\" data-orig-file=\"https:\/\/i0.wp.com\/blogs.lyceecfadumene.fr\/tyanheol\/files\/2026\/01\/Gemini_Generated_Image_tw01dmtw01dmtw01.png?fit=1584%2C672&amp;ssl=1\" data-orig-size=\"1584,672\" data-comments-opened=\"0\" data-image-meta=\"{&quot;aperture&quot;:&quot;0&quot;,&quot;credit&quot;:&quot;&quot;,&quot;camera&quot;:&quot;&quot;,&quot;caption&quot;:&quot;&quot;,&quot;created_timestamp&quot;:&quot;0&quot;,&quot;copyright&quot;:&quot;&quot;,&quot;focal_length&quot;:&quot;0&quot;,&quot;iso&quot;:&quot;0&quot;,&quot;shutter_speed&quot;:&quot;0&quot;,&quot;title&quot;:&quot;&quot;,&quot;orientation&quot;:&quot;0&quot;}\" data-image-title=\"Gemini_Generated_Image_tw01dmtw01dmtw01\" data-image-description=\"\" data-image-caption=\"\" data-large-file=\"https:\/\/i0.wp.com\/blogs.lyceecfadumene.fr\/tyanheol\/files\/2026\/01\/Gemini_Generated_Image_tw01dmtw01dmtw01.png?fit=604%2C256&amp;ssl=1\" src=\"https:\/\/i0.wp.com\/blogs.lyceecfadumene.fr\/tyanheol\/files\/2026\/01\/Gemini_Generated_Image_tw01dmtw01dmtw01-1024x434.png?resize=604%2C256&#038;ssl=1\" alt=\"\" class=\"wp-image-3936\" srcset=\"https:\/\/i0.wp.com\/blogs.lyceecfadumene.fr\/tyanheol\/files\/2026\/01\/Gemini_Generated_Image_tw01dmtw01dmtw01.png?resize=1024%2C434&amp;ssl=1 1024w, https:\/\/i0.wp.com\/blogs.lyceecfadumene.fr\/tyanheol\/files\/2026\/01\/Gemini_Generated_Image_tw01dmtw01dmtw01.png?resize=300%2C127&amp;ssl=1 300w, https:\/\/i0.wp.com\/blogs.lyceecfadumene.fr\/tyanheol\/files\/2026\/01\/Gemini_Generated_Image_tw01dmtw01dmtw01.png?resize=768%2C326&amp;ssl=1 768w, https:\/\/i0.wp.com\/blogs.lyceecfadumene.fr\/tyanheol\/files\/2026\/01\/Gemini_Generated_Image_tw01dmtw01dmtw01.png?resize=1536%2C652&amp;ssl=1 1536w, https:\/\/i0.wp.com\/blogs.lyceecfadumene.fr\/tyanheol\/files\/2026\/01\/Gemini_Generated_Image_tw01dmtw01dmtw01.png?w=1584&amp;ssl=1 1584w, https:\/\/i0.wp.com\/blogs.lyceecfadumene.fr\/tyanheol\/files\/2026\/01\/Gemini_Generated_Image_tw01dmtw01dmtw01.png?w=1208 1208w\" sizes=\"auto, (max-width: 604px) 100vw, 604px\" \/><\/figure>\n\n\n\n<figure class=\"wp-block-audio\"><audio controls src=\"https:\/\/blogs.lyceecfadumene.fr\/tyanheol\/files\/2026\/01\/Podcast-mini-stage-1.mp3\"><\/audio><\/figure>\n","protected":false},"excerpt":{"rendered":"<p>Vous souhaitez d\u00e9couvrir le principe du mini-stage ? Venez \u00e9couter notre interview d&rsquo;un \u00e9l\u00e8ve du lyc\u00e9e du Men\u00e9 pour d\u00e9couvrir son ressenti et son v\u00e9cu !<\/p>\n","protected":false},"author":43,"featured_media":0,"comment_status":"closed","ping_status":"closed","sticky":false,"template":"","format":"standard","meta":{"_jetpack_memberships_contains_paid_content":false,"footnotes":"","jetpack_publicize_message":"","jetpack_publicize_feature_enabled":true,"jetpack_social_post_already_shared":true,"jetpack_social_options":{"image_generator_settings":{"template":"highway","default_image_id":0,"font":"","enabled":false},"version":2}},"categories":[29435],"tags":[27920],"class_list":["post-3935","post","type-post","status-publish","format-standard","hentry","category-radio2","tag-podcast"],"aioseo_notices":[],"jetpack_publicize_connections":[],"jetpack_featured_media_url":"","jetpack_shortlink":"https:\/\/wp.me\/p1SrOO-11t","jetpack_sharing_enabled":true,"_links":{"self":[{"href":"https:\/\/blogs.lyceecfadumene.fr\/tyanheol\/wp-json\/wp\/v2\/posts\/3935","targetHints":{"allow":["GET"]}}],"collection":[{"href":"https:\/\/blogs.lyceecfadumene.fr\/tyanheol\/wp-json\/wp\/v2\/posts"}],"about":[{"href":"https:\/\/blogs.lyceecfadumene.fr\/tyanheol\/wp-json\/wp\/v2\/types\/post"}],"author":[{"embeddable":true,"href":"https:\/\/blogs.lyceecfadumene.fr\/tyanheol\/wp-json\/wp\/v2\/users\/43"}],"replies":[{"embeddable":true,"href":"https:\/\/blogs.lyceecfadumene.fr\/tyanheol\/wp-json\/wp\/v2\/comments?post=3935"}],"version-history":[{"count":2,"href":"https:\/\/blogs.lyceecfadumene.fr\/tyanheol\/wp-json\/wp\/v2\/posts\/3935\/revisions"}],"predecessor-version":[{"id":3942,"href":"https:\/\/blogs.lyceecfadumene.fr\/tyanheol\/wp-json\/wp\/v2\/posts\/3935\/revisions\/3942"}],"wp:attachment":[{"href":"https:\/\/blogs.lyceecfadumene.fr\/tyanheol\/wp-json\/wp\/v2\/media?parent=3935"}],"wp:term":[{"taxonomy":"category","embeddable":true,"href":"https:\/\/blogs.lyceecfadumene.fr\/tyanheol\/wp-json\/wp\/v2\/categories?post=3935"},{"taxonomy":"post_tag","embeddable":true,"href":"https:\/\/blogs.lyceecfadumene.fr\/tyanheol\/wp-json\/wp\/v2\/tags?post=3935"}],"curies":[{"name":"wp","href":"https:\/\/api.w.org\/{rel}","templated":true}]}}