{"id":3902,"date":"2025-12-06T17:59:40","date_gmt":"2025-12-06T15:59:40","guid":{"rendered":"https:\/\/blogs.lyceecfadumene.fr\/tyanheol\/?p=3902"},"modified":"2025-12-06T17:59:42","modified_gmt":"2025-12-06T15:59:42","slug":"comment-trouver-sa-voie","status":"publish","type":"post","link":"https:\/\/blogs.lyceecfadumene.fr\/tyanheol\/2025\/12\/06\/comment-trouver-sa-voie\/","title":{"rendered":"Comment trouver sa voie ?"},"content":{"rendered":"\n<figure class=\"wp-block-image size-full\"><img data-recalc-dims=\"1\" loading=\"lazy\" decoding=\"async\" width=\"604\" height=\"340\" data-attachment-id=\"3903\" data-permalink=\"https:\/\/blogs.lyceecfadumene.fr\/tyanheol\/2025\/12\/06\/comment-trouver-sa-voie\/eric-merdrignac\/\" data-orig-file=\"https:\/\/i0.wp.com\/blogs.lyceecfadumene.fr\/tyanheol\/files\/2025\/12\/Eric-Merdrignac.jpg?fit=1000%2C563&amp;ssl=1\" data-orig-size=\"1000,563\" data-comments-opened=\"0\" data-image-meta=\"{&quot;aperture&quot;:&quot;0&quot;,&quot;credit&quot;:&quot;&quot;,&quot;camera&quot;:&quot;&quot;,&quot;caption&quot;:&quot;&quot;,&quot;created_timestamp&quot;:&quot;0&quot;,&quot;copyright&quot;:&quot;&quot;,&quot;focal_length&quot;:&quot;0&quot;,&quot;iso&quot;:&quot;0&quot;,&quot;shutter_speed&quot;:&quot;0&quot;,&quot;title&quot;:&quot;&quot;,&quot;orientation&quot;:&quot;1&quot;}\" data-image-title=\"Eric-Merdrignac\" data-image-description=\"\" data-image-caption=\"\" data-large-file=\"https:\/\/i0.wp.com\/blogs.lyceecfadumene.fr\/tyanheol\/files\/2025\/12\/Eric-Merdrignac.jpg?fit=604%2C340&amp;ssl=1\" src=\"https:\/\/i0.wp.com\/blogs.lyceecfadumene.fr\/tyanheol\/files\/2025\/12\/Eric-Merdrignac.jpg?resize=604%2C340&#038;ssl=1\" alt=\"\" class=\"wp-image-3903\" srcset=\"https:\/\/i0.wp.com\/blogs.lyceecfadumene.fr\/tyanheol\/files\/2025\/12\/Eric-Merdrignac.jpg?w=1000&amp;ssl=1 1000w, https:\/\/i0.wp.com\/blogs.lyceecfadumene.fr\/tyanheol\/files\/2025\/12\/Eric-Merdrignac.jpg?resize=300%2C169&amp;ssl=1 300w, https:\/\/i0.wp.com\/blogs.lyceecfadumene.fr\/tyanheol\/files\/2025\/12\/Eric-Merdrignac.jpg?resize=768%2C432&amp;ssl=1 768w\" sizes=\"auto, (max-width: 604px) 100vw, 604px\" \/><\/figure>\n\n\n\n<p>Pour notre podcast, nous avons rencontr\u00e9 Eric Roger, qui est le CPE adjoint et r\u00e9f\u00e9rent d\u2019orientation au Lyc\u00e9e, pour mieux comprendre Parcoursup, la plateforme d\u2019admission dans l\u2019enseignement sup\u00e9rieur.<\/p>\n\n\n\n<p>Chaque ann\u00e9e, les \u00e9l\u00e8ves de terminale s\u2019y inscrivent pour formuler leurs v\u0153ux d\u2019orientation, mais le fonctionnement reste parfois flou. M. Roger r\u00e9pond \u00e0 nos questions pour \u00e9clairer toutes les \u00e9tapes.<\/p>\n\n\n\n<figure class=\"wp-block-audio\"><audio controls src=\"https:\/\/blogs.lyceecfadumene.fr\/tyanheol\/files\/2025\/12\/interview-mr-Roger.mp3\"><\/audio><\/figure>\n\n\n\n<p>Bonne \u00e9coute et \u00e0 bient\u00f4t&nbsp;!!<\/p>\n","protected":false},"excerpt":{"rendered":"<p>Pour notre podcast, nous avons rencontr\u00e9 Eric Roger, qui est le CPE adjoint et r\u00e9f\u00e9rent d\u2019orientation au Lyc\u00e9e, pour mieux comprendre Parcoursup, la plateforme d\u2019admission dans l\u2019enseignement sup\u00e9rieur. Chaque ann\u00e9e, les \u00e9l\u00e8ves de terminale s\u2019y inscrivent pour formuler leurs v\u0153ux d\u2019orientation, mais le fonctionnement reste parfois flou. M. Roger r\u00e9pond \u00e0 nos questions pour \u00e9clairer &hellip; <a href=\"https:\/\/blogs.lyceecfadumene.fr\/tyanheol\/2025\/12\/06\/comment-trouver-sa-voie\/\" class=\"more-link\">Continuer la lecture de <span class=\"screen-reader-text\">Comment trouver sa voie ?<\/span> <span class=\"meta-nav\">&rarr;<\/span><\/a><\/p>\n","protected":false},"author":43,"featured_media":0,"comment_status":"closed","ping_status":"closed","sticky":false,"template":"","format":"standard","meta":{"_jetpack_memberships_contains_paid_content":false,"footnotes":"","jetpack_publicize_message":"","jetpack_publicize_feature_enabled":true,"jetpack_social_post_already_shared":true,"jetpack_social_options":{"image_generator_settings":{"template":"highway","default_image_id":0,"font":"","enabled":false},"version":2}},"categories":[29435],"tags":[4,6,29468],"class_list":["post-3902","post","type-post","status-publish","format-standard","hentry","category-radio2","tag-lycee","tag-merdrignac","tag-parcoursup"],"aioseo_notices":[],"jetpack_publicize_connections":[],"jetpack_featured_media_url":"","jetpack_shortlink":"https:\/\/wp.me\/p1SrOO-10W","jetpack_sharing_enabled":true,"_links":{"self":[{"href":"https:\/\/blogs.lyceecfadumene.fr\/tyanheol\/wp-json\/wp\/v2\/posts\/3902","targetHints":{"allow":["GET"]}}],"collection":[{"href":"https:\/\/blogs.lyceecfadumene.fr\/tyanheol\/wp-json\/wp\/v2\/posts"}],"about":[{"href":"https:\/\/blogs.lyceecfadumene.fr\/tyanheol\/wp-json\/wp\/v2\/types\/post"}],"author":[{"embeddable":true,"href":"https:\/\/blogs.lyceecfadumene.fr\/tyanheol\/wp-json\/wp\/v2\/users\/43"}],"replies":[{"embeddable":true,"href":"https:\/\/blogs.lyceecfadumene.fr\/tyanheol\/wp-json\/wp\/v2\/comments?post=3902"}],"version-history":[{"count":3,"href":"https:\/\/blogs.lyceecfadumene.fr\/tyanheol\/wp-json\/wp\/v2\/posts\/3902\/revisions"}],"predecessor-version":[{"id":3908,"href":"https:\/\/blogs.lyceecfadumene.fr\/tyanheol\/wp-json\/wp\/v2\/posts\/3902\/revisions\/3908"}],"wp:attachment":[{"href":"https:\/\/blogs.lyceecfadumene.fr\/tyanheol\/wp-json\/wp\/v2\/media?parent=3902"}],"wp:term":[{"taxonomy":"category","embeddable":true,"href":"https:\/\/blogs.lyceecfadumene.fr\/tyanheol\/wp-json\/wp\/v2\/categories?post=3902"},{"taxonomy":"post_tag","embeddable":true,"href":"https:\/\/blogs.lyceecfadumene.fr\/tyanheol\/wp-json\/wp\/v2\/tags?post=3902"}],"curies":[{"name":"wp","href":"https:\/\/api.w.org\/{rel}","templated":true}]}}