{"id":3856,"date":"2025-10-14T18:42:43","date_gmt":"2025-10-14T16:42:43","guid":{"rendered":"https:\/\/blogs.lyceecfadumene.fr\/tyanheol\/?p=3856"},"modified":"2025-10-14T18:42:44","modified_gmt":"2025-10-14T16:42:44","slug":"comment-se-regarde-un-paysage","status":"publish","type":"post","link":"https:\/\/blogs.lyceecfadumene.fr\/tyanheol\/2025\/10\/14\/comment-se-regarde-un-paysage\/","title":{"rendered":"Comment se regarde un paysage ?"},"content":{"rendered":"\n<figure class=\"wp-block-image size-large\"><img data-recalc-dims=\"1\" loading=\"lazy\" decoding=\"async\" width=\"604\" height=\"340\" data-attachment-id=\"3857\" data-permalink=\"https:\/\/blogs.lyceecfadumene.fr\/tyanheol\/2025\/10\/14\/comment-se-regarde-un-paysage\/cpratique0\/\" data-orig-file=\"https:\/\/i0.wp.com\/blogs.lyceecfadumene.fr\/tyanheol\/files\/2025\/10\/CPratique0-scaled.jpg?fit=2560%2C1441&amp;ssl=1\" data-orig-size=\"2560,1441\" data-comments-opened=\"1\" data-image-meta=\"{&quot;aperture&quot;:&quot;1.65&quot;,&quot;credit&quot;:&quot;&quot;,&quot;camera&quot;:&quot;Redmi Note 13 Pro+ 5G&quot;,&quot;caption&quot;:&quot;&quot;,&quot;created_timestamp&quot;:&quot;1759831587&quot;,&quot;copyright&quot;:&quot;&quot;,&quot;focal_length&quot;:&quot;6.14&quot;,&quot;iso&quot;:&quot;50&quot;,&quot;shutter_speed&quot;:&quot;0.006873984&quot;,&quot;title&quot;:&quot;&quot;,&quot;orientation&quot;:&quot;1&quot;}\" data-image-title=\"C&amp;rsquo;Pratique0\" data-image-description=\"\" data-image-caption=\"\" data-large-file=\"https:\/\/i0.wp.com\/blogs.lyceecfadumene.fr\/tyanheol\/files\/2025\/10\/CPratique0-scaled.jpg?fit=604%2C340&amp;ssl=1\" src=\"https:\/\/i0.wp.com\/blogs.lyceecfadumene.fr\/tyanheol\/files\/2025\/10\/CPratique0-1024x576.jpg?resize=604%2C340&#038;ssl=1\" alt=\"\" class=\"wp-image-3857\" srcset=\"https:\/\/i0.wp.com\/blogs.lyceecfadumene.fr\/tyanheol\/files\/2025\/10\/CPratique0-scaled.jpg?resize=1024%2C576&amp;ssl=1 1024w, https:\/\/i0.wp.com\/blogs.lyceecfadumene.fr\/tyanheol\/files\/2025\/10\/CPratique0-scaled.jpg?resize=300%2C169&amp;ssl=1 300w, https:\/\/i0.wp.com\/blogs.lyceecfadumene.fr\/tyanheol\/files\/2025\/10\/CPratique0-scaled.jpg?resize=768%2C432&amp;ssl=1 768w, https:\/\/i0.wp.com\/blogs.lyceecfadumene.fr\/tyanheol\/files\/2025\/10\/CPratique0-scaled.jpg?resize=1536%2C864&amp;ssl=1 1536w, https:\/\/i0.wp.com\/blogs.lyceecfadumene.fr\/tyanheol\/files\/2025\/10\/CPratique0-scaled.jpg?resize=2048%2C1153&amp;ssl=1 2048w, https:\/\/i0.wp.com\/blogs.lyceecfadumene.fr\/tyanheol\/files\/2025\/10\/CPratique0-scaled.jpg?w=1208 1208w, https:\/\/i0.wp.com\/blogs.lyceecfadumene.fr\/tyanheol\/files\/2025\/10\/CPratique0-scaled.jpg?w=1812 1812w\" sizes=\"auto, (max-width: 604px) 100vw, 604px\" \/><\/figure>\n\n\n\n<p>Au c\u0153ur de la nature, l\u2019\u0153il vagabonde mais ne regarde pas. Pour voir r\u00e9ellement dans un paysage, il faut au contraire cadrer et resserrer, comme avec un appareil photo, dont le viseur devient un instrument d\u2019exploration qui fait voir ce qu\u2019on n\u2019aurait pas vu sans lui. Le cadrage de l\u2019appareil photo est comme une fen\u00eatre ouverte sur la nature, et ce qui est \u00ab&nbsp;cadr\u00e9&nbsp;\u00bb devient paysage.<\/p>\n\n\n\n<p>Judicieusement positionn\u00e9e, la fen\u00eatre peut \u00ab cadrer \u00bb une vue sur un \u00e9l\u00e9ment remarquable du paysage : elle d\u00e9coupe l&rsquo;horizon \u00e0 d\u00e9couvrir, \u00e0 la mani\u00e8re d&rsquo;un tableau. Une fen\u00eatre gomme les premiers plans et dirige le regard vers le lointain.<\/p>\n\n\n\n<p>Par cette fen\u00eatre, j\u2019aper\u00e7ois le paysage. Il est cadr\u00e9 par les montants de bois du cadre qui d\u00e9coupent deux bandes parall\u00e8les dans le tissu continu du dehors. Un jeu dans l\u2019image du dehors et du dedans. Une mise en ab\u00eeme, une sorte de photographie dans la photographie. C\u2019est l\u00e0 tout le sens de ce travail, r\u00e9alis\u00e9 par les \u00e9l\u00e8ves de Seconde \u00ab&nbsp;Nature Jardin Paysage For\u00eat&nbsp;\u00bb, afin que l\u2019\u0153il s\u2019exerce \u00e0 regarder, \u00e0 mieux regarder, pour \u00eatre attentif \u00e0 un d\u00e9tail, un volume, un contraste, une couleur, un rayon de soleil.<\/p>\n\n\n\n<p>Le travail du photographe, preneur d\u2019image, consiste \u00e0 braquer le regard sur un d\u00e9tail, dans une direction&nbsp;: Cadrer. Le cadre exige le recul, la bonne distance. Tout voir, bien s\u00fbr, mais seulement ce qui est dans le champ de l\u2019image ainsi cadr\u00e9e\u2026 Le panorama visible par la fen\u00eatre est comparable ici \u00e0 une v\u00e9ritable image dans l\u2019image. Offrir un morceau de paysage choisi \u00e0 travers une fen\u00eatre est une fa\u00e7on unique de profiter de la nature.<\/p>\n\n\n\n<p class=\"has-text-align-left\">On dit que l\u2019\u0153il est la fen\u00eatre de l\u2019\u00e2me, et qui gouverne la vision.<br>Et sans doute est-ce l\u00e0 une condition&nbsp;: La fen\u00eatre, le cadre, sont des \u00ab&nbsp;passes&nbsp;\u00bb pour y voir du paysage l\u00e0 o\u00f9, sans eux, il n\u2019y aurait que\u2026 la nature. Ce travail, pr\u00e9sent\u00e9 ici en vid\u00e9o, est donc un tour de passe-passe.<\/p>\n\n\n\n<figure class=\"wp-block-embed is-type-video is-provider-youtube wp-block-embed-youtube wp-embed-aspect-16-9 wp-has-aspect-ratio\"><div class=\"wp-block-embed__wrapper\">\n<span class=\"embed-youtube\" style=\"text-align:center; display: block;\"><iframe loading=\"lazy\" class=\"youtube-player\" width=\"604\" height=\"340\" src=\"https:\/\/www.youtube.com\/embed\/oRRPVxi794M?version=3&#038;rel=1&#038;showsearch=0&#038;showinfo=1&#038;iv_load_policy=1&#038;fs=1&#038;hl=fr-FR&#038;autohide=2&#038;wmode=transparent\" allowfullscreen=\"true\" style=\"border:0;\" sandbox=\"allow-scripts allow-same-origin allow-popups allow-presentation allow-popups-to-escape-sandbox\"><\/iframe><\/span>\n<\/div><\/figure>\n\n\n\n<p><\/p>\n\n\n\n<p><\/p>\n","protected":false},"excerpt":{"rendered":"<p>Au c\u0153ur de la nature, l\u2019\u0153il vagabonde mais ne regarde pas. Pour voir r\u00e9ellement dans un paysage, il faut au contraire cadrer et resserrer, comme avec un appareil photo, dont le viseur devient un instrument d\u2019exploration qui fait voir ce qu\u2019on n\u2019aurait pas vu sans lui. Le cadrage de l\u2019appareil photo est comme une fen\u00eatre &hellip; <a href=\"https:\/\/blogs.lyceecfadumene.fr\/tyanheol\/2025\/10\/14\/comment-se-regarde-un-paysage\/\" class=\"more-link\">Continuer la lecture de <span class=\"screen-reader-text\">Comment se regarde un paysage ?<\/span> <span class=\"meta-nav\">&rarr;<\/span><\/a><\/p>\n","protected":false},"author":97,"featured_media":0,"comment_status":"open","ping_status":"open","sticky":false,"template":"","format":"standard","meta":{"_jetpack_memberships_contains_paid_content":false,"footnotes":"","jetpack_publicize_message":"","jetpack_publicize_feature_enabled":true,"jetpack_social_post_already_shared":true,"jetpack_social_options":{"image_generator_settings":{"template":"highway","default_image_id":0,"font":"","enabled":false},"version":2}},"categories":[1],"tags":[9190,25464,4,6],"class_list":["post-3856","post","type-post","status-publish","format-standard","hentry","category-non-classe","tag-activites","tag-education-socioculturelle","tag-lycee","tag-merdrignac"],"aioseo_notices":[],"jetpack_publicize_connections":[],"jetpack_featured_media_url":"","jetpack_shortlink":"https:\/\/wp.me\/p1SrOO-10c","jetpack_sharing_enabled":true,"_links":{"self":[{"href":"https:\/\/blogs.lyceecfadumene.fr\/tyanheol\/wp-json\/wp\/v2\/posts\/3856","targetHints":{"allow":["GET"]}}],"collection":[{"href":"https:\/\/blogs.lyceecfadumene.fr\/tyanheol\/wp-json\/wp\/v2\/posts"}],"about":[{"href":"https:\/\/blogs.lyceecfadumene.fr\/tyanheol\/wp-json\/wp\/v2\/types\/post"}],"author":[{"embeddable":true,"href":"https:\/\/blogs.lyceecfadumene.fr\/tyanheol\/wp-json\/wp\/v2\/users\/97"}],"replies":[{"embeddable":true,"href":"https:\/\/blogs.lyceecfadumene.fr\/tyanheol\/wp-json\/wp\/v2\/comments?post=3856"}],"version-history":[{"count":2,"href":"https:\/\/blogs.lyceecfadumene.fr\/tyanheol\/wp-json\/wp\/v2\/posts\/3856\/revisions"}],"predecessor-version":[{"id":3860,"href":"https:\/\/blogs.lyceecfadumene.fr\/tyanheol\/wp-json\/wp\/v2\/posts\/3856\/revisions\/3860"}],"wp:attachment":[{"href":"https:\/\/blogs.lyceecfadumene.fr\/tyanheol\/wp-json\/wp\/v2\/media?parent=3856"}],"wp:term":[{"taxonomy":"category","embeddable":true,"href":"https:\/\/blogs.lyceecfadumene.fr\/tyanheol\/wp-json\/wp\/v2\/categories?post=3856"},{"taxonomy":"post_tag","embeddable":true,"href":"https:\/\/blogs.lyceecfadumene.fr\/tyanheol\/wp-json\/wp\/v2\/tags?post=3856"}],"curies":[{"name":"wp","href":"https:\/\/api.w.org\/{rel}","templated":true}]}}