{"id":3845,"date":"2025-10-13T16:45:34","date_gmt":"2025-10-13T14:45:34","guid":{"rendered":"https:\/\/blogs.lyceecfadumene.fr\/tyanheol\/?p=3845"},"modified":"2025-10-13T16:45:37","modified_gmt":"2025-10-13T14:45:37","slug":"la-parole-au-proviseur","status":"publish","type":"post","link":"https:\/\/blogs.lyceecfadumene.fr\/tyanheol\/2025\/10\/13\/la-parole-au-proviseur\/","title":{"rendered":"La Parole au Proviseur !"},"content":{"rendered":"\n<figure class=\"wp-block-image size-full\"><img data-recalc-dims=\"1\" loading=\"lazy\" decoding=\"async\" width=\"604\" height=\"544\" data-attachment-id=\"3846\" data-permalink=\"https:\/\/blogs.lyceecfadumene.fr\/tyanheol\/2025\/10\/13\/la-parole-au-proviseur\/merdrignac-nouveau-directeur-campus\/\" data-orig-file=\"https:\/\/i0.wp.com\/blogs.lyceecfadumene.fr\/tyanheol\/files\/2025\/10\/Merdrignac-nouveau-directeur-campus.webp?fit=832%2C750&amp;ssl=1\" data-orig-size=\"832,750\" data-comments-opened=\"1\" data-image-meta=\"{&quot;aperture&quot;:&quot;0&quot;,&quot;credit&quot;:&quot;&quot;,&quot;camera&quot;:&quot;&quot;,&quot;caption&quot;:&quot;&quot;,&quot;created_timestamp&quot;:&quot;0&quot;,&quot;copyright&quot;:&quot;&quot;,&quot;focal_length&quot;:&quot;0&quot;,&quot;iso&quot;:&quot;0&quot;,&quot;shutter_speed&quot;:&quot;0&quot;,&quot;title&quot;:&quot;&quot;,&quot;orientation&quot;:&quot;0&quot;}\" data-image-title=\"Merdrignac-nouveau-directeur-campus\" data-image-description=\"\" data-image-caption=\"\" data-large-file=\"https:\/\/i0.wp.com\/blogs.lyceecfadumene.fr\/tyanheol\/files\/2025\/10\/Merdrignac-nouveau-directeur-campus.webp?fit=604%2C544&amp;ssl=1\" src=\"https:\/\/i0.wp.com\/blogs.lyceecfadumene.fr\/tyanheol\/files\/2025\/10\/Merdrignac-nouveau-directeur-campus.webp?resize=604%2C544&#038;ssl=1\" alt=\"\" class=\"wp-image-3846\" srcset=\"https:\/\/i0.wp.com\/blogs.lyceecfadumene.fr\/tyanheol\/files\/2025\/10\/Merdrignac-nouveau-directeur-campus.webp?w=832&amp;ssl=1 832w, https:\/\/i0.wp.com\/blogs.lyceecfadumene.fr\/tyanheol\/files\/2025\/10\/Merdrignac-nouveau-directeur-campus.webp?resize=300%2C270&amp;ssl=1 300w, https:\/\/i0.wp.com\/blogs.lyceecfadumene.fr\/tyanheol\/files\/2025\/10\/Merdrignac-nouveau-directeur-campus.webp?resize=768%2C692&amp;ssl=1 768w\" sizes=\"auto, (max-width: 604px) 100vw, 604px\" \/><\/figure>\n\n\n\n<p>Dans notre Podcast, nous avons interrog\u00e9 notre nouveau directeur Mr Gallet. Il nous raconte son parcours professionnel et les projets qu\u2019il a pour notre campus.<\/p>\n\n\n\n<p>Bonne \u00e9coute et \u00e0 bient\u00f4t&nbsp;!!<\/p>\n\n\n\n<figure class=\"wp-block-audio\"><audio controls src=\"https:\/\/blogs.lyceecfadumene.fr\/tyanheol\/files\/2025\/10\/interview-directeur.mp3\"><\/audio><\/figure>\n\n\n\n<p><strong>Musique utilis\u00e9e :<\/strong><\/p>\n\n\n\n<p>Birthday by LiQWYD <a href=\"https:\/\/soundcloud.com\/liqwyd\" target=\"_blank\" rel=\"noreferrer noopener\">https:\/\/soundcloud.com\/liqwyd<\/a><br>Creative Commons \u2014 Attribution 3.0 Unported \u2014 CC BY 3.0<br>Download \/ Stream: <a href=\"https:\/\/hypeddit.com\/link\/h150s6\" target=\"_blank\" rel=\"noreferrer noopener\">https:\/\/hypeddit.com\/link\/h150s6<\/a><br>Music promoted by <a href=\"https:\/\/www.chosic.com\/free-music\/all\/\" target=\"_blank\" rel=\"noreferrer noopener\">https:\/\/www.chosic.com\/free-music\/all\/<\/a><br><\/p>\n","protected":false},"excerpt":{"rendered":"<p>Dans notre Podcast, nous avons interrog\u00e9 notre nouveau directeur Mr Gallet. Il nous raconte son parcours professionnel et les projets qu\u2019il a pour notre campus. Bonne \u00e9coute et \u00e0 bient\u00f4t&nbsp;!! Musique utilis\u00e9e : Birthday by LiQWYD https:\/\/soundcloud.com\/liqwydCreative Commons \u2014 Attribution 3.0 Unported \u2014 CC BY 3.0Download \/ Stream: https:\/\/hypeddit.com\/link\/h150s6Music promoted by https:\/\/www.chosic.com\/free-music\/all\/<\/p>\n","protected":false},"author":43,"featured_media":3846,"comment_status":"open","ping_status":"open","sticky":false,"template":"","format":"standard","meta":{"_jetpack_memberships_contains_paid_content":false,"footnotes":"","jetpack_publicize_message":"","jetpack_publicize_feature_enabled":false,"jetpack_social_post_already_shared":false,"jetpack_social_options":{"image_generator_settings":{"template":"highway","default_image_id":0,"font":"","enabled":false},"version":2}},"categories":[29435],"tags":[29467,3987],"class_list":["post-3845","post","type-post","status-publish","format-standard","has-post-thumbnail","hentry","category-radio2","tag-directeur","tag-interview"],"aioseo_notices":[],"jetpack_publicize_connections":[],"jetpack_featured_media_url":"https:\/\/i0.wp.com\/blogs.lyceecfadumene.fr\/tyanheol\/files\/2025\/10\/Merdrignac-nouveau-directeur-campus.webp?fit=832%2C750&ssl=1","jetpack_shortlink":"https:\/\/wp.me\/p1SrOO-101","jetpack_sharing_enabled":true,"_links":{"self":[{"href":"https:\/\/blogs.lyceecfadumene.fr\/tyanheol\/wp-json\/wp\/v2\/posts\/3845","targetHints":{"allow":["GET"]}}],"collection":[{"href":"https:\/\/blogs.lyceecfadumene.fr\/tyanheol\/wp-json\/wp\/v2\/posts"}],"about":[{"href":"https:\/\/blogs.lyceecfadumene.fr\/tyanheol\/wp-json\/wp\/v2\/types\/post"}],"author":[{"embeddable":true,"href":"https:\/\/blogs.lyceecfadumene.fr\/tyanheol\/wp-json\/wp\/v2\/users\/43"}],"replies":[{"embeddable":true,"href":"https:\/\/blogs.lyceecfadumene.fr\/tyanheol\/wp-json\/wp\/v2\/comments?post=3845"}],"version-history":[{"count":2,"href":"https:\/\/blogs.lyceecfadumene.fr\/tyanheol\/wp-json\/wp\/v2\/posts\/3845\/revisions"}],"predecessor-version":[{"id":3854,"href":"https:\/\/blogs.lyceecfadumene.fr\/tyanheol\/wp-json\/wp\/v2\/posts\/3845\/revisions\/3854"}],"wp:featuredmedia":[{"embeddable":true,"href":"https:\/\/blogs.lyceecfadumene.fr\/tyanheol\/wp-json\/wp\/v2\/media\/3846"}],"wp:attachment":[{"href":"https:\/\/blogs.lyceecfadumene.fr\/tyanheol\/wp-json\/wp\/v2\/media?parent=3845"}],"wp:term":[{"taxonomy":"category","embeddable":true,"href":"https:\/\/blogs.lyceecfadumene.fr\/tyanheol\/wp-json\/wp\/v2\/categories?post=3845"},{"taxonomy":"post_tag","embeddable":true,"href":"https:\/\/blogs.lyceecfadumene.fr\/tyanheol\/wp-json\/wp\/v2\/tags?post=3845"}],"curies":[{"name":"wp","href":"https:\/\/api.w.org\/{rel}","templated":true}]}}