{"id":3744,"date":"2025-02-07T11:55:33","date_gmt":"2025-02-07T09:55:33","guid":{"rendered":"https:\/\/blogs.lyceecfadumene.fr\/tyanheol\/?p=3744"},"modified":"2025-02-10T16:53:42","modified_gmt":"2025-02-10T14:53:42","slug":"tous-unis-contre-le-gaspillage-alimentaire","status":"publish","type":"post","link":"https:\/\/blogs.lyceecfadumene.fr\/tyanheol\/2025\/02\/07\/tous-unis-contre-le-gaspillage-alimentaire\/","title":{"rendered":"Tous unis contre le gaspillage alimentaire !"},"content":{"rendered":"\n<h3 class=\"wp-block-heading\">Podcast pr\u00e9sent\u00e9 par les BTSTC UJAC<\/h3>\n\n\n\n<p class=\"has-dark-gray-color has-text-color has-link-color has-medium-font-size wp-elements-a1ba2c0f48c2b1b1bc2c5e21d54fa1e0\">Bonjour, <\/p>\n\n\n\n<p class=\"has-dark-gray-color has-text-color has-link-color has-medium-font-size wp-elements-004b129cce55ba448a3749e998507a76\">Dans ce podcast, vous allez \u00e9couter une interview avec S\u00e9bastien Castel, le chef cuisinier du Campus de Merdrignac, en lien avec le gaspillage alimentaire.<\/p>\n\n\n\n<p class=\"has-dark-gray-color has-text-color has-link-color has-medium-font-size wp-elements-06ffd1952b6f38d6d4ae118bd5b32492\">Merci \u00e0 lui pour nous avoir accord\u00e9 de son temps pour r\u00e9pondre \u00e0 toutes nos questions !<\/p>\n\n\n\n<p class=\"has-dark-gray-color has-text-color has-link-color has-medium-font-size wp-elements-2d726aab7cfb0db8c43b7d8114b56fc8\">Bonne \u00e9coute !<\/p>\n\n\n\n<figure class=\"wp-block-image size-full\"><img data-recalc-dims=\"1\" loading=\"lazy\" decoding=\"async\" width=\"434\" height=\"578\" data-attachment-id=\"3747\" data-permalink=\"https:\/\/blogs.lyceecfadumene.fr\/tyanheol\/2025\/02\/07\/tous-unis-contre-le-gaspillage-alimentaire\/img_20250207_102426_315\/\" data-orig-file=\"https:\/\/i0.wp.com\/blogs.lyceecfadumene.fr\/tyanheol\/files\/2025\/01\/IMG_20250207_102426_315.jpg?fit=434%2C578&amp;ssl=1\" data-orig-size=\"434,578\" data-comments-opened=\"1\" data-image-meta=\"{&quot;aperture&quot;:&quot;0&quot;,&quot;credit&quot;:&quot;&quot;,&quot;camera&quot;:&quot;&quot;,&quot;caption&quot;:&quot;&quot;,&quot;created_timestamp&quot;:&quot;0&quot;,&quot;copyright&quot;:&quot;&quot;,&quot;focal_length&quot;:&quot;0&quot;,&quot;iso&quot;:&quot;0&quot;,&quot;shutter_speed&quot;:&quot;0&quot;,&quot;title&quot;:&quot;&quot;,&quot;orientation&quot;:&quot;0&quot;}\" data-image-title=\"IMG_20250207_102426_315\" data-image-description=\"\" data-image-caption=\"\" data-large-file=\"https:\/\/i0.wp.com\/blogs.lyceecfadumene.fr\/tyanheol\/files\/2025\/01\/IMG_20250207_102426_315.jpg?fit=434%2C578&amp;ssl=1\" src=\"https:\/\/i0.wp.com\/blogs.lyceecfadumene.fr\/tyanheol\/files\/2025\/01\/IMG_20250207_102426_315.jpg?resize=434%2C578\" alt=\"\" class=\"wp-image-3747\" srcset=\"https:\/\/i0.wp.com\/blogs.lyceecfadumene.fr\/tyanheol\/files\/2025\/01\/IMG_20250207_102426_315.jpg?w=434&amp;ssl=1 434w, https:\/\/i0.wp.com\/blogs.lyceecfadumene.fr\/tyanheol\/files\/2025\/01\/IMG_20250207_102426_315.jpg?resize=225%2C300&amp;ssl=1 225w\" sizes=\"auto, (max-width: 434px) 100vw, 434px\" \/><\/figure>\n\n\n\n<hr class=\"wp-block-separator has-alpha-channel-opacity is-style-wide\"\/>\n\n\n\n<p class=\"has-dark-gray-color has-text-color has-link-color has-medium-font-size wp-elements-c2ae990b9fb895691d7d440d4de9717e\">Le podcast :<\/p>\n\n\n\n<figure class=\"wp-block-audio\"><audio controls src=\"https:\/\/blogs.lyceecfadumene.fr\/tyanheol\/files\/2025\/02\/son.mp3\"><\/audio><\/figure>\n\n\n\n<p>Katy, Clara, Ma\u00ebva et Lou.<\/p>\n","protected":false},"excerpt":{"rendered":"<p>Podcast pr\u00e9sent\u00e9 par les BTSTC UJAC Bonjour, Dans ce podcast, vous allez \u00e9couter une interview avec S\u00e9bastien Castel, le chef cuisinier du Campus de Merdrignac, en lien avec le gaspillage alimentaire. Merci \u00e0 lui pour nous avoir accord\u00e9 de son temps pour r\u00e9pondre \u00e0 toutes nos questions ! Bonne \u00e9coute ! Le podcast : Katy, &hellip; <a href=\"https:\/\/blogs.lyceecfadumene.fr\/tyanheol\/2025\/02\/07\/tous-unis-contre-le-gaspillage-alimentaire\/\" class=\"more-link\">Continuer la lecture de <span class=\"screen-reader-text\">Tous unis contre le gaspillage alimentaire !<\/span> <span class=\"meta-nav\">&rarr;<\/span><\/a><\/p>\n","protected":false},"author":43,"featured_media":0,"comment_status":"open","ping_status":"open","sticky":false,"template":"","format":"standard","meta":{"_jetpack_memberships_contains_paid_content":false,"footnotes":"","jetpack_publicize_message":"","jetpack_publicize_feature_enabled":true,"jetpack_social_post_already_shared":true,"jetpack_social_options":{"image_generator_settings":{"template":"highway","default_image_id":0,"font":"","enabled":false},"version":2}},"categories":[1,29435],"tags":[29464,29463],"class_list":["post-3744","post","type-post","status-publish","format-standard","hentry","category-non-classe","category-radio2","tag-alimentaire","tag-gaspillage"],"aioseo_notices":[],"jetpack_publicize_connections":[],"jetpack_featured_media_url":"","jetpack_shortlink":"https:\/\/wp.me\/p1SrOO-Yo","jetpack_sharing_enabled":true,"_links":{"self":[{"href":"https:\/\/blogs.lyceecfadumene.fr\/tyanheol\/wp-json\/wp\/v2\/posts\/3744","targetHints":{"allow":["GET"]}}],"collection":[{"href":"https:\/\/blogs.lyceecfadumene.fr\/tyanheol\/wp-json\/wp\/v2\/posts"}],"about":[{"href":"https:\/\/blogs.lyceecfadumene.fr\/tyanheol\/wp-json\/wp\/v2\/types\/post"}],"author":[{"embeddable":true,"href":"https:\/\/blogs.lyceecfadumene.fr\/tyanheol\/wp-json\/wp\/v2\/users\/43"}],"replies":[{"embeddable":true,"href":"https:\/\/blogs.lyceecfadumene.fr\/tyanheol\/wp-json\/wp\/v2\/comments?post=3744"}],"version-history":[{"count":5,"href":"https:\/\/blogs.lyceecfadumene.fr\/tyanheol\/wp-json\/wp\/v2\/posts\/3744\/revisions"}],"predecessor-version":[{"id":3755,"href":"https:\/\/blogs.lyceecfadumene.fr\/tyanheol\/wp-json\/wp\/v2\/posts\/3744\/revisions\/3755"}],"wp:attachment":[{"href":"https:\/\/blogs.lyceecfadumene.fr\/tyanheol\/wp-json\/wp\/v2\/media?parent=3744"}],"wp:term":[{"taxonomy":"category","embeddable":true,"href":"https:\/\/blogs.lyceecfadumene.fr\/tyanheol\/wp-json\/wp\/v2\/categories?post=3744"},{"taxonomy":"post_tag","embeddable":true,"href":"https:\/\/blogs.lyceecfadumene.fr\/tyanheol\/wp-json\/wp\/v2\/tags?post=3744"}],"curies":[{"name":"wp","href":"https:\/\/api.w.org\/{rel}","templated":true}]}}