{"id":3683,"date":"2024-11-05T13:36:26","date_gmt":"2024-11-05T11:36:26","guid":{"rendered":"https:\/\/blogs.lyceecfadumene.fr\/tyanheol\/?p=3683"},"modified":"2024-11-05T13:36:28","modified_gmt":"2024-11-05T11:36:28","slug":"soiree-halloweeeeeeen","status":"publish","type":"post","link":"https:\/\/blogs.lyceecfadumene.fr\/tyanheol\/2024\/11\/05\/soiree-halloweeeeeeen\/","title":{"rendered":"Soir\u00e9e Halloweeeeeeen"},"content":{"rendered":"\n<figure class=\"wp-block-embed is-type-video is-provider-youtube wp-block-embed-youtube wp-embed-aspect-4-3 wp-has-aspect-ratio\"><div class=\"wp-block-embed__wrapper\">\n<span class=\"embed-youtube\" style=\"text-align:center; display: block;\"><iframe loading=\"lazy\" class=\"youtube-player\" width=\"604\" height=\"340\" src=\"https:\/\/www.youtube.com\/embed\/OXiM3o-hHwM?version=3&#038;rel=1&#038;showsearch=0&#038;showinfo=1&#038;iv_load_policy=1&#038;fs=1&#038;hl=fr-FR&#038;autohide=2&#038;wmode=transparent\" allowfullscreen=\"true\" style=\"border:0;\" sandbox=\"allow-scripts allow-same-origin allow-popups allow-presentation allow-popups-to-escape-sandbox\"><\/iframe><\/span>\n<\/div><figcaption class=\"wp-element-caption\">D\u00e9sol\u00e9 pour la qualit\u00e9 monstrueuse mais un fant\u00f4me a d\u00fb passer par l\u00e0&#8230;<\/figcaption><\/figure>\n\n\n\n<p>Une soir\u00e9e organis\u00e9e au Foyer par les adh\u00e9rents de l&rsquo;association des lyc\u00e9ens, \u00e9tudiants, stagiaires et apprentis, et tout particuli\u00e8rement la classe de Seconde Vente en Animalerie, aid\u00e9e par les Terminales, parce que c&rsquo;est \u00e7a aussi l&rsquo;engagement dans la vie associative. <\/p>\n\n\n\n<p>Merci aux organisateurs :<\/p>\n\n\n\n<ul class=\"wp-block-list\">\n<li>\u00e0 la d\u00e9co : les CAP1 Fleuristes et leur professeur d&rsquo;arts appliqu\u00e9s, pour la d\u00e9coration des vitres au Posca ;et aussi Micka\u00ebl, Nathan, Anakin, Matheo, Zo\u00e9, Clara, L\u00e9a&#8230;<\/li>\n\n\n\n<li>au bar : Zo\u00e9, Micka\u00ebl, Nathan, Illana, L\u00e9a, Clara, Swann, Winry<\/li>\n\n\n\n<li>\u00e0 la musique : Nathan &amp; Nathan<\/li>\n\n\n\n<li>aux achats : Anakin, Zo\u00e9, Micka\u00ebl<\/li>\n\n\n\n<li>au m\u00e9nage : Anakin, Micka\u00ebl<\/li>\n\n\n\n<li>au concours de d\u00e9guisement : Les participants qui ont retenu l&rsquo;attention sont Ambre en TCVPJ, Alan en TCVA, Jessie en TCVA, L\u00e9anne en 1CVA, Bryan en 1AP.<\/li>\n<\/ul>\n\n\n\n<p>Merci \u00e0 tous car c&rsquo;est de l&rsquo;implication, de l&rsquo;anticipation et de l&rsquo;organisation, le tout dans la bonne humeur.<\/p>\n","protected":false},"excerpt":{"rendered":"<p>Une soir\u00e9e organis\u00e9e au Foyer par les adh\u00e9rents de l&rsquo;association des lyc\u00e9ens, \u00e9tudiants, stagiaires et apprentis, et tout particuli\u00e8rement la classe de Seconde Vente en Animalerie, aid\u00e9e par les Terminales, parce que c&rsquo;est \u00e7a aussi l&rsquo;engagement dans la vie associative. Merci aux organisateurs : Merci \u00e0 tous car c&rsquo;est de l&rsquo;implication, de l&rsquo;anticipation et de &hellip; <a href=\"https:\/\/blogs.lyceecfadumene.fr\/tyanheol\/2024\/11\/05\/soiree-halloweeeeeeen\/\" class=\"more-link\">Continuer la lecture de <span class=\"screen-reader-text\">Soir\u00e9e Halloweeeeeeen<\/span> <span class=\"meta-nav\">&rarr;<\/span><\/a><\/p>\n","protected":false},"author":97,"featured_media":0,"comment_status":"open","ping_status":"open","sticky":false,"template":"","format":"standard","meta":{"_jetpack_memberships_contains_paid_content":false,"footnotes":"","jetpack_publicize_message":"","jetpack_publicize_feature_enabled":true,"jetpack_social_post_already_shared":true,"jetpack_social_options":{"image_generator_settings":{"template":"highway","default_image_id":0,"font":"","enabled":false},"version":2}},"categories":[1],"tags":[9190,25464,8236,4,6,3643],"class_list":["post-3683","post","type-post","status-publish","format-standard","hentry","category-non-classe","tag-activites","tag-education-socioculturelle","tag-foyer","tag-lycee","tag-merdrignac","tag-ty-an-heol"],"aioseo_notices":[],"jetpack_publicize_connections":[],"jetpack_featured_media_url":"","jetpack_shortlink":"https:\/\/wp.me\/p1SrOO-Xp","jetpack_sharing_enabled":true,"_links":{"self":[{"href":"https:\/\/blogs.lyceecfadumene.fr\/tyanheol\/wp-json\/wp\/v2\/posts\/3683","targetHints":{"allow":["GET"]}}],"collection":[{"href":"https:\/\/blogs.lyceecfadumene.fr\/tyanheol\/wp-json\/wp\/v2\/posts"}],"about":[{"href":"https:\/\/blogs.lyceecfadumene.fr\/tyanheol\/wp-json\/wp\/v2\/types\/post"}],"author":[{"embeddable":true,"href":"https:\/\/blogs.lyceecfadumene.fr\/tyanheol\/wp-json\/wp\/v2\/users\/97"}],"replies":[{"embeddable":true,"href":"https:\/\/blogs.lyceecfadumene.fr\/tyanheol\/wp-json\/wp\/v2\/comments?post=3683"}],"version-history":[{"count":1,"href":"https:\/\/blogs.lyceecfadumene.fr\/tyanheol\/wp-json\/wp\/v2\/posts\/3683\/revisions"}],"predecessor-version":[{"id":3684,"href":"https:\/\/blogs.lyceecfadumene.fr\/tyanheol\/wp-json\/wp\/v2\/posts\/3683\/revisions\/3684"}],"wp:attachment":[{"href":"https:\/\/blogs.lyceecfadumene.fr\/tyanheol\/wp-json\/wp\/v2\/media?parent=3683"}],"wp:term":[{"taxonomy":"category","embeddable":true,"href":"https:\/\/blogs.lyceecfadumene.fr\/tyanheol\/wp-json\/wp\/v2\/categories?post=3683"},{"taxonomy":"post_tag","embeddable":true,"href":"https:\/\/blogs.lyceecfadumene.fr\/tyanheol\/wp-json\/wp\/v2\/tags?post=3683"}],"curies":[{"name":"wp","href":"https:\/\/api.w.org\/{rel}","templated":true}]}}