{"id":3676,"date":"2024-10-11T11:26:21","date_gmt":"2024-10-11T09:26:21","guid":{"rendered":"https:\/\/blogs.lyceecfadumene.fr\/tyanheol\/?p=3676"},"modified":"2024-10-11T11:26:22","modified_gmt":"2024-10-11T09:26:22","slug":"presentation-du-bts-technico-commercial-option-vins-bieres-et-spiritueux","status":"publish","type":"post","link":"https:\/\/blogs.lyceecfadumene.fr\/tyanheol\/2024\/10\/11\/presentation-du-bts-technico-commercial-option-vins-bieres-et-spiritueux\/","title":{"rendered":"Pr\u00e9sentation du BTS Technico-Commercial option Vins Bi\u00e8res et Spiritueux\u00a0"},"content":{"rendered":"\n<figure class=\"wp-block-image size-full\"><img data-recalc-dims=\"1\" loading=\"lazy\" decoding=\"async\" width=\"604\" height=\"480\" data-attachment-id=\"3680\" data-permalink=\"https:\/\/blogs.lyceecfadumene.fr\/tyanheol\/2024\/10\/11\/presentation-du-bts-technico-commercial-option-vins-bieres-et-spiritueux\/image-eil-son-2\/\" data-orig-file=\"https:\/\/i0.wp.com\/blogs.lyceecfadumene.fr\/tyanheol\/files\/2024\/10\/image-EIL-Son-1.jpg?fit=800%2C636&amp;ssl=1\" data-orig-size=\"800,636\" data-comments-opened=\"1\" data-image-meta=\"{&quot;aperture&quot;:&quot;0&quot;,&quot;credit&quot;:&quot;&quot;,&quot;camera&quot;:&quot;&quot;,&quot;caption&quot;:&quot;&quot;,&quot;created_timestamp&quot;:&quot;0&quot;,&quot;copyright&quot;:&quot;&quot;,&quot;focal_length&quot;:&quot;0&quot;,&quot;iso&quot;:&quot;0&quot;,&quot;shutter_speed&quot;:&quot;0&quot;,&quot;title&quot;:&quot;&quot;,&quot;orientation&quot;:&quot;1&quot;}\" data-image-title=\"image-EIL-Son\" data-image-description=\"\" data-image-caption=\"\" data-large-file=\"https:\/\/i0.wp.com\/blogs.lyceecfadumene.fr\/tyanheol\/files\/2024\/10\/image-EIL-Son-1.jpg?fit=604%2C480&amp;ssl=1\" src=\"https:\/\/i0.wp.com\/blogs.lyceecfadumene.fr\/tyanheol\/files\/2024\/10\/image-EIL-Son-1.jpg?resize=604%2C480&#038;ssl=1\" alt=\"\" class=\"wp-image-3680\" srcset=\"https:\/\/i0.wp.com\/blogs.lyceecfadumene.fr\/tyanheol\/files\/2024\/10\/image-EIL-Son-1.jpg?w=800&amp;ssl=1 800w, https:\/\/i0.wp.com\/blogs.lyceecfadumene.fr\/tyanheol\/files\/2024\/10\/image-EIL-Son-1.jpg?resize=300%2C239&amp;ssl=1 300w, https:\/\/i0.wp.com\/blogs.lyceecfadumene.fr\/tyanheol\/files\/2024\/10\/image-EIL-Son-1.jpg?resize=768%2C611&amp;ssl=1 768w\" sizes=\"auto, (max-width: 604px) 100vw, 604px\" \/><\/figure>\n\n\n\n<p>Bonjour, <\/p>\n\n\n\n<p>Vous allez \u00e9couter un podcast qui parle d&rsquo;un nouveau BTS TC qui accueille sa premi\u00e8re promotion cette ann\u00e9e. Ce podcast a \u00e9t\u00e9 cr\u00e9\u00e9 par Elouan qui \u00e9tait au montage et Kelvin et Manon qui \u00e9taient au micro.<\/p>\n\n\n\n<p>Bonne \u00e9coute !<\/p>\n\n\n\n<figure class=\"wp-block-audio\"><audio controls src=\"https:\/\/blogs.lyceecfadumene.fr\/tyanheol\/files\/2024\/10\/Podcast_VBS.mp3\"><\/audio><\/figure>\n","protected":false},"excerpt":{"rendered":"<p>Bonjour, Vous allez \u00e9couter un podcast qui parle d&rsquo;un nouveau BTS TC qui accueille sa premi\u00e8re promotion cette ann\u00e9e. Ce podcast a \u00e9t\u00e9 cr\u00e9\u00e9 par Elouan qui \u00e9tait au montage et Kelvin et Manon qui \u00e9taient au micro. Bonne \u00e9coute !<\/p>\n","protected":false},"author":43,"featured_media":0,"comment_status":"open","ping_status":"open","sticky":false,"template":"","format":"standard","meta":{"_jetpack_memberships_contains_paid_content":false,"footnotes":"","jetpack_publicize_message":"","jetpack_publicize_feature_enabled":true,"jetpack_social_post_already_shared":true,"jetpack_social_options":{"image_generator_settings":{"template":"highway","default_image_id":0,"font":"","enabled":false},"version":2}},"categories":[1,29435],"tags":[6581,27920,29461],"class_list":["post-3676","post","type-post","status-publish","format-standard","hentry","category-non-classe","category-radio2","tag-bts-tc","tag-podcast","tag-vbs"],"aioseo_notices":[],"jetpack_publicize_connections":[],"jetpack_featured_media_url":"","jetpack_shortlink":"https:\/\/wp.me\/p1SrOO-Xi","jetpack_sharing_enabled":true,"_links":{"self":[{"href":"https:\/\/blogs.lyceecfadumene.fr\/tyanheol\/wp-json\/wp\/v2\/posts\/3676","targetHints":{"allow":["GET"]}}],"collection":[{"href":"https:\/\/blogs.lyceecfadumene.fr\/tyanheol\/wp-json\/wp\/v2\/posts"}],"about":[{"href":"https:\/\/blogs.lyceecfadumene.fr\/tyanheol\/wp-json\/wp\/v2\/types\/post"}],"author":[{"embeddable":true,"href":"https:\/\/blogs.lyceecfadumene.fr\/tyanheol\/wp-json\/wp\/v2\/users\/43"}],"replies":[{"embeddable":true,"href":"https:\/\/blogs.lyceecfadumene.fr\/tyanheol\/wp-json\/wp\/v2\/comments?post=3676"}],"version-history":[{"count":2,"href":"https:\/\/blogs.lyceecfadumene.fr\/tyanheol\/wp-json\/wp\/v2\/posts\/3676\/revisions"}],"predecessor-version":[{"id":3681,"href":"https:\/\/blogs.lyceecfadumene.fr\/tyanheol\/wp-json\/wp\/v2\/posts\/3676\/revisions\/3681"}],"wp:attachment":[{"href":"https:\/\/blogs.lyceecfadumene.fr\/tyanheol\/wp-json\/wp\/v2\/media?parent=3676"}],"wp:term":[{"taxonomy":"category","embeddable":true,"href":"https:\/\/blogs.lyceecfadumene.fr\/tyanheol\/wp-json\/wp\/v2\/categories?post=3676"},{"taxonomy":"post_tag","embeddable":true,"href":"https:\/\/blogs.lyceecfadumene.fr\/tyanheol\/wp-json\/wp\/v2\/tags?post=3676"}],"curies":[{"name":"wp","href":"https:\/\/api.w.org\/{rel}","templated":true}]}}