{"id":3672,"date":"2024-10-02T13:45:27","date_gmt":"2024-10-02T11:45:27","guid":{"rendered":"https:\/\/blogs.lyceecfadumene.fr\/tyanheol\/?p=3672"},"modified":"2024-10-02T13:45:28","modified_gmt":"2024-10-02T11:45:28","slug":"journee-dintegration-des-nouveaux","status":"publish","type":"post","link":"https:\/\/blogs.lyceecfadumene.fr\/tyanheol\/2024\/10\/02\/journee-dintegration-des-nouveaux\/","title":{"rendered":"Journ\u00e9e d&rsquo;int\u00e9gration des nouveaux"},"content":{"rendered":"\n<figure class=\"wp-block-image size-full\"><img data-recalc-dims=\"1\" loading=\"lazy\" decoding=\"async\" width=\"540\" height=\"118\" data-attachment-id=\"3673\" data-permalink=\"https:\/\/blogs.lyceecfadumene.fr\/tyanheol\/2024\/10\/02\/journee-dintegration-des-nouveaux\/sans-titre-2\/\" data-orig-file=\"https:\/\/i0.wp.com\/blogs.lyceecfadumene.fr\/tyanheol\/files\/2024\/10\/Sans-titre.jpg?fit=540%2C118&amp;ssl=1\" data-orig-size=\"540,118\" data-comments-opened=\"1\" data-image-meta=\"{&quot;aperture&quot;:&quot;0&quot;,&quot;credit&quot;:&quot;&quot;,&quot;camera&quot;:&quot;&quot;,&quot;caption&quot;:&quot;&quot;,&quot;created_timestamp&quot;:&quot;1727876504&quot;,&quot;copyright&quot;:&quot;&quot;,&quot;focal_length&quot;:&quot;0&quot;,&quot;iso&quot;:&quot;0&quot;,&quot;shutter_speed&quot;:&quot;0&quot;,&quot;title&quot;:&quot;&quot;,&quot;orientation&quot;:&quot;1&quot;}\" data-image-title=\"Sans titre\" data-image-description=\"\" data-image-caption=\"\" data-large-file=\"https:\/\/i0.wp.com\/blogs.lyceecfadumene.fr\/tyanheol\/files\/2024\/10\/Sans-titre.jpg?fit=540%2C118&amp;ssl=1\" src=\"https:\/\/i0.wp.com\/blogs.lyceecfadumene.fr\/tyanheol\/files\/2024\/10\/Sans-titre.jpg?resize=540%2C118&#038;ssl=1\" alt=\"\" class=\"wp-image-3673\" srcset=\"https:\/\/i0.wp.com\/blogs.lyceecfadumene.fr\/tyanheol\/files\/2024\/10\/Sans-titre.jpg?w=540&amp;ssl=1 540w, https:\/\/i0.wp.com\/blogs.lyceecfadumene.fr\/tyanheol\/files\/2024\/10\/Sans-titre.jpg?resize=300%2C66&amp;ssl=1 300w\" sizes=\"auto, (max-width: 540px) 100vw, 540px\" \/><\/figure>\n\n\n\n<p>Pour aider les Secondes et CAP1 \u00e0 faire connaissance avec leurs pairs et leur nouvel environnement, chaque ann\u00e9e, le lyc\u00e9e offre une journ\u00e9e d&rsquo;int\u00e9gration sur une \u00eele. Cette ann\u00e9e, pique-nique et jeu de piste \u00e0 Br\u00e9hat pour les nouveaux \u00e9l\u00e8ves du Campus de Merdrignac , promotion 2024, en pr\u00e9sence de la Vie Scolaire, l&rsquo;infirmerie, l&rsquo;\u00e9ducation socioculturelle, les AESH et les professeurs principaux. Merci \u00e0 tous !<\/p>\n\n\n\n<figure class=\"wp-block-embed is-type-video is-provider-youtube wp-block-embed-youtube wp-embed-aspect-16-9 wp-has-aspect-ratio\"><div class=\"wp-block-embed__wrapper\">\n<span class=\"embed-youtube\" style=\"text-align:center; display: block;\"><iframe loading=\"lazy\" class=\"youtube-player\" width=\"604\" height=\"340\" src=\"https:\/\/www.youtube.com\/embed\/JGiej1MhKEU?version=3&#038;rel=1&#038;showsearch=0&#038;showinfo=1&#038;iv_load_policy=1&#038;fs=1&#038;hl=fr-FR&#038;autohide=2&#038;wmode=transparent&#038;listType=playlist&#038;list=PLmkLkyRag9WaV_a2TCmGTSHSpOGHe08mZ\" allowfullscreen=\"true\" style=\"border:0;\" sandbox=\"allow-scripts allow-same-origin allow-popups allow-presentation allow-popups-to-escape-sandbox\"><\/iframe><\/span>\n<\/div><\/figure>\n","protected":false},"excerpt":{"rendered":"<p>Pour aider les Secondes et CAP1 \u00e0 faire connaissance avec leurs pairs et leur nouvel environnement, chaque ann\u00e9e, le lyc\u00e9e offre une journ\u00e9e d&rsquo;int\u00e9gration sur une \u00eele. Cette ann\u00e9e, pique-nique et jeu de piste \u00e0 Br\u00e9hat pour les nouveaux \u00e9l\u00e8ves du Campus de Merdrignac , promotion 2024, en pr\u00e9sence de la Vie Scolaire, l&rsquo;infirmerie, l&rsquo;\u00e9ducation &hellip; <a href=\"https:\/\/blogs.lyceecfadumene.fr\/tyanheol\/2024\/10\/02\/journee-dintegration-des-nouveaux\/\" class=\"more-link\">Continuer la lecture de <span class=\"screen-reader-text\">Journ\u00e9e d&rsquo;int\u00e9gration des nouveaux<\/span> <span class=\"meta-nav\">&rarr;<\/span><\/a><\/p>\n","protected":false},"author":97,"featured_media":0,"comment_status":"open","ping_status":"open","sticky":false,"template":"","format":"standard","meta":{"_jetpack_memberships_contains_paid_content":false,"footnotes":"","jetpack_publicize_message":"","jetpack_publicize_feature_enabled":true,"jetpack_social_post_already_shared":true,"jetpack_social_options":{"image_generator_settings":{"template":"highway","default_image_id":0,"font":"","enabled":false},"version":2}},"categories":[1],"tags":[9190,25464,4,6,3645,25463],"class_list":["post-3672","post","type-post","status-publish","format-standard","hentry","category-non-classe","tag-activites","tag-education-socioculturelle","tag-lycee","tag-merdrignac","tag-sortie","tag-sorties"],"aioseo_notices":[],"jetpack_publicize_connections":[],"jetpack_featured_media_url":"","jetpack_shortlink":"https:\/\/wp.me\/p1SrOO-Xe","jetpack_sharing_enabled":true,"_links":{"self":[{"href":"https:\/\/blogs.lyceecfadumene.fr\/tyanheol\/wp-json\/wp\/v2\/posts\/3672","targetHints":{"allow":["GET"]}}],"collection":[{"href":"https:\/\/blogs.lyceecfadumene.fr\/tyanheol\/wp-json\/wp\/v2\/posts"}],"about":[{"href":"https:\/\/blogs.lyceecfadumene.fr\/tyanheol\/wp-json\/wp\/v2\/types\/post"}],"author":[{"embeddable":true,"href":"https:\/\/blogs.lyceecfadumene.fr\/tyanheol\/wp-json\/wp\/v2\/users\/97"}],"replies":[{"embeddable":true,"href":"https:\/\/blogs.lyceecfadumene.fr\/tyanheol\/wp-json\/wp\/v2\/comments?post=3672"}],"version-history":[{"count":1,"href":"https:\/\/blogs.lyceecfadumene.fr\/tyanheol\/wp-json\/wp\/v2\/posts\/3672\/revisions"}],"predecessor-version":[{"id":3674,"href":"https:\/\/blogs.lyceecfadumene.fr\/tyanheol\/wp-json\/wp\/v2\/posts\/3672\/revisions\/3674"}],"wp:attachment":[{"href":"https:\/\/blogs.lyceecfadumene.fr\/tyanheol\/wp-json\/wp\/v2\/media?parent=3672"}],"wp:term":[{"taxonomy":"category","embeddable":true,"href":"https:\/\/blogs.lyceecfadumene.fr\/tyanheol\/wp-json\/wp\/v2\/categories?post=3672"},{"taxonomy":"post_tag","embeddable":true,"href":"https:\/\/blogs.lyceecfadumene.fr\/tyanheol\/wp-json\/wp\/v2\/tags?post=3672"}],"curies":[{"name":"wp","href":"https:\/\/api.w.org\/{rel}","templated":true}]}}