{"id":3566,"date":"2024-02-05T17:05:43","date_gmt":"2024-02-05T15:05:43","guid":{"rendered":"https:\/\/blogs.lyceecfadumene.fr\/tyanheol\/?p=3566"},"modified":"2024-03-11T15:32:39","modified_gmt":"2024-03-11T13:32:39","slug":"interview-soiree-de-noel","status":"publish","type":"post","link":"https:\/\/blogs.lyceecfadumene.fr\/tyanheol\/2024\/02\/05\/interview-soiree-de-noel\/","title":{"rendered":"Interview soir\u00e9e de No\u00ebl"},"content":{"rendered":"\n<p>Dans cette interview nous avons interroger 3 \u00e9tudiants de BTS TC 1 sur le th\u00e8me de la soir\u00e9e de no\u00ebl pour en apprendre plus sur l&rsquo;organisation et le d\u00e9roulement de cette soir\u00e9e.<\/p>\n\n\n\n<p>Cette interview a \u00e9t\u00e9 r\u00e9alis\u00e9 par Youn, Manon et M\u00e9lissa !<\/p>\n\n\n\n<figure class=\"wp-block-image size-full\"><img data-recalc-dims=\"1\" loading=\"lazy\" decoding=\"async\" width=\"604\" height=\"403\" data-attachment-id=\"3568\" data-permalink=\"https:\/\/blogs.lyceecfadumene.fr\/tyanheol\/2024\/02\/05\/interview-soiree-de-noel\/xrddaf6urtzm5q57j605025662776427928t24020210\/\" data-orig-file=\"https:\/\/i0.wp.com\/blogs.lyceecfadumene.fr\/tyanheol\/files\/2024\/02\/interview-noel.jpg?fit=1000%2C667&amp;ssl=1\" data-orig-size=\"1000,667\" data-comments-opened=\"1\" data-image-meta=\"{&quot;aperture&quot;:&quot;0&quot;,&quot;credit&quot;:&quot;&quot;,&quot;camera&quot;:&quot;&quot;,&quot;caption&quot;:&quot;xr:d:DAF6UrtZM5Q:57,j:605025662776427928,t:24020210&quot;,&quot;created_timestamp&quot;:&quot;0&quot;,&quot;copyright&quot;:&quot;&quot;,&quot;focal_length&quot;:&quot;0&quot;,&quot;iso&quot;:&quot;0&quot;,&quot;shutter_speed&quot;:&quot;0&quot;,&quot;title&quot;:&quot;xr:d:DAF6UrtZM5Q:57,j:605025662776427928,t:24020210&quot;,&quot;orientation&quot;:&quot;1&quot;}\" data-image-title=\"xr:d:DAF6UrtZM5Q:57,j:605025662776427928,t:24020210\" data-image-description=\"\" data-image-caption=\"&lt;p&gt;xr:d:DAF6UrtZM5Q:57,j:605025662776427928,t:24020210&lt;\/p&gt;\n\" data-large-file=\"https:\/\/i0.wp.com\/blogs.lyceecfadumene.fr\/tyanheol\/files\/2024\/02\/interview-noel.jpg?fit=604%2C403&amp;ssl=1\" src=\"https:\/\/i0.wp.com\/blogs.lyceecfadumene.fr\/tyanheol\/files\/2024\/02\/interview-noel.jpg?resize=604%2C403&#038;ssl=1\" alt=\"\" class=\"wp-image-3568\" srcset=\"https:\/\/i0.wp.com\/blogs.lyceecfadumene.fr\/tyanheol\/files\/2024\/02\/interview-noel.jpg?w=1000&amp;ssl=1 1000w, https:\/\/i0.wp.com\/blogs.lyceecfadumene.fr\/tyanheol\/files\/2024\/02\/interview-noel.jpg?resize=300%2C200&amp;ssl=1 300w, https:\/\/i0.wp.com\/blogs.lyceecfadumene.fr\/tyanheol\/files\/2024\/02\/interview-noel.jpg?resize=768%2C512&amp;ssl=1 768w\" sizes=\"auto, (max-width: 604px) 100vw, 604px\" \/><\/figure>\n\n\n\n<figure class=\"wp-block-audio\"><audio controls src=\"https:\/\/blogs.lyceecfadumene.fr\/tyanheol\/files\/2024\/02\/retour-sur-la-soiree-noel.mp3\"><\/audio><\/figure>\n\n\n\n<p>Music Info: Jingle Bells Violin &#8211; GoodBMusic by Zakhar Valaha<\/p>\n\n\n\n<p>Music Link: <a href=\"https:\/\/youtu.be\/MBU8O2ZfnoU\" target=\"_blank\" rel=\"noopener\" title=\"https:\/\/youtu.be\/MBU8O2ZfnoU\">https:\/\/youtu.be\/MBU8O2ZfnoU<\/a><\/p>\n\n\n\n<div class=\"wp-block-buttons is-layout-flex wp-block-buttons-is-layout-flex\">\n<div class=\"wp-block-button\"><a class=\"wp-block-button__link wp-element-button\" href=\"https:\/\/www.chosic.com\/free-music\/all\/\" target=\"_blank\" rel=\"noreferrer noopener\">Music promoted <\/a><\/div>\n<\/div>\n","protected":false},"excerpt":{"rendered":"<p>Dans cette interview nous avons interroger 3 \u00e9tudiants de BTS TC 1 sur le th\u00e8me de la soir\u00e9e de no\u00ebl pour en apprendre plus sur l&rsquo;organisation et le d\u00e9roulement de cette soir\u00e9e. Cette interview a \u00e9t\u00e9 r\u00e9alis\u00e9 par Youn, Manon et M\u00e9lissa ! Music Info: Jingle Bells Violin &#8211; GoodBMusic by Zakhar Valaha Music Link: &hellip; <a href=\"https:\/\/blogs.lyceecfadumene.fr\/tyanheol\/2024\/02\/05\/interview-soiree-de-noel\/\" class=\"more-link\">Continuer la lecture de <span class=\"screen-reader-text\">Interview soir\u00e9e de No\u00ebl<\/span> <span class=\"meta-nav\">&rarr;<\/span><\/a><\/p>\n","protected":false},"author":43,"featured_media":0,"comment_status":"open","ping_status":"open","sticky":false,"template":"","format":"standard","meta":{"_jetpack_memberships_contains_paid_content":false,"footnotes":"","jetpack_publicize_message":"","jetpack_publicize_feature_enabled":false,"jetpack_social_post_already_shared":false,"jetpack_social_options":{"image_generator_settings":{"template":"highway","default_image_id":0,"font":"","enabled":false},"version":2}},"categories":[1,29435],"tags":[43],"class_list":["post-3566","post","type-post","status-publish","format-standard","hentry","category-non-classe","category-radio2","tag-soiree-de-noel"],"aioseo_notices":[],"jetpack_publicize_connections":[],"jetpack_featured_media_url":"","jetpack_shortlink":"https:\/\/wp.me\/p1SrOO-Vw","jetpack_sharing_enabled":true,"_links":{"self":[{"href":"https:\/\/blogs.lyceecfadumene.fr\/tyanheol\/wp-json\/wp\/v2\/posts\/3566","targetHints":{"allow":["GET"]}}],"collection":[{"href":"https:\/\/blogs.lyceecfadumene.fr\/tyanheol\/wp-json\/wp\/v2\/posts"}],"about":[{"href":"https:\/\/blogs.lyceecfadumene.fr\/tyanheol\/wp-json\/wp\/v2\/types\/post"}],"author":[{"embeddable":true,"href":"https:\/\/blogs.lyceecfadumene.fr\/tyanheol\/wp-json\/wp\/v2\/users\/43"}],"replies":[{"embeddable":true,"href":"https:\/\/blogs.lyceecfadumene.fr\/tyanheol\/wp-json\/wp\/v2\/comments?post=3566"}],"version-history":[{"count":4,"href":"https:\/\/blogs.lyceecfadumene.fr\/tyanheol\/wp-json\/wp\/v2\/posts\/3566\/revisions"}],"predecessor-version":[{"id":3573,"href":"https:\/\/blogs.lyceecfadumene.fr\/tyanheol\/wp-json\/wp\/v2\/posts\/3566\/revisions\/3573"}],"wp:attachment":[{"href":"https:\/\/blogs.lyceecfadumene.fr\/tyanheol\/wp-json\/wp\/v2\/media?parent=3566"}],"wp:term":[{"taxonomy":"category","embeddable":true,"href":"https:\/\/blogs.lyceecfadumene.fr\/tyanheol\/wp-json\/wp\/v2\/categories?post=3566"},{"taxonomy":"post_tag","embeddable":true,"href":"https:\/\/blogs.lyceecfadumene.fr\/tyanheol\/wp-json\/wp\/v2\/tags?post=3566"}],"curies":[{"name":"wp","href":"https:\/\/api.w.org\/{rel}","templated":true}]}}