{"id":3545,"date":"2023-11-21T11:25:54","date_gmt":"2023-11-21T09:25:54","guid":{"rendered":"https:\/\/blogs.lyceecfadumene.fr\/tyanheol\/?p=3545"},"modified":"2023-11-21T11:25:57","modified_gmt":"2023-11-21T09:25:57","slug":"stage-sante-et-developpement-durable-1","status":"publish","type":"post","link":"https:\/\/blogs.lyceecfadumene.fr\/tyanheol\/2023\/11\/21\/stage-sante-et-developpement-durable-1\/","title":{"rendered":"Stage Sant\u00e9 et D\u00e9veloppement Durable #1"},"content":{"rendered":"\n<p>Plusieurs journ\u00e9es th\u00e9matiques vont \u00eatre propos\u00e9es au cours de l&rsquo;ann\u00e9e aux classes de 2des pour sensibiliser aux enjeux soci\u00e9taux li\u00e9s au d\u00e9veloppement durable gr\u00e2ce \u00e0 l&rsquo;infirmi\u00e8re, la biologie-\u00e9cologie, l&rsquo;\u00e9ducation physique et sportive, et l&rsquo;\u00e9ducation socioculturelle entre autres. La premi\u00e8re journ\u00e9e a marqu\u00e9 aussi l&rsquo;op\u00e9ration Octobre Rose pour sensibiliser au cancer du sein.<\/p>\n\n\n\n<figure class=\"wp-block-image size-large\"><img data-recalc-dims=\"1\" loading=\"lazy\" decoding=\"async\" width=\"604\" height=\"508\" data-attachment-id=\"3546\" data-permalink=\"https:\/\/blogs.lyceecfadumene.fr\/tyanheol\/2023\/11\/21\/stage-sante-et-developpement-durable-1\/image-4\/\" data-orig-file=\"https:\/\/i0.wp.com\/blogs.lyceecfadumene.fr\/tyanheol\/files\/2023\/11\/image.png?fit=1518%2C1278&amp;ssl=1\" data-orig-size=\"1518,1278\" data-comments-opened=\"1\" data-image-meta=\"{&quot;aperture&quot;:&quot;0&quot;,&quot;credit&quot;:&quot;&quot;,&quot;camera&quot;:&quot;&quot;,&quot;caption&quot;:&quot;&quot;,&quot;created_timestamp&quot;:&quot;0&quot;,&quot;copyright&quot;:&quot;&quot;,&quot;focal_length&quot;:&quot;0&quot;,&quot;iso&quot;:&quot;0&quot;,&quot;shutter_speed&quot;:&quot;0&quot;,&quot;title&quot;:&quot;&quot;,&quot;orientation&quot;:&quot;0&quot;}\" data-image-title=\"image\" data-image-description=\"\" data-image-caption=\"\" data-large-file=\"https:\/\/i0.wp.com\/blogs.lyceecfadumene.fr\/tyanheol\/files\/2023\/11\/image.png?fit=604%2C508&amp;ssl=1\" src=\"https:\/\/i0.wp.com\/blogs.lyceecfadumene.fr\/tyanheol\/files\/2023\/11\/image-1024x862.png?resize=604%2C508&#038;ssl=1\" alt=\"\" class=\"wp-image-3546\" srcset=\"https:\/\/i0.wp.com\/blogs.lyceecfadumene.fr\/tyanheol\/files\/2023\/11\/image.png?resize=1024%2C862&amp;ssl=1 1024w, https:\/\/i0.wp.com\/blogs.lyceecfadumene.fr\/tyanheol\/files\/2023\/11\/image.png?resize=300%2C253&amp;ssl=1 300w, https:\/\/i0.wp.com\/blogs.lyceecfadumene.fr\/tyanheol\/files\/2023\/11\/image.png?resize=768%2C647&amp;ssl=1 768w, https:\/\/i0.wp.com\/blogs.lyceecfadumene.fr\/tyanheol\/files\/2023\/11\/image.png?w=1518&amp;ssl=1 1518w, https:\/\/i0.wp.com\/blogs.lyceecfadumene.fr\/tyanheol\/files\/2023\/11\/image.png?w=1208 1208w\" sizes=\"auto, (max-width: 604px) 100vw, 604px\" \/><\/figure>\n\n\n\n<figure class=\"wp-block-embed is-type-video is-provider-youtube wp-block-embed-youtube wp-embed-aspect-16-9 wp-has-aspect-ratio\"><div class=\"wp-block-embed__wrapper\">\n<span class=\"embed-youtube\" style=\"text-align:center; display: block;\"><iframe loading=\"lazy\" class=\"youtube-player\" width=\"604\" height=\"340\" src=\"https:\/\/www.youtube.com\/embed\/_koW7F1cfTw?version=3&#038;rel=1&#038;showsearch=0&#038;showinfo=1&#038;iv_load_policy=1&#038;fs=1&#038;hl=fr-FR&#038;autohide=2&#038;wmode=transparent\" allowfullscreen=\"true\" style=\"border:0;\" sandbox=\"allow-scripts allow-same-origin allow-popups allow-presentation allow-popups-to-escape-sandbox\"><\/iframe><\/span>\n<\/div><\/figure>\n","protected":false},"excerpt":{"rendered":"<p>Plusieurs journ\u00e9es th\u00e9matiques vont \u00eatre propos\u00e9es au cours de l&rsquo;ann\u00e9e aux classes de 2des pour sensibiliser aux enjeux soci\u00e9taux li\u00e9s au d\u00e9veloppement durable gr\u00e2ce \u00e0 l&rsquo;infirmi\u00e8re, la biologie-\u00e9cologie, l&rsquo;\u00e9ducation physique et sportive, et l&rsquo;\u00e9ducation socioculturelle entre autres. La premi\u00e8re journ\u00e9e a marqu\u00e9 aussi l&rsquo;op\u00e9ration Octobre Rose pour sensibiliser au cancer du sein.<\/p>\n","protected":false},"author":97,"featured_media":0,"comment_status":"open","ping_status":"open","sticky":false,"template":"","format":"standard","meta":{"_jetpack_memberships_contains_paid_content":false,"footnotes":"","jetpack_publicize_message":"","jetpack_publicize_feature_enabled":true,"jetpack_social_post_already_shared":true,"jetpack_social_options":{"image_generator_settings":{"template":"highway","default_image_id":0,"font":"","enabled":false},"version":2}},"categories":[1],"tags":[9190,25464,4,6,29458],"class_list":["post-3545","post","type-post","status-publish","format-standard","hentry","category-non-classe","tag-activites","tag-education-socioculturelle","tag-lycee","tag-merdrignac","tag-sante-et-developpement-durable"],"aioseo_notices":[],"jetpack_publicize_connections":[],"jetpack_featured_media_url":"","jetpack_shortlink":"https:\/\/wp.me\/p1SrOO-Vb","jetpack_sharing_enabled":true,"_links":{"self":[{"href":"https:\/\/blogs.lyceecfadumene.fr\/tyanheol\/wp-json\/wp\/v2\/posts\/3545","targetHints":{"allow":["GET"]}}],"collection":[{"href":"https:\/\/blogs.lyceecfadumene.fr\/tyanheol\/wp-json\/wp\/v2\/posts"}],"about":[{"href":"https:\/\/blogs.lyceecfadumene.fr\/tyanheol\/wp-json\/wp\/v2\/types\/post"}],"author":[{"embeddable":true,"href":"https:\/\/blogs.lyceecfadumene.fr\/tyanheol\/wp-json\/wp\/v2\/users\/97"}],"replies":[{"embeddable":true,"href":"https:\/\/blogs.lyceecfadumene.fr\/tyanheol\/wp-json\/wp\/v2\/comments?post=3545"}],"version-history":[{"count":2,"href":"https:\/\/blogs.lyceecfadumene.fr\/tyanheol\/wp-json\/wp\/v2\/posts\/3545\/revisions"}],"predecessor-version":[{"id":3548,"href":"https:\/\/blogs.lyceecfadumene.fr\/tyanheol\/wp-json\/wp\/v2\/posts\/3545\/revisions\/3548"}],"wp:attachment":[{"href":"https:\/\/blogs.lyceecfadumene.fr\/tyanheol\/wp-json\/wp\/v2\/media?parent=3545"}],"wp:term":[{"taxonomy":"category","embeddable":true,"href":"https:\/\/blogs.lyceecfadumene.fr\/tyanheol\/wp-json\/wp\/v2\/categories?post=3545"},{"taxonomy":"post_tag","embeddable":true,"href":"https:\/\/blogs.lyceecfadumene.fr\/tyanheol\/wp-json\/wp\/v2\/tags?post=3545"}],"curies":[{"name":"wp","href":"https:\/\/api.w.org\/{rel}","templated":true}]}}