{"id":3538,"date":"2023-11-11T17:14:44","date_gmt":"2023-11-11T15:14:44","guid":{"rendered":"https:\/\/blogs.lyceecfadumene.fr\/tyanheol\/?p=3538"},"modified":"2023-11-11T17:14:46","modified_gmt":"2023-11-11T15:14:46","slug":"la-sortie-a-terra-botanica-des-bts-tc-ujac","status":"publish","type":"post","link":"https:\/\/blogs.lyceecfadumene.fr\/tyanheol\/2023\/11\/11\/la-sortie-a-terra-botanica-des-bts-tc-ujac\/","title":{"rendered":"La sortie \u00e0 Terra Botanica des BTS TC UJAC"},"content":{"rendered":"\n<p>Les \u00e9tudiants sont all\u00e9s \u00e0 <a href=\"https:\/\/www.terrabotanica.fr\/\" target=\"_blank\" rel=\"noopener\" title=\"\">Terra Botanica<\/a> en ce d\u00e9but d&rsquo;ann\u00e9e scolaire. Ils ont r\u00e9alis\u00e9 un son pour vous raconter leur journ\u00e9e.<\/p>\n\n\n<div class=\"wp-block-image\">\n<figure class=\"aligncenter size-full\"><img data-recalc-dims=\"1\" loading=\"lazy\" decoding=\"async\" width=\"318\" height=\"159\" data-attachment-id=\"3540\" data-permalink=\"https:\/\/blogs.lyceecfadumene.fr\/tyanheol\/2023\/11\/11\/la-sortie-a-terra-botanica-des-bts-tc-ujac\/terra\/\" data-orig-file=\"https:\/\/i0.wp.com\/blogs.lyceecfadumene.fr\/tyanheol\/files\/2023\/11\/terra.png?fit=318%2C159&amp;ssl=1\" data-orig-size=\"318,159\" data-comments-opened=\"1\" data-image-meta=\"{&quot;aperture&quot;:&quot;0&quot;,&quot;credit&quot;:&quot;&quot;,&quot;camera&quot;:&quot;&quot;,&quot;caption&quot;:&quot;&quot;,&quot;created_timestamp&quot;:&quot;0&quot;,&quot;copyright&quot;:&quot;&quot;,&quot;focal_length&quot;:&quot;0&quot;,&quot;iso&quot;:&quot;0&quot;,&quot;shutter_speed&quot;:&quot;0&quot;,&quot;title&quot;:&quot;&quot;,&quot;orientation&quot;:&quot;0&quot;}\" data-image-title=\"terra\" data-image-description=\"\" data-image-caption=\"\" data-large-file=\"https:\/\/i0.wp.com\/blogs.lyceecfadumene.fr\/tyanheol\/files\/2023\/11\/terra.png?fit=318%2C159&amp;ssl=1\" src=\"https:\/\/i0.wp.com\/blogs.lyceecfadumene.fr\/tyanheol\/files\/2023\/11\/terra.png?resize=318%2C159&#038;ssl=1\" alt=\"\" class=\"wp-image-3540\" srcset=\"https:\/\/i0.wp.com\/blogs.lyceecfadumene.fr\/tyanheol\/files\/2023\/11\/terra.png?w=318&amp;ssl=1 318w, https:\/\/i0.wp.com\/blogs.lyceecfadumene.fr\/tyanheol\/files\/2023\/11\/terra.png?resize=300%2C150&amp;ssl=1 300w\" sizes=\"auto, (max-width: 318px) 100vw, 318px\" \/><\/figure>\n<\/div>\n\n\n<figure class=\"wp-block-audio\"><audio controls src=\"https:\/\/blogs.lyceecfadumene.fr\/tyanheol\/files\/2023\/11\/terra-botanica.mp3\"><\/audio><\/figure>\n","protected":false},"excerpt":{"rendered":"<p>Les \u00e9tudiants sont all\u00e9s \u00e0 Terra Botanica en ce d\u00e9but d&rsquo;ann\u00e9e scolaire. Ils ont r\u00e9alis\u00e9 un son pour vous raconter leur journ\u00e9e.<\/p>\n","protected":false},"author":1,"featured_media":3540,"comment_status":"open","ping_status":"open","sticky":false,"template":"","format":"standard","meta":{"_jetpack_memberships_contains_paid_content":false,"footnotes":"","jetpack_publicize_message":"","jetpack_publicize_feature_enabled":true,"jetpack_social_post_already_shared":true,"jetpack_social_options":{"image_generator_settings":{"template":"highway","default_image_id":0,"font":"","enabled":false},"version":2}},"categories":[29435],"tags":[6581],"class_list":["post-3538","post","type-post","status-publish","format-standard","has-post-thumbnail","hentry","category-radio2","tag-bts-tc"],"aioseo_notices":[],"jetpack_publicize_connections":[],"jetpack_featured_media_url":"https:\/\/i0.wp.com\/blogs.lyceecfadumene.fr\/tyanheol\/files\/2023\/11\/terra.png?fit=318%2C159&ssl=1","jetpack_shortlink":"https:\/\/wp.me\/p1SrOO-V4","jetpack_sharing_enabled":true,"_links":{"self":[{"href":"https:\/\/blogs.lyceecfadumene.fr\/tyanheol\/wp-json\/wp\/v2\/posts\/3538","targetHints":{"allow":["GET"]}}],"collection":[{"href":"https:\/\/blogs.lyceecfadumene.fr\/tyanheol\/wp-json\/wp\/v2\/posts"}],"about":[{"href":"https:\/\/blogs.lyceecfadumene.fr\/tyanheol\/wp-json\/wp\/v2\/types\/post"}],"author":[{"embeddable":true,"href":"https:\/\/blogs.lyceecfadumene.fr\/tyanheol\/wp-json\/wp\/v2\/users\/1"}],"replies":[{"embeddable":true,"href":"https:\/\/blogs.lyceecfadumene.fr\/tyanheol\/wp-json\/wp\/v2\/comments?post=3538"}],"version-history":[{"count":1,"href":"https:\/\/blogs.lyceecfadumene.fr\/tyanheol\/wp-json\/wp\/v2\/posts\/3538\/revisions"}],"predecessor-version":[{"id":3541,"href":"https:\/\/blogs.lyceecfadumene.fr\/tyanheol\/wp-json\/wp\/v2\/posts\/3538\/revisions\/3541"}],"wp:featuredmedia":[{"embeddable":true,"href":"https:\/\/blogs.lyceecfadumene.fr\/tyanheol\/wp-json\/wp\/v2\/media\/3540"}],"wp:attachment":[{"href":"https:\/\/blogs.lyceecfadumene.fr\/tyanheol\/wp-json\/wp\/v2\/media?parent=3538"}],"wp:term":[{"taxonomy":"category","embeddable":true,"href":"https:\/\/blogs.lyceecfadumene.fr\/tyanheol\/wp-json\/wp\/v2\/categories?post=3538"},{"taxonomy":"post_tag","embeddable":true,"href":"https:\/\/blogs.lyceecfadumene.fr\/tyanheol\/wp-json\/wp\/v2\/tags?post=3538"}],"curies":[{"name":"wp","href":"https:\/\/api.w.org\/{rel}","templated":true}]}}