{"id":3526,"date":"2023-09-21T08:36:20","date_gmt":"2023-09-21T06:36:20","guid":{"rendered":"https:\/\/blogs.lyceecfadumene.fr\/tyanheol\/?p=3526"},"modified":"2023-09-21T08:36:22","modified_gmt":"2023-09-21T06:36:22","slug":"cpratique","status":"publish","type":"post","link":"https:\/\/blogs.lyceecfadumene.fr\/tyanheol\/2023\/09\/21\/cpratique\/","title":{"rendered":"C&rsquo;Pratique !"},"content":{"rendered":"\n<p>Les Secondes NJPF (Nature Jardin Paysage For\u00eat) ont r\u00e9alis\u00e9 une journ\u00e9e C&rsquo;Pratique dont l&rsquo;id\u00e9e est d&rsquo;associer un enseignant d&rsquo;Am\u00e9nagement Paysager avec un enseignant de mati\u00e8re g\u00e9n\u00e9rale pour montrer que tout est li\u00e9 dans les m\u00e9tiers du paysage. Ici, avec l&rsquo;\u00e9ducation socioculturelle, il \u00e9tait question de s&rsquo;interroger sur la notion de fen\u00eatre dans le paysage, ce qui attire le regard de celui qui regarde. Parce qu&rsquo;un paysage, sans personne qui le regarde, est-il encore un paysage ?<\/p>\n\n\n\n<figure class=\"wp-block-image size-large\"><img data-recalc-dims=\"1\" loading=\"lazy\" decoding=\"async\" width=\"604\" height=\"341\" data-attachment-id=\"3528\" data-permalink=\"https:\/\/blogs.lyceecfadumene.fr\/tyanheol\/2023\/09\/21\/cpratique\/bty-20\/\" data-orig-file=\"https:\/\/i0.wp.com\/blogs.lyceecfadumene.fr\/tyanheol\/files\/2023\/09\/7-scaled.jpg?fit=2560%2C1445&amp;ssl=1\" data-orig-size=\"2560,1445\" data-comments-opened=\"1\" data-image-meta=\"{&quot;aperture&quot;:&quot;2.2&quot;,&quot;credit&quot;:&quot;&quot;,&quot;camera&quot;:&quot;BLN-L21&quot;,&quot;caption&quot;:&quot;bty&quot;,&quot;created_timestamp&quot;:&quot;1695050614&quot;,&quot;copyright&quot;:&quot;&quot;,&quot;focal_length&quot;:&quot;3.83&quot;,&quot;iso&quot;:&quot;64&quot;,&quot;shutter_speed&quot;:&quot;0.01&quot;,&quot;title&quot;:&quot;bty&quot;,&quot;orientation&quot;:&quot;0&quot;}\" data-image-title=\"bty\" data-image-description=\"\" data-image-caption=\"&lt;p&gt;bty&lt;\/p&gt;\n\" data-large-file=\"https:\/\/i0.wp.com\/blogs.lyceecfadumene.fr\/tyanheol\/files\/2023\/09\/7-scaled.jpg?fit=604%2C341&amp;ssl=1\" src=\"https:\/\/i0.wp.com\/blogs.lyceecfadumene.fr\/tyanheol\/files\/2023\/09\/7-1024x578.jpg?resize=604%2C341&#038;ssl=1\" alt=\"\" class=\"wp-image-3528\" srcset=\"https:\/\/i0.wp.com\/blogs.lyceecfadumene.fr\/tyanheol\/files\/2023\/09\/7-scaled.jpg?resize=1024%2C578&amp;ssl=1 1024w, https:\/\/i0.wp.com\/blogs.lyceecfadumene.fr\/tyanheol\/files\/2023\/09\/7-scaled.jpg?resize=300%2C169&amp;ssl=1 300w, https:\/\/i0.wp.com\/blogs.lyceecfadumene.fr\/tyanheol\/files\/2023\/09\/7-scaled.jpg?resize=768%2C434&amp;ssl=1 768w, https:\/\/i0.wp.com\/blogs.lyceecfadumene.fr\/tyanheol\/files\/2023\/09\/7-scaled.jpg?resize=1536%2C867&amp;ssl=1 1536w, https:\/\/i0.wp.com\/blogs.lyceecfadumene.fr\/tyanheol\/files\/2023\/09\/7-scaled.jpg?resize=2048%2C1156&amp;ssl=1 2048w, https:\/\/i0.wp.com\/blogs.lyceecfadumene.fr\/tyanheol\/files\/2023\/09\/7-scaled.jpg?w=1208 1208w, https:\/\/i0.wp.com\/blogs.lyceecfadumene.fr\/tyanheol\/files\/2023\/09\/7-scaled.jpg?w=1812 1812w\" sizes=\"auto, (max-width: 604px) 100vw, 604px\" \/><\/figure>\n\n\n\n<figure class=\"wp-block-embed is-type-video is-provider-youtube wp-block-embed-youtube wp-embed-aspect-4-3 wp-has-aspect-ratio\"><div class=\"wp-block-embed__wrapper\">\n<span class=\"embed-youtube\" style=\"text-align:center; display: block;\"><iframe loading=\"lazy\" class=\"youtube-player\" width=\"604\" height=\"340\" src=\"https:\/\/www.youtube.com\/embed\/tx86WUqpbwY?version=3&#038;rel=1&#038;showsearch=0&#038;showinfo=1&#038;iv_load_policy=1&#038;fs=1&#038;hl=fr-FR&#038;autohide=2&#038;wmode=transparent\" allowfullscreen=\"true\" style=\"border:0;\" sandbox=\"allow-scripts allow-same-origin allow-popups allow-presentation allow-popups-to-escape-sandbox\"><\/iframe><\/span>\n<\/div><\/figure>\n","protected":false},"excerpt":{"rendered":"<p>Les Secondes NJPF (Nature Jardin Paysage For\u00eat) ont r\u00e9alis\u00e9 une journ\u00e9e C&rsquo;Pratique dont l&rsquo;id\u00e9e est d&rsquo;associer un enseignant d&rsquo;Am\u00e9nagement Paysager avec un enseignant de mati\u00e8re g\u00e9n\u00e9rale pour montrer que tout est li\u00e9 dans les m\u00e9tiers du paysage. Ici, avec l&rsquo;\u00e9ducation socioculturelle, il \u00e9tait question de s&rsquo;interroger sur la notion de fen\u00eatre dans le paysage, ce &hellip; <a href=\"https:\/\/blogs.lyceecfadumene.fr\/tyanheol\/2023\/09\/21\/cpratique\/\" class=\"more-link\">Continuer la lecture de <span class=\"screen-reader-text\">C&rsquo;Pratique !<\/span> <span class=\"meta-nav\">&rarr;<\/span><\/a><\/p>\n","protected":false},"author":97,"featured_media":0,"comment_status":"open","ping_status":"open","sticky":false,"template":"","format":"standard","meta":{"_jetpack_memberships_contains_paid_content":false,"footnotes":"","jetpack_publicize_message":"","jetpack_publicize_feature_enabled":true,"jetpack_social_post_already_shared":true,"jetpack_social_options":{"image_generator_settings":{"template":"highway","default_image_id":0,"font":"","enabled":false},"version":2}},"categories":[1],"tags":[9190,25464,4,6],"class_list":["post-3526","post","type-post","status-publish","format-standard","hentry","category-non-classe","tag-activites","tag-education-socioculturelle","tag-lycee","tag-merdrignac"],"aioseo_notices":[],"jetpack_publicize_connections":[],"jetpack_featured_media_url":"","jetpack_shortlink":"https:\/\/wp.me\/p1SrOO-US","jetpack_sharing_enabled":true,"_links":{"self":[{"href":"https:\/\/blogs.lyceecfadumene.fr\/tyanheol\/wp-json\/wp\/v2\/posts\/3526","targetHints":{"allow":["GET"]}}],"collection":[{"href":"https:\/\/blogs.lyceecfadumene.fr\/tyanheol\/wp-json\/wp\/v2\/posts"}],"about":[{"href":"https:\/\/blogs.lyceecfadumene.fr\/tyanheol\/wp-json\/wp\/v2\/types\/post"}],"author":[{"embeddable":true,"href":"https:\/\/blogs.lyceecfadumene.fr\/tyanheol\/wp-json\/wp\/v2\/users\/97"}],"replies":[{"embeddable":true,"href":"https:\/\/blogs.lyceecfadumene.fr\/tyanheol\/wp-json\/wp\/v2\/comments?post=3526"}],"version-history":[{"count":1,"href":"https:\/\/blogs.lyceecfadumene.fr\/tyanheol\/wp-json\/wp\/v2\/posts\/3526\/revisions"}],"predecessor-version":[{"id":3529,"href":"https:\/\/blogs.lyceecfadumene.fr\/tyanheol\/wp-json\/wp\/v2\/posts\/3526\/revisions\/3529"}],"wp:attachment":[{"href":"https:\/\/blogs.lyceecfadumene.fr\/tyanheol\/wp-json\/wp\/v2\/media?parent=3526"}],"wp:term":[{"taxonomy":"category","embeddable":true,"href":"https:\/\/blogs.lyceecfadumene.fr\/tyanheol\/wp-json\/wp\/v2\/categories?post=3526"},{"taxonomy":"post_tag","embeddable":true,"href":"https:\/\/blogs.lyceecfadumene.fr\/tyanheol\/wp-json\/wp\/v2\/tags?post=3526"}],"curies":[{"name":"wp","href":"https:\/\/api.w.org\/{rel}","templated":true}]}}