{"id":3422,"date":"2023-04-15T17:39:09","date_gmt":"2023-04-15T15:39:09","guid":{"rendered":"https:\/\/blogs.lyceecfadumene.fr\/tyanheol\/?p=3422"},"modified":"2023-04-15T17:39:11","modified_gmt":"2023-04-15T15:39:11","slug":"land-art-au-lycee","status":"publish","type":"post","link":"https:\/\/blogs.lyceecfadumene.fr\/tyanheol\/2023\/04\/15\/land-art-au-lycee\/","title":{"rendered":"LAND ART au Lyc\u00e9e"},"content":{"rendered":"\n<p>Pendant un mois, les Terminales Bac Pro Am\u00e9nagement Paysager ont pu s&rsquo;initier au <strong>Land Art<\/strong> \u00e0 l&rsquo;occasion de leur semaine Cr\u00e9ativit\u00e9 sous la forme d&rsquo;ateliers et d&rsquo;un chantier-\u00e9cole o\u00f9 ils ont pu laisser s&rsquo;exprimer leur imagination pour des installations \u00e9ph\u00e9m\u00e8res et p\u00e9rennes selon les pr\u00e9ceptes du mouvement <strong>Land Art<\/strong> gr\u00e2ce \u00e0 une r\u00e9sidence d&rsquo;artiste, <strong>Karen Raccah<\/strong> :<\/p>\n\n\n\nhttp:\/\/www.atelierlandart.com\/\n\n\n\n<p>Faire de la nature une \u0153uvre d\u2019art\u00a0: c\u2019est l\u2019objectif du\u00a0<strong>land art<\/strong>. Qualifi\u00e9e de \u00ab\u00a0travail sur et dans la nature\u00a0\u00bb, cette pratique artistique permet de renouer avec l\u2019environnement. Initi\u00e9 par des artistes am\u00e9ricains \u00e0 la fin des ann\u00e9es 1960, le\u00a0<strong>land art<\/strong>\u00a0permet de sortir des traditionnelles galeries d\u2019art pour revenir dans l\u2019espace naturel.<\/p>\n\n\n\n<p>Certains artistes comme <strong>Robert Smiths<\/strong>on, <strong>Michael Heize<\/strong>r ou <strong>Richard Long<\/strong>, se sont sp\u00e9cialis\u00e9s dans cette pratique en cr\u00e9ant des \u0153uvres monumentales c\u00e9l\u00e8bres \u00e0 travers le monde. D&rsquo;autres, comme <strong>Andy Goldsworthy<\/strong> ou <strong>Nils Udo<\/strong>, ont pr\u00e9f\u00e9r\u00e9 des \u0153uvres plus minimalistes.<\/p>\n\n\n<div class=\"wp-block-image\">\n<figure class=\"aligncenter size-large is-resized\"><img data-recalc-dims=\"1\" loading=\"lazy\" decoding=\"async\" data-attachment-id=\"3424\" data-permalink=\"https:\/\/blogs.lyceecfadumene.fr\/tyanheol\/2023\/04\/15\/land-art-au-lycee\/nils-udo\/\" data-orig-file=\"https:\/\/i0.wp.com\/blogs.lyceecfadumene.fr\/tyanheol\/files\/2023\/04\/NILS-UDO.jpg?fit=1602%2C1200&amp;ssl=1\" data-orig-size=\"1602,1200\" data-comments-opened=\"1\" data-image-meta=\"{&quot;aperture&quot;:&quot;0&quot;,&quot;credit&quot;:&quot;&quot;,&quot;camera&quot;:&quot;&quot;,&quot;caption&quot;:&quot;&quot;,&quot;created_timestamp&quot;:&quot;0&quot;,&quot;copyright&quot;:&quot;&quot;,&quot;focal_length&quot;:&quot;0&quot;,&quot;iso&quot;:&quot;0&quot;,&quot;shutter_speed&quot;:&quot;0&quot;,&quot;title&quot;:&quot;&quot;,&quot;orientation&quot;:&quot;0&quot;}\" data-image-title=\"NILS-UDO\" data-image-description=\"\" data-image-caption=\"\" data-large-file=\"https:\/\/i0.wp.com\/blogs.lyceecfadumene.fr\/tyanheol\/files\/2023\/04\/NILS-UDO.jpg?fit=604%2C452&amp;ssl=1\" src=\"https:\/\/i0.wp.com\/blogs.lyceecfadumene.fr\/tyanheol\/files\/2023\/04\/NILS-UDO-1024x767.jpg?resize=358%2C267&#038;ssl=1\" alt=\"\" class=\"wp-image-3424\" width=\"358\" height=\"267\" srcset=\"https:\/\/i0.wp.com\/blogs.lyceecfadumene.fr\/tyanheol\/files\/2023\/04\/NILS-UDO.jpg?resize=1024%2C767&amp;ssl=1 1024w, https:\/\/i0.wp.com\/blogs.lyceecfadumene.fr\/tyanheol\/files\/2023\/04\/NILS-UDO.jpg?resize=300%2C225&amp;ssl=1 300w, https:\/\/i0.wp.com\/blogs.lyceecfadumene.fr\/tyanheol\/files\/2023\/04\/NILS-UDO.jpg?resize=768%2C575&amp;ssl=1 768w, https:\/\/i0.wp.com\/blogs.lyceecfadumene.fr\/tyanheol\/files\/2023\/04\/NILS-UDO.jpg?resize=1536%2C1151&amp;ssl=1 1536w, https:\/\/i0.wp.com\/blogs.lyceecfadumene.fr\/tyanheol\/files\/2023\/04\/NILS-UDO.jpg?w=1602&amp;ssl=1 1602w, https:\/\/i0.wp.com\/blogs.lyceecfadumene.fr\/tyanheol\/files\/2023\/04\/NILS-UDO.jpg?w=1208 1208w\" sizes=\"auto, (max-width: 358px) 100vw, 358px\" \/><\/figure>\n<\/div>\n\n\n<p>Il s&rsquo;agit avant tout d&rsquo;un concept cr\u00e9atif en <strong>harmonie avec le monde naturel<\/strong>. Le travail de l&rsquo;artiste consiste \u00e0 intervenir sur l&rsquo;espace et les composantes du paysage et de la nature. Les mat\u00e9riaux utilis\u00e9s sont enti\u00e8rement naturels (branches, roches, feuillages, foins, etc.) et l&rsquo;installation \u00e9volue avec le temps jusqu&rsquo;\u00e0 leur \u00e9ventuelle biod\u00e9gradation, ce qui en fait bien souvent des \u0153uvres \u00e9ph\u00e9m\u00e8res. Que l\u2019\u0153uvre soit simple ou complexe, le<strong> Land Art<\/strong> s\u2019int\u00e8gre \u00e0 la nature.<\/p>\n\n\n\n<figure class=\"wp-block-embed is-type-video is-provider-youtube wp-block-embed-youtube wp-embed-aspect-16-9 wp-has-aspect-ratio\"><div class=\"wp-block-embed__wrapper\">\n<span class=\"embed-youtube\" style=\"text-align:center; display: block;\"><iframe loading=\"lazy\" class=\"youtube-player\" width=\"604\" height=\"340\" src=\"https:\/\/www.youtube.com\/embed\/2OWlCVpxcGw?version=3&#038;rel=1&#038;showsearch=0&#038;showinfo=1&#038;iv_load_policy=1&#038;fs=1&#038;hl=fr-FR&#038;autohide=2&#038;wmode=transparent\" allowfullscreen=\"true\" style=\"border:0;\" sandbox=\"allow-scripts allow-same-origin allow-popups allow-presentation allow-popups-to-escape-sandbox\"><\/iframe><\/span>\n<\/div><figcaption class=\"wp-element-caption\">Noa et Louarn, Terminales Bac Pro Am\u00e9nagement Paysager<\/figcaption><\/figure>\n","protected":false},"excerpt":{"rendered":"<p>Pendant un mois, les Terminales Bac Pro Am\u00e9nagement Paysager ont pu s&rsquo;initier au Land Art \u00e0 l&rsquo;occasion de leur semaine Cr\u00e9ativit\u00e9 sous la forme d&rsquo;ateliers et d&rsquo;un chantier-\u00e9cole o\u00f9 ils ont pu laisser s&rsquo;exprimer leur imagination pour des installations \u00e9ph\u00e9m\u00e8res et p\u00e9rennes selon les pr\u00e9ceptes du mouvement Land Art gr\u00e2ce \u00e0 une r\u00e9sidence d&rsquo;artiste, Karen &hellip; <a href=\"https:\/\/blogs.lyceecfadumene.fr\/tyanheol\/2023\/04\/15\/land-art-au-lycee\/\" class=\"more-link\">Continuer la lecture de <span class=\"screen-reader-text\">LAND ART au Lyc\u00e9e<\/span> <span class=\"meta-nav\">&rarr;<\/span><\/a><\/p>\n","protected":false},"author":97,"featured_media":3423,"comment_status":"open","ping_status":"open","sticky":false,"template":"","format":"standard","meta":{"_jetpack_memberships_contains_paid_content":false,"footnotes":"","jetpack_publicize_message":"","jetpack_publicize_feature_enabled":true,"jetpack_social_post_already_shared":true,"jetpack_social_options":{"image_generator_settings":{"template":"highway","default_image_id":0,"font":"","enabled":false},"version":2}},"categories":[8569,29433,25439,1,29448,29432,314],"tags":[29452,9190,29453,29451,25464,29450,4,6,29449],"class_list":["post-3422","post","type-post","status-publish","format-standard","has-post-thumbnail","hentry","category-agroequipement","category-amenagement-paysager2","category-education-socioculturelle","category-non-classe","category-residence-dartiste","category-video2","category-videos","tag-29452","tag-activites","tag-amenagement-paysager","tag-chantier-ecole","tag-education-socioculturelle","tag-karen-raccah","tag-lycee","tag-merdrignac","tag-residence-dartiste"],"aioseo_notices":[],"jetpack_publicize_connections":[],"jetpack_featured_media_url":"https:\/\/i0.wp.com\/blogs.lyceecfadumene.fr\/tyanheol\/files\/2023\/04\/1-scaled.jpg?fit=2560%2C1445&ssl=1","jetpack_shortlink":"https:\/\/wp.me\/p1SrOO-Tc","jetpack_sharing_enabled":true,"_links":{"self":[{"href":"https:\/\/blogs.lyceecfadumene.fr\/tyanheol\/wp-json\/wp\/v2\/posts\/3422","targetHints":{"allow":["GET"]}}],"collection":[{"href":"https:\/\/blogs.lyceecfadumene.fr\/tyanheol\/wp-json\/wp\/v2\/posts"}],"about":[{"href":"https:\/\/blogs.lyceecfadumene.fr\/tyanheol\/wp-json\/wp\/v2\/types\/post"}],"author":[{"embeddable":true,"href":"https:\/\/blogs.lyceecfadumene.fr\/tyanheol\/wp-json\/wp\/v2\/users\/97"}],"replies":[{"embeddable":true,"href":"https:\/\/blogs.lyceecfadumene.fr\/tyanheol\/wp-json\/wp\/v2\/comments?post=3422"}],"version-history":[{"count":3,"href":"https:\/\/blogs.lyceecfadumene.fr\/tyanheol\/wp-json\/wp\/v2\/posts\/3422\/revisions"}],"predecessor-version":[{"id":3427,"href":"https:\/\/blogs.lyceecfadumene.fr\/tyanheol\/wp-json\/wp\/v2\/posts\/3422\/revisions\/3427"}],"wp:featuredmedia":[{"embeddable":true,"href":"https:\/\/blogs.lyceecfadumene.fr\/tyanheol\/wp-json\/wp\/v2\/media\/3423"}],"wp:attachment":[{"href":"https:\/\/blogs.lyceecfadumene.fr\/tyanheol\/wp-json\/wp\/v2\/media?parent=3422"}],"wp:term":[{"taxonomy":"category","embeddable":true,"href":"https:\/\/blogs.lyceecfadumene.fr\/tyanheol\/wp-json\/wp\/v2\/categories?post=3422"},{"taxonomy":"post_tag","embeddable":true,"href":"https:\/\/blogs.lyceecfadumene.fr\/tyanheol\/wp-json\/wp\/v2\/tags?post=3422"}],"curies":[{"name":"wp","href":"https:\/\/api.w.org\/{rel}","templated":true}]}}