{"id":3402,"date":"2023-03-22T17:30:36","date_gmt":"2023-03-22T15:30:36","guid":{"rendered":"https:\/\/blogs.lyceecfadumene.fr\/tyanheol\/?p=3402"},"modified":"2023-03-23T17:31:24","modified_gmt":"2023-03-23T15:31:24","slug":"meilleurs-ouvriers-et-apprentis-de-france","status":"publish","type":"post","link":"https:\/\/blogs.lyceecfadumene.fr\/tyanheol\/2023\/03\/22\/meilleurs-ouvriers-et-apprentis-de-france\/","title":{"rendered":"Meilleurs Ouvriers et Apprentis de France !"},"content":{"rendered":"\n<p>Mercredi 22 mars avait lieu au campus de Merdrignac le concours du meilleur apprenti cat\u00e9gorie jardinier-paysagiste. C\u2019\u00e9tait l\u2019\u00e9tape d\u00e9partementale d\u2019un concours qui se poursuit au niveau r\u00e9gional et national.<\/p>\n\n\n\n<p>Les jeunes de Bac pro Am\u00e9nagement Paysager devaient construire pendant 8 heures une petite sc\u00e8ne de jardin de 9 m\u00b2, comprenant un muret et un dallage en pierre, des cha\u00eenettes de pav\u00e9s et des plantations. L&rsquo;\u00e9preuve se joue aussi sur les connaissances th\u00e9oriques : un oral de 10 minutes avec un jury et une \u00ab\u00a0reconnaissance de v\u00e9g\u00e9taux\u00a0\u00bb sur des \u00e9chantillons d&rsquo;arbustes de jardins.<\/p>\n\n\n\n<p>Le jury compos\u00e9 de 4 professionnels, anciens du Campus, a du mesurer chaque construction, v\u00e9rifier les cotes et estimer les qualit\u00e9s esth\u00e9tiques de chaque ouvrage.<\/p>\n\n\n\n<p>\u00c0 l\u2019issue du concours, nos jeunes du Campus repartent brillamment avec une m\u00e9daille d\u2019or pour Matteo Premel, une m\u00e9daille d\u2019argent pour Enola Marie (la seule fille des 13 inscrits) et deux m\u00e9dailles de bronze pour Alric Lelievre et pour Louarn Odie, tous scolaris\u00e9s en terminale BAC pro au Lyc\u00e9e.<\/p>\n\n\n\n<p>Matheo et Enola se qualifient pour l\u2019\u00e9preuve r\u00e9gionale et d\u00e9fendront les couleurs des C\u00f4tes-d\u2019Armor. Parions qu&rsquo;ils n&rsquo;en resteront pas l\u00e0 et suivront la trace de Clovis Bannier qui \u00e0 d\u00e9croch\u00e9 la m\u00e9daille d&rsquo;or nationale du meilleur apprenti en septembre dernier.<\/p>\n\n\n\n<p>Merci aux coll\u00e8gues qui sont venus les encourager malgr\u00e9 les conditions m\u00e9t\u00e9o compliqu\u00e9es !<\/p>\n\n\n\n<p>Merci aux coups de main qui ont permis que cette journ\u00e9e se d\u00e9roule bien !<\/p>\n\n\n\n<p><\/p>\n\n\n\n<figure class=\"wp-block-embed is-type-video is-provider-youtube wp-block-embed-youtube wp-embed-aspect-16-9 wp-has-aspect-ratio\"><div class=\"wp-block-embed__wrapper\">\n<span class=\"embed-youtube\" style=\"text-align:center; display: block;\"><iframe loading=\"lazy\" class=\"youtube-player\" width=\"604\" height=\"340\" src=\"https:\/\/www.youtube.com\/embed\/fQvwve8hZos?version=3&#038;rel=1&#038;showsearch=0&#038;showinfo=1&#038;iv_load_policy=1&#038;fs=1&#038;hl=fr-FR&#038;autohide=2&#038;wmode=transparent\" allowfullscreen=\"true\" style=\"border:0;\" sandbox=\"allow-scripts allow-same-origin allow-popups allow-presentation allow-popups-to-escape-sandbox\"><\/iframe><\/span>\n<\/div><figcaption class=\"wp-element-caption\"><em>Math\u00e9o Premel devant son ouvrage \u00e0 l&rsquo;issue de la journ\u00e9e<\/em><\/figcaption><\/figure>\n","protected":false},"excerpt":{"rendered":"<p>Mercredi 22 mars avait lieu au campus de Merdrignac le concours du meilleur apprenti cat\u00e9gorie jardinier-paysagiste. C\u2019\u00e9tait l\u2019\u00e9tape d\u00e9partementale d\u2019un concours qui se poursuit au niveau r\u00e9gional et national. Les jeunes de Bac pro Am\u00e9nagement Paysager devaient construire pendant 8 heures une petite sc\u00e8ne de jardin de 9 m\u00b2, comprenant un muret et un dallage &hellip; <a href=\"https:\/\/blogs.lyceecfadumene.fr\/tyanheol\/2023\/03\/22\/meilleurs-ouvriers-et-apprentis-de-france\/\" class=\"more-link\">Continuer la lecture de <span class=\"screen-reader-text\">Meilleurs Ouvriers et Apprentis de France !<\/span> <span class=\"meta-nav\">&rarr;<\/span><\/a><\/p>\n","protected":false},"author":97,"featured_media":3405,"comment_status":"open","ping_status":"open","sticky":false,"template":"","format":"standard","meta":{"_jetpack_memberships_contains_paid_content":false,"footnotes":"","jetpack_publicize_message":"","jetpack_publicize_feature_enabled":true,"jetpack_social_post_already_shared":true,"jetpack_social_options":{"image_generator_settings":{"template":"highway","default_image_id":0,"font":"","enabled":false},"version":2}},"categories":[8569,29433,25439,1,29432,314],"tags":[9190,4,9197,6],"class_list":["post-3402","post","type-post","status-publish","format-standard","has-post-thumbnail","hentry","category-agroequipement","category-amenagement-paysager2","category-education-socioculturelle","category-non-classe","category-video2","category-videos","tag-activites","tag-lycee","tag-mercredi","tag-merdrignac"],"aioseo_notices":[],"jetpack_publicize_connections":[],"jetpack_featured_media_url":"https:\/\/i0.wp.com\/blogs.lyceecfadumene.fr\/tyanheol\/files\/2023\/03\/IMG_6252.jpeg?fit=2042%2C1540&ssl=1","jetpack_shortlink":"https:\/\/wp.me\/p1SrOO-SS","jetpack_sharing_enabled":true,"_links":{"self":[{"href":"https:\/\/blogs.lyceecfadumene.fr\/tyanheol\/wp-json\/wp\/v2\/posts\/3402","targetHints":{"allow":["GET"]}}],"collection":[{"href":"https:\/\/blogs.lyceecfadumene.fr\/tyanheol\/wp-json\/wp\/v2\/posts"}],"about":[{"href":"https:\/\/blogs.lyceecfadumene.fr\/tyanheol\/wp-json\/wp\/v2\/types\/post"}],"author":[{"embeddable":true,"href":"https:\/\/blogs.lyceecfadumene.fr\/tyanheol\/wp-json\/wp\/v2\/users\/97"}],"replies":[{"embeddable":true,"href":"https:\/\/blogs.lyceecfadumene.fr\/tyanheol\/wp-json\/wp\/v2\/comments?post=3402"}],"version-history":[{"count":1,"href":"https:\/\/blogs.lyceecfadumene.fr\/tyanheol\/wp-json\/wp\/v2\/posts\/3402\/revisions"}],"predecessor-version":[{"id":3404,"href":"https:\/\/blogs.lyceecfadumene.fr\/tyanheol\/wp-json\/wp\/v2\/posts\/3402\/revisions\/3404"}],"wp:featuredmedia":[{"embeddable":true,"href":"https:\/\/blogs.lyceecfadumene.fr\/tyanheol\/wp-json\/wp\/v2\/media\/3405"}],"wp:attachment":[{"href":"https:\/\/blogs.lyceecfadumene.fr\/tyanheol\/wp-json\/wp\/v2\/media?parent=3402"}],"wp:term":[{"taxonomy":"category","embeddable":true,"href":"https:\/\/blogs.lyceecfadumene.fr\/tyanheol\/wp-json\/wp\/v2\/categories?post=3402"},{"taxonomy":"post_tag","embeddable":true,"href":"https:\/\/blogs.lyceecfadumene.fr\/tyanheol\/wp-json\/wp\/v2\/tags?post=3402"}],"curies":[{"name":"wp","href":"https:\/\/api.w.org\/{rel}","templated":true}]}}