{"id":3316,"date":"2022-06-16T10:34:56","date_gmt":"2022-06-16T08:34:56","guid":{"rendered":"https:\/\/blogs.lyceecfadumene.fr\/tyanheol\/?p=3316"},"modified":"2022-06-16T10:34:59","modified_gmt":"2022-06-16T08:34:59","slug":"derniere-sortie-scolaire","status":"publish","type":"post","link":"https:\/\/blogs.lyceecfadumene.fr\/tyanheol\/2022\/06\/16\/derniere-sortie-scolaire\/","title":{"rendered":"Derni\u00e8re sortie scolaire"},"content":{"rendered":"\n<p>Pour finir l&rsquo;ann\u00e9e en beaut\u00e9, randonn\u00e9e sur le sentier c\u00f4tier, le c\u00e9l\u00e8bre GR 34, de Saint-Briac-sur-mer \u00e0 Dinard en passant par Saint-Lunaire, puis croisi\u00e8re dans l&rsquo;estuaire de la Rance au d\u00e9part de l&rsquo;usine mar\u00e9motrice. Et bien, la C\u00f4te d\u2019\u00c9meraude porte bien son nom, la Bretagne n&rsquo;a rien \u00e0 envier \u00e0 la Corse !<\/p>\n\n\n\n<p>Un grand merci aux participants, aux accompagnateurs, \u00e0 la voiture-balai&#8230; et aux chaussures de marche !<\/p>\n\n\n\n<figure class=\"wp-block-image size-large\"><img data-recalc-dims=\"1\" loading=\"lazy\" decoding=\"async\" width=\"604\" height=\"341\" data-attachment-id=\"3320\" data-permalink=\"https:\/\/blogs.lyceecfadumene.fr\/tyanheol\/2022\/06\/16\/derniere-sortie-scolaire\/bty-11\/\" data-orig-file=\"https:\/\/i0.wp.com\/blogs.lyceecfadumene.fr\/tyanheol\/files\/2022\/06\/IMG_20220615_124112-scaled.jpg?fit=2560%2C1445&amp;ssl=1\" data-orig-size=\"2560,1445\" data-comments-opened=\"1\" data-image-meta=\"{&quot;aperture&quot;:&quot;2.2&quot;,&quot;credit&quot;:&quot;&quot;,&quot;camera&quot;:&quot;BLN-L21&quot;,&quot;caption&quot;:&quot;bty&quot;,&quot;created_timestamp&quot;:&quot;1655296873&quot;,&quot;copyright&quot;:&quot;&quot;,&quot;focal_length&quot;:&quot;3.83&quot;,&quot;iso&quot;:&quot;50&quot;,&quot;shutter_speed&quot;:&quot;0.001245&quot;,&quot;title&quot;:&quot;bty&quot;,&quot;orientation&quot;:&quot;0&quot;}\" data-image-title=\"bty\" data-image-description=\"\" data-image-caption=\"&lt;p&gt;bty&lt;\/p&gt;\n\" data-large-file=\"https:\/\/i0.wp.com\/blogs.lyceecfadumene.fr\/tyanheol\/files\/2022\/06\/IMG_20220615_124112-scaled.jpg?fit=604%2C341&amp;ssl=1\" src=\"https:\/\/i0.wp.com\/blogs.lyceecfadumene.fr\/tyanheol\/files\/2022\/06\/IMG_20220615_124112-1024x578.jpg?resize=604%2C341&#038;ssl=1\" alt=\"\" class=\"wp-image-3320\" srcset=\"https:\/\/i0.wp.com\/blogs.lyceecfadumene.fr\/tyanheol\/files\/2022\/06\/IMG_20220615_124112-scaled.jpg?resize=1024%2C578&amp;ssl=1 1024w, https:\/\/i0.wp.com\/blogs.lyceecfadumene.fr\/tyanheol\/files\/2022\/06\/IMG_20220615_124112-scaled.jpg?resize=300%2C169&amp;ssl=1 300w, https:\/\/i0.wp.com\/blogs.lyceecfadumene.fr\/tyanheol\/files\/2022\/06\/IMG_20220615_124112-scaled.jpg?resize=768%2C434&amp;ssl=1 768w, https:\/\/i0.wp.com\/blogs.lyceecfadumene.fr\/tyanheol\/files\/2022\/06\/IMG_20220615_124112-scaled.jpg?resize=1536%2C867&amp;ssl=1 1536w, https:\/\/i0.wp.com\/blogs.lyceecfadumene.fr\/tyanheol\/files\/2022\/06\/IMG_20220615_124112-scaled.jpg?resize=2048%2C1156&amp;ssl=1 2048w, https:\/\/i0.wp.com\/blogs.lyceecfadumene.fr\/tyanheol\/files\/2022\/06\/IMG_20220615_124112-scaled.jpg?w=1208 1208w, https:\/\/i0.wp.com\/blogs.lyceecfadumene.fr\/tyanheol\/files\/2022\/06\/IMG_20220615_124112-scaled.jpg?w=1812 1812w\" sizes=\"auto, (max-width: 604px) 100vw, 604px\" \/><figcaption>La C\u00f4te d&rsquo;Emeraude<\/figcaption><\/figure>\n\n\n\n<figure class=\"wp-block-embed is-type-video is-provider-youtube wp-block-embed-youtube wp-embed-aspect-4-3 wp-has-aspect-ratio\"><div class=\"wp-block-embed__wrapper\">\n<span class=\"embed-youtube\" style=\"text-align:center; display: block;\"><iframe loading=\"lazy\" class=\"youtube-player\" width=\"604\" height=\"340\" src=\"https:\/\/www.youtube.com\/embed\/0Nyt9ut7Rx8?version=3&#038;rel=1&#038;showsearch=0&#038;showinfo=1&#038;iv_load_policy=1&#038;fs=1&#038;hl=fr-FR&#038;autohide=2&#038;wmode=transparent\" allowfullscreen=\"true\" style=\"border:0;\" sandbox=\"allow-scripts allow-same-origin allow-popups allow-presentation allow-popups-to-escape-sandbox\"><\/iframe><\/span>\n<\/div><\/figure>\n","protected":false},"excerpt":{"rendered":"<p>Pour finir l&rsquo;ann\u00e9e en beaut\u00e9, randonn\u00e9e sur le sentier c\u00f4tier, le c\u00e9l\u00e8bre GR 34, de Saint-Briac-sur-mer \u00e0 Dinard en passant par Saint-Lunaire, puis croisi\u00e8re dans l&rsquo;estuaire de la Rance au d\u00e9part de l&rsquo;usine mar\u00e9motrice. Et bien, la C\u00f4te d\u2019\u00c9meraude porte bien son nom, la Bretagne n&rsquo;a rien \u00e0 envier \u00e0 la Corse ! Un grand &hellip; <a href=\"https:\/\/blogs.lyceecfadumene.fr\/tyanheol\/2022\/06\/16\/derniere-sortie-scolaire\/\" class=\"more-link\">Continuer la lecture de <span class=\"screen-reader-text\">Derni\u00e8re sortie scolaire<\/span> <span class=\"meta-nav\">&rarr;<\/span><\/a><\/p>\n","protected":false},"author":97,"featured_media":3317,"comment_status":"open","ping_status":"open","sticky":false,"template":"","format":"standard","meta":{"_jetpack_memberships_contains_paid_content":false,"footnotes":"","jetpack_publicize_message":"","jetpack_publicize_feature_enabled":true,"jetpack_social_post_already_shared":true,"jetpack_social_options":{"image_generator_settings":{"template":"highway","default_image_id":0,"font":"","enabled":false},"version":2}},"categories":[25439,1,9177,29432,314],"tags":[9190,25464,4,9197,6,3645,25463],"class_list":["post-3316","post","type-post","status-publish","format-standard","has-post-thumbnail","hentry","category-education-socioculturelle","category-non-classe","category-sorties","category-video2","category-videos","tag-activites","tag-education-socioculturelle","tag-lycee","tag-mercredi","tag-merdrignac","tag-sortie","tag-sorties"],"aioseo_notices":[],"jetpack_publicize_connections":[],"jetpack_featured_media_url":"https:\/\/i0.wp.com\/blogs.lyceecfadumene.fr\/tyanheol\/files\/2022\/06\/IMG_20220615_123956-scaled.jpg?fit=2560%2C1445&ssl=1","jetpack_shortlink":"https:\/\/wp.me\/p1SrOO-Ru","jetpack_sharing_enabled":true,"_links":{"self":[{"href":"https:\/\/blogs.lyceecfadumene.fr\/tyanheol\/wp-json\/wp\/v2\/posts\/3316","targetHints":{"allow":["GET"]}}],"collection":[{"href":"https:\/\/blogs.lyceecfadumene.fr\/tyanheol\/wp-json\/wp\/v2\/posts"}],"about":[{"href":"https:\/\/blogs.lyceecfadumene.fr\/tyanheol\/wp-json\/wp\/v2\/types\/post"}],"author":[{"embeddable":true,"href":"https:\/\/blogs.lyceecfadumene.fr\/tyanheol\/wp-json\/wp\/v2\/users\/97"}],"replies":[{"embeddable":true,"href":"https:\/\/blogs.lyceecfadumene.fr\/tyanheol\/wp-json\/wp\/v2\/comments?post=3316"}],"version-history":[{"count":4,"href":"https:\/\/blogs.lyceecfadumene.fr\/tyanheol\/wp-json\/wp\/v2\/posts\/3316\/revisions"}],"predecessor-version":[{"id":3322,"href":"https:\/\/blogs.lyceecfadumene.fr\/tyanheol\/wp-json\/wp\/v2\/posts\/3316\/revisions\/3322"}],"wp:featuredmedia":[{"embeddable":true,"href":"https:\/\/blogs.lyceecfadumene.fr\/tyanheol\/wp-json\/wp\/v2\/media\/3317"}],"wp:attachment":[{"href":"https:\/\/blogs.lyceecfadumene.fr\/tyanheol\/wp-json\/wp\/v2\/media?parent=3316"}],"wp:term":[{"taxonomy":"category","embeddable":true,"href":"https:\/\/blogs.lyceecfadumene.fr\/tyanheol\/wp-json\/wp\/v2\/categories?post=3316"},{"taxonomy":"post_tag","embeddable":true,"href":"https:\/\/blogs.lyceecfadumene.fr\/tyanheol\/wp-json\/wp\/v2\/tags?post=3316"}],"curies":[{"name":"wp","href":"https:\/\/api.w.org\/{rel}","templated":true}]}}