{"id":3295,"date":"2022-06-13T18:50:18","date_gmt":"2022-06-13T16:50:18","guid":{"rendered":"https:\/\/blogs.lyceecfadumene.fr\/tyanheol\/?p=3295"},"modified":"2022-06-13T18:50:21","modified_gmt":"2022-06-13T16:50:21","slug":"initiation-au-landart","status":"publish","type":"post","link":"https:\/\/blogs.lyceecfadumene.fr\/tyanheol\/2022\/06\/13\/initiation-au-landart\/","title":{"rendered":"Initiation au landart"},"content":{"rendered":"\n<p>Les Secondes Nature Jardin Paysage For\u00eat se sont initi\u00e9s au landart, cr\u00e9er avec la nature dans la nature, gr\u00e2ce \u00e0 un rallye photo par \u00e9quipes en plusieurs manches sur des th\u00e8mes impos\u00e9s : color\u00e9, g\u00e9om\u00e9trie, reflet, cercle et, pour finir, guerre et paix. Arrivent premiers Ewen et Antoine, deuxi\u00e8mes Fabrice et Lucas, troisi\u00e8mes Nolan et Yohann. L&rsquo;occasion d&rsquo;aiguiser leur regard artistique pour ces paysagistes en herbe !<\/p>\n\n\n\n<figure class=\"wp-block-image size-large\"><img data-recalc-dims=\"1\" loading=\"lazy\" decoding=\"async\" width=\"604\" height=\"379\" data-attachment-id=\"3297\" data-permalink=\"https:\/\/blogs.lyceecfadumene.fr\/tyanheol\/2022\/06\/13\/initiation-au-landart\/antoine-geometrie\/\" data-orig-file=\"https:\/\/i0.wp.com\/blogs.lyceecfadumene.fr\/tyanheol\/files\/2022\/06\/antoine-geometrie.jpeg?fit=2220%2C1392&amp;ssl=1\" data-orig-size=\"2220,1392\" data-comments-opened=\"1\" data-image-meta=\"{&quot;aperture&quot;:&quot;0&quot;,&quot;credit&quot;:&quot;&quot;,&quot;camera&quot;:&quot;&quot;,&quot;caption&quot;:&quot;&quot;,&quot;created_timestamp&quot;:&quot;0&quot;,&quot;copyright&quot;:&quot;&quot;,&quot;focal_length&quot;:&quot;0&quot;,&quot;iso&quot;:&quot;0&quot;,&quot;shutter_speed&quot;:&quot;0&quot;,&quot;title&quot;:&quot;&quot;,&quot;orientation&quot;:&quot;0&quot;}\" data-image-title=\"antoine-geometrie\" data-image-description=\"\" data-image-caption=\"\" data-large-file=\"https:\/\/i0.wp.com\/blogs.lyceecfadumene.fr\/tyanheol\/files\/2022\/06\/antoine-geometrie.jpeg?fit=604%2C379&amp;ssl=1\" src=\"https:\/\/i0.wp.com\/blogs.lyceecfadumene.fr\/tyanheol\/files\/2022\/06\/antoine-geometrie-1024x642.jpeg?resize=604%2C379&#038;ssl=1\" alt=\"\" class=\"wp-image-3297\" srcset=\"https:\/\/i0.wp.com\/blogs.lyceecfadumene.fr\/tyanheol\/files\/2022\/06\/antoine-geometrie.jpeg?resize=1024%2C642&amp;ssl=1 1024w, https:\/\/i0.wp.com\/blogs.lyceecfadumene.fr\/tyanheol\/files\/2022\/06\/antoine-geometrie.jpeg?resize=300%2C188&amp;ssl=1 300w, https:\/\/i0.wp.com\/blogs.lyceecfadumene.fr\/tyanheol\/files\/2022\/06\/antoine-geometrie.jpeg?resize=768%2C482&amp;ssl=1 768w, https:\/\/i0.wp.com\/blogs.lyceecfadumene.fr\/tyanheol\/files\/2022\/06\/antoine-geometrie.jpeg?resize=1536%2C963&amp;ssl=1 1536w, https:\/\/i0.wp.com\/blogs.lyceecfadumene.fr\/tyanheol\/files\/2022\/06\/antoine-geometrie.jpeg?resize=2048%2C1284&amp;ssl=1 2048w, https:\/\/i0.wp.com\/blogs.lyceecfadumene.fr\/tyanheol\/files\/2022\/06\/antoine-geometrie.jpeg?w=1208 1208w, https:\/\/i0.wp.com\/blogs.lyceecfadumene.fr\/tyanheol\/files\/2022\/06\/antoine-geometrie.jpeg?w=1812 1812w\" sizes=\"auto, (max-width: 604px) 100vw, 604px\" \/><figcaption>G\u00e9om\u00e9trie<\/figcaption><\/figure>\n\n\n\n<figure class=\"wp-block-image size-large\"><img data-recalc-dims=\"1\" loading=\"lazy\" decoding=\"async\" width=\"604\" height=\"605\" data-attachment-id=\"3305\" data-permalink=\"https:\/\/blogs.lyceecfadumene.fr\/tyanheol\/2022\/06\/13\/initiation-au-landart\/antoine\/\" data-orig-file=\"https:\/\/i0.wp.com\/blogs.lyceecfadumene.fr\/tyanheol\/files\/2022\/06\/antoine-scaled.jpeg?fit=2556%2C2560&amp;ssl=1\" data-orig-size=\"2556,2560\" data-comments-opened=\"1\" data-image-meta=\"{&quot;aperture&quot;:&quot;0&quot;,&quot;credit&quot;:&quot;&quot;,&quot;camera&quot;:&quot;&quot;,&quot;caption&quot;:&quot;&quot;,&quot;created_timestamp&quot;:&quot;0&quot;,&quot;copyright&quot;:&quot;&quot;,&quot;focal_length&quot;:&quot;0&quot;,&quot;iso&quot;:&quot;0&quot;,&quot;shutter_speed&quot;:&quot;0&quot;,&quot;title&quot;:&quot;&quot;,&quot;orientation&quot;:&quot;0&quot;}\" data-image-title=\"antoine\" data-image-description=\"\" data-image-caption=\"\" data-large-file=\"https:\/\/i0.wp.com\/blogs.lyceecfadumene.fr\/tyanheol\/files\/2022\/06\/antoine-scaled.jpeg?fit=604%2C605&amp;ssl=1\" src=\"https:\/\/i0.wp.com\/blogs.lyceecfadumene.fr\/tyanheol\/files\/2022\/06\/antoine-1022x1024.jpeg?resize=604%2C605&#038;ssl=1\" alt=\"\" class=\"wp-image-3305\" srcset=\"https:\/\/i0.wp.com\/blogs.lyceecfadumene.fr\/tyanheol\/files\/2022\/06\/antoine-scaled.jpeg?resize=1022%2C1024&amp;ssl=1 1022w, https:\/\/i0.wp.com\/blogs.lyceecfadumene.fr\/tyanheol\/files\/2022\/06\/antoine-scaled.jpeg?resize=300%2C300&amp;ssl=1 300w, https:\/\/i0.wp.com\/blogs.lyceecfadumene.fr\/tyanheol\/files\/2022\/06\/antoine-scaled.jpeg?resize=150%2C150&amp;ssl=1 150w, https:\/\/i0.wp.com\/blogs.lyceecfadumene.fr\/tyanheol\/files\/2022\/06\/antoine-scaled.jpeg?resize=768%2C769&amp;ssl=1 768w, https:\/\/i0.wp.com\/blogs.lyceecfadumene.fr\/tyanheol\/files\/2022\/06\/antoine-scaled.jpeg?resize=1534%2C1536&amp;ssl=1 1534w, https:\/\/i0.wp.com\/blogs.lyceecfadumene.fr\/tyanheol\/files\/2022\/06\/antoine-scaled.jpeg?resize=2045%2C2048&amp;ssl=1 2045w, https:\/\/i0.wp.com\/blogs.lyceecfadumene.fr\/tyanheol\/files\/2022\/06\/antoine-scaled.jpeg?w=1208 1208w, https:\/\/i0.wp.com\/blogs.lyceecfadumene.fr\/tyanheol\/files\/2022\/06\/antoine-scaled.jpeg?w=1812 1812w\" sizes=\"auto, (max-width: 604px) 100vw, 604px\" \/><figcaption>Guerre et Paix<\/figcaption><\/figure>\n\n\n\n<figure class=\"wp-block-image size-large\"><img data-recalc-dims=\"1\" loading=\"lazy\" decoding=\"async\" width=\"604\" height=\"604\" data-attachment-id=\"3304\" data-permalink=\"https:\/\/blogs.lyceecfadumene.fr\/tyanheol\/2022\/06\/13\/initiation-au-landart\/fabrice-cercle\/\" data-orig-file=\"https:\/\/i0.wp.com\/blogs.lyceecfadumene.fr\/tyanheol\/files\/2022\/06\/fabrice-cercle-scaled.jpg?fit=2557%2C2560&amp;ssl=1\" data-orig-size=\"2557,2560\" data-comments-opened=\"1\" data-image-meta=\"{&quot;aperture&quot;:&quot;0&quot;,&quot;credit&quot;:&quot;&quot;,&quot;camera&quot;:&quot;&quot;,&quot;caption&quot;:&quot;&quot;,&quot;created_timestamp&quot;:&quot;0&quot;,&quot;copyright&quot;:&quot;&quot;,&quot;focal_length&quot;:&quot;0&quot;,&quot;iso&quot;:&quot;0&quot;,&quot;shutter_speed&quot;:&quot;0&quot;,&quot;title&quot;:&quot;&quot;,&quot;orientation&quot;:&quot;0&quot;}\" data-image-title=\"fabrice-cercle\" data-image-description=\"\" data-image-caption=\"\" data-large-file=\"https:\/\/i0.wp.com\/blogs.lyceecfadumene.fr\/tyanheol\/files\/2022\/06\/fabrice-cercle-scaled.jpg?fit=604%2C604&amp;ssl=1\" src=\"https:\/\/i0.wp.com\/blogs.lyceecfadumene.fr\/tyanheol\/files\/2022\/06\/fabrice-cercle-1024x1024.jpg?resize=604%2C604&#038;ssl=1\" alt=\"\" class=\"wp-image-3304\" srcset=\"https:\/\/i0.wp.com\/blogs.lyceecfadumene.fr\/tyanheol\/files\/2022\/06\/fabrice-cercle-scaled.jpg?resize=1024%2C1024&amp;ssl=1 1024w, https:\/\/i0.wp.com\/blogs.lyceecfadumene.fr\/tyanheol\/files\/2022\/06\/fabrice-cercle-scaled.jpg?resize=300%2C300&amp;ssl=1 300w, https:\/\/i0.wp.com\/blogs.lyceecfadumene.fr\/tyanheol\/files\/2022\/06\/fabrice-cercle-scaled.jpg?resize=150%2C150&amp;ssl=1 150w, https:\/\/i0.wp.com\/blogs.lyceecfadumene.fr\/tyanheol\/files\/2022\/06\/fabrice-cercle-scaled.jpg?resize=768%2C769&amp;ssl=1 768w, https:\/\/i0.wp.com\/blogs.lyceecfadumene.fr\/tyanheol\/files\/2022\/06\/fabrice-cercle-scaled.jpg?resize=1534%2C1536&amp;ssl=1 1534w, https:\/\/i0.wp.com\/blogs.lyceecfadumene.fr\/tyanheol\/files\/2022\/06\/fabrice-cercle-scaled.jpg?resize=2046%2C2048&amp;ssl=1 2046w, https:\/\/i0.wp.com\/blogs.lyceecfadumene.fr\/tyanheol\/files\/2022\/06\/fabrice-cercle-scaled.jpg?w=1208 1208w, https:\/\/i0.wp.com\/blogs.lyceecfadumene.fr\/tyanheol\/files\/2022\/06\/fabrice-cercle-scaled.jpg?w=1812 1812w\" sizes=\"auto, (max-width: 604px) 100vw, 604px\" \/><figcaption>Cercle<\/figcaption><\/figure>\n\n\n\n<figure class=\"wp-block-image size-large\"><img data-recalc-dims=\"1\" loading=\"lazy\" decoding=\"async\" width=\"604\" height=\"604\" data-attachment-id=\"3300\" data-permalink=\"https:\/\/blogs.lyceecfadumene.fr\/tyanheol\/2022\/06\/13\/initiation-au-landart\/fabrice-colore\/\" data-orig-file=\"https:\/\/i0.wp.com\/blogs.lyceecfadumene.fr\/tyanheol\/files\/2022\/06\/fabrice-colore.jpg?fit=2143%2C2146&amp;ssl=1\" data-orig-size=\"2143,2146\" data-comments-opened=\"1\" data-image-meta=\"{&quot;aperture&quot;:&quot;0&quot;,&quot;credit&quot;:&quot;&quot;,&quot;camera&quot;:&quot;&quot;,&quot;caption&quot;:&quot;&quot;,&quot;created_timestamp&quot;:&quot;0&quot;,&quot;copyright&quot;:&quot;&quot;,&quot;focal_length&quot;:&quot;0&quot;,&quot;iso&quot;:&quot;0&quot;,&quot;shutter_speed&quot;:&quot;0&quot;,&quot;title&quot;:&quot;&quot;,&quot;orientation&quot;:&quot;0&quot;}\" data-image-title=\"fabrice-colore\" data-image-description=\"\" data-image-caption=\"\" data-large-file=\"https:\/\/i0.wp.com\/blogs.lyceecfadumene.fr\/tyanheol\/files\/2022\/06\/fabrice-colore.jpg?fit=604%2C604&amp;ssl=1\" src=\"https:\/\/i0.wp.com\/blogs.lyceecfadumene.fr\/tyanheol\/files\/2022\/06\/fabrice-colore-1024x1024.jpg?resize=604%2C604&#038;ssl=1\" alt=\"\" class=\"wp-image-3300\" srcset=\"https:\/\/i0.wp.com\/blogs.lyceecfadumene.fr\/tyanheol\/files\/2022\/06\/fabrice-colore.jpg?resize=1024%2C1024&amp;ssl=1 1024w, https:\/\/i0.wp.com\/blogs.lyceecfadumene.fr\/tyanheol\/files\/2022\/06\/fabrice-colore.jpg?resize=300%2C300&amp;ssl=1 300w, https:\/\/i0.wp.com\/blogs.lyceecfadumene.fr\/tyanheol\/files\/2022\/06\/fabrice-colore.jpg?resize=150%2C150&amp;ssl=1 150w, https:\/\/i0.wp.com\/blogs.lyceecfadumene.fr\/tyanheol\/files\/2022\/06\/fabrice-colore.jpg?resize=768%2C769&amp;ssl=1 768w, https:\/\/i0.wp.com\/blogs.lyceecfadumene.fr\/tyanheol\/files\/2022\/06\/fabrice-colore.jpg?resize=1534%2C1536&amp;ssl=1 1534w, https:\/\/i0.wp.com\/blogs.lyceecfadumene.fr\/tyanheol\/files\/2022\/06\/fabrice-colore.jpg?w=1208 1208w, https:\/\/i0.wp.com\/blogs.lyceecfadumene.fr\/tyanheol\/files\/2022\/06\/fabrice-colore.jpg?w=1812 1812w\" sizes=\"auto, (max-width: 604px) 100vw, 604px\" \/><figcaption>Color\u00e9<\/figcaption><\/figure>\n\n\n\n<figure class=\"wp-block-image size-large\"><img data-recalc-dims=\"1\" loading=\"lazy\" decoding=\"async\" width=\"604\" height=\"554\" data-attachment-id=\"3298\" data-permalink=\"https:\/\/blogs.lyceecfadumene.fr\/tyanheol\/2022\/06\/13\/initiation-au-landart\/fabrice-guerre-et-paix\/\" data-orig-file=\"https:\/\/i0.wp.com\/blogs.lyceecfadumene.fr\/tyanheol\/files\/2022\/06\/fabrice-guerre-et-paix.jpg?fit=1169%2C1072&amp;ssl=1\" data-orig-size=\"1169,1072\" data-comments-opened=\"1\" data-image-meta=\"{&quot;aperture&quot;:&quot;0&quot;,&quot;credit&quot;:&quot;&quot;,&quot;camera&quot;:&quot;&quot;,&quot;caption&quot;:&quot;&quot;,&quot;created_timestamp&quot;:&quot;0&quot;,&quot;copyright&quot;:&quot;&quot;,&quot;focal_length&quot;:&quot;0&quot;,&quot;iso&quot;:&quot;0&quot;,&quot;shutter_speed&quot;:&quot;0&quot;,&quot;title&quot;:&quot;&quot;,&quot;orientation&quot;:&quot;0&quot;}\" data-image-title=\"fabrice-guerre-et-paix\" data-image-description=\"\" data-image-caption=\"\" data-large-file=\"https:\/\/i0.wp.com\/blogs.lyceecfadumene.fr\/tyanheol\/files\/2022\/06\/fabrice-guerre-et-paix.jpg?fit=604%2C554&amp;ssl=1\" src=\"https:\/\/i0.wp.com\/blogs.lyceecfadumene.fr\/tyanheol\/files\/2022\/06\/fabrice-guerre-et-paix-1024x939.jpg?resize=604%2C554&#038;ssl=1\" alt=\"\" class=\"wp-image-3298\" srcset=\"https:\/\/i0.wp.com\/blogs.lyceecfadumene.fr\/tyanheol\/files\/2022\/06\/fabrice-guerre-et-paix.jpg?resize=1024%2C939&amp;ssl=1 1024w, https:\/\/i0.wp.com\/blogs.lyceecfadumene.fr\/tyanheol\/files\/2022\/06\/fabrice-guerre-et-paix.jpg?resize=300%2C275&amp;ssl=1 300w, https:\/\/i0.wp.com\/blogs.lyceecfadumene.fr\/tyanheol\/files\/2022\/06\/fabrice-guerre-et-paix.jpg?resize=768%2C704&amp;ssl=1 768w, https:\/\/i0.wp.com\/blogs.lyceecfadumene.fr\/tyanheol\/files\/2022\/06\/fabrice-guerre-et-paix.jpg?w=1169&amp;ssl=1 1169w\" sizes=\"auto, (max-width: 604px) 100vw, 604px\" \/><figcaption>Guerre et Paix<\/figcaption><\/figure>\n\n\n\n<figure class=\"wp-block-image size-large\"><img data-recalc-dims=\"1\" loading=\"lazy\" decoding=\"async\" width=\"604\" height=\"604\" data-attachment-id=\"3299\" data-permalink=\"https:\/\/blogs.lyceecfadumene.fr\/tyanheol\/2022\/06\/13\/initiation-au-landart\/fabrice-reflet\/\" data-orig-file=\"https:\/\/i0.wp.com\/blogs.lyceecfadumene.fr\/tyanheol\/files\/2022\/06\/fabrice-reflet.jpg?fit=1846%2C1844&amp;ssl=1\" data-orig-size=\"1846,1844\" data-comments-opened=\"1\" data-image-meta=\"{&quot;aperture&quot;:&quot;0&quot;,&quot;credit&quot;:&quot;&quot;,&quot;camera&quot;:&quot;&quot;,&quot;caption&quot;:&quot;&quot;,&quot;created_timestamp&quot;:&quot;0&quot;,&quot;copyright&quot;:&quot;&quot;,&quot;focal_length&quot;:&quot;0&quot;,&quot;iso&quot;:&quot;0&quot;,&quot;shutter_speed&quot;:&quot;0&quot;,&quot;title&quot;:&quot;&quot;,&quot;orientation&quot;:&quot;0&quot;}\" data-image-title=\"fabrice-reflet\" data-image-description=\"\" data-image-caption=\"\" data-large-file=\"https:\/\/i0.wp.com\/blogs.lyceecfadumene.fr\/tyanheol\/files\/2022\/06\/fabrice-reflet.jpg?fit=604%2C604&amp;ssl=1\" src=\"https:\/\/i0.wp.com\/blogs.lyceecfadumene.fr\/tyanheol\/files\/2022\/06\/fabrice-reflet-1024x1024.jpg?resize=604%2C604&#038;ssl=1\" alt=\"\" class=\"wp-image-3299\" srcset=\"https:\/\/i0.wp.com\/blogs.lyceecfadumene.fr\/tyanheol\/files\/2022\/06\/fabrice-reflet.jpg?resize=1024%2C1024&amp;ssl=1 1024w, https:\/\/i0.wp.com\/blogs.lyceecfadumene.fr\/tyanheol\/files\/2022\/06\/fabrice-reflet.jpg?resize=300%2C300&amp;ssl=1 300w, https:\/\/i0.wp.com\/blogs.lyceecfadumene.fr\/tyanheol\/files\/2022\/06\/fabrice-reflet.jpg?resize=150%2C150&amp;ssl=1 150w, https:\/\/i0.wp.com\/blogs.lyceecfadumene.fr\/tyanheol\/files\/2022\/06\/fabrice-reflet.jpg?resize=768%2C767&amp;ssl=1 768w, https:\/\/i0.wp.com\/blogs.lyceecfadumene.fr\/tyanheol\/files\/2022\/06\/fabrice-reflet.jpg?resize=1536%2C1534&amp;ssl=1 1536w, https:\/\/i0.wp.com\/blogs.lyceecfadumene.fr\/tyanheol\/files\/2022\/06\/fabrice-reflet.jpg?w=1846&amp;ssl=1 1846w, https:\/\/i0.wp.com\/blogs.lyceecfadumene.fr\/tyanheol\/files\/2022\/06\/fabrice-reflet.jpg?w=1208 1208w\" sizes=\"auto, (max-width: 604px) 100vw, 604px\" \/><figcaption>Reflet<\/figcaption><\/figure>\n\n\n\n<figure class=\"wp-block-image size-large\"><img data-recalc-dims=\"1\" loading=\"lazy\" decoding=\"async\" width=\"604\" height=\"604\" data-attachment-id=\"3313\" data-permalink=\"https:\/\/blogs.lyceecfadumene.fr\/tyanheol\/2022\/06\/13\/initiation-au-landart\/thomas-colore\/\" data-orig-file=\"https:\/\/i0.wp.com\/blogs.lyceecfadumene.fr\/tyanheol\/files\/2022\/06\/thomas-colore-scaled.jpg?fit=2557%2C2560&amp;ssl=1\" data-orig-size=\"2557,2560\" data-comments-opened=\"1\" data-image-meta=\"{&quot;aperture&quot;:&quot;0&quot;,&quot;credit&quot;:&quot;&quot;,&quot;camera&quot;:&quot;&quot;,&quot;caption&quot;:&quot;&quot;,&quot;created_timestamp&quot;:&quot;0&quot;,&quot;copyright&quot;:&quot;&quot;,&quot;focal_length&quot;:&quot;0&quot;,&quot;iso&quot;:&quot;0&quot;,&quot;shutter_speed&quot;:&quot;0&quot;,&quot;title&quot;:&quot;&quot;,&quot;orientation&quot;:&quot;0&quot;}\" data-image-title=\"thomas-colore\" data-image-description=\"\" data-image-caption=\"\" data-large-file=\"https:\/\/i0.wp.com\/blogs.lyceecfadumene.fr\/tyanheol\/files\/2022\/06\/thomas-colore-scaled.jpg?fit=604%2C604&amp;ssl=1\" src=\"https:\/\/i0.wp.com\/blogs.lyceecfadumene.fr\/tyanheol\/files\/2022\/06\/thomas-colore-1024x1024.jpg?resize=604%2C604&#038;ssl=1\" alt=\"\" class=\"wp-image-3313\" srcset=\"https:\/\/i0.wp.com\/blogs.lyceecfadumene.fr\/tyanheol\/files\/2022\/06\/thomas-colore-scaled.jpg?resize=1024%2C1024&amp;ssl=1 1024w, https:\/\/i0.wp.com\/blogs.lyceecfadumene.fr\/tyanheol\/files\/2022\/06\/thomas-colore-scaled.jpg?resize=300%2C300&amp;ssl=1 300w, https:\/\/i0.wp.com\/blogs.lyceecfadumene.fr\/tyanheol\/files\/2022\/06\/thomas-colore-scaled.jpg?resize=150%2C150&amp;ssl=1 150w, https:\/\/i0.wp.com\/blogs.lyceecfadumene.fr\/tyanheol\/files\/2022\/06\/thomas-colore-scaled.jpg?resize=768%2C769&amp;ssl=1 768w, https:\/\/i0.wp.com\/blogs.lyceecfadumene.fr\/tyanheol\/files\/2022\/06\/thomas-colore-scaled.jpg?resize=1534%2C1536&amp;ssl=1 1534w, https:\/\/i0.wp.com\/blogs.lyceecfadumene.fr\/tyanheol\/files\/2022\/06\/thomas-colore-scaled.jpg?resize=2046%2C2048&amp;ssl=1 2046w, https:\/\/i0.wp.com\/blogs.lyceecfadumene.fr\/tyanheol\/files\/2022\/06\/thomas-colore-scaled.jpg?w=1208 1208w, https:\/\/i0.wp.com\/blogs.lyceecfadumene.fr\/tyanheol\/files\/2022\/06\/thomas-colore-scaled.jpg?w=1812 1812w\" sizes=\"auto, (max-width: 604px) 100vw, 604px\" \/><figcaption>Color\u00e9<\/figcaption><\/figure>\n\n\n\n<figure class=\"wp-block-image size-large\"><img data-recalc-dims=\"1\" loading=\"lazy\" decoding=\"async\" width=\"604\" height=\"605\" data-attachment-id=\"3308\" data-permalink=\"https:\/\/blogs.lyceecfadumene.fr\/tyanheol\/2022\/06\/13\/initiation-au-landart\/thomas-geometrie\/\" data-orig-file=\"https:\/\/i0.wp.com\/blogs.lyceecfadumene.fr\/tyanheol\/files\/2022\/06\/thomas-geometrie-scaled.jpg?fit=2555%2C2560&amp;ssl=1\" data-orig-size=\"2555,2560\" data-comments-opened=\"1\" data-image-meta=\"{&quot;aperture&quot;:&quot;0&quot;,&quot;credit&quot;:&quot;&quot;,&quot;camera&quot;:&quot;&quot;,&quot;caption&quot;:&quot;&quot;,&quot;created_timestamp&quot;:&quot;0&quot;,&quot;copyright&quot;:&quot;&quot;,&quot;focal_length&quot;:&quot;0&quot;,&quot;iso&quot;:&quot;0&quot;,&quot;shutter_speed&quot;:&quot;0&quot;,&quot;title&quot;:&quot;&quot;,&quot;orientation&quot;:&quot;0&quot;}\" data-image-title=\"thomas-geometrie\" data-image-description=\"\" data-image-caption=\"\" data-large-file=\"https:\/\/i0.wp.com\/blogs.lyceecfadumene.fr\/tyanheol\/files\/2022\/06\/thomas-geometrie-scaled.jpg?fit=604%2C605&amp;ssl=1\" src=\"https:\/\/i0.wp.com\/blogs.lyceecfadumene.fr\/tyanheol\/files\/2022\/06\/thomas-geometrie-1022x1024.jpg?resize=604%2C605&#038;ssl=1\" alt=\"\" class=\"wp-image-3308\" srcset=\"https:\/\/i0.wp.com\/blogs.lyceecfadumene.fr\/tyanheol\/files\/2022\/06\/thomas-geometrie-scaled.jpg?resize=1022%2C1024&amp;ssl=1 1022w, https:\/\/i0.wp.com\/blogs.lyceecfadumene.fr\/tyanheol\/files\/2022\/06\/thomas-geometrie-scaled.jpg?resize=300%2C300&amp;ssl=1 300w, https:\/\/i0.wp.com\/blogs.lyceecfadumene.fr\/tyanheol\/files\/2022\/06\/thomas-geometrie-scaled.jpg?resize=150%2C150&amp;ssl=1 150w, https:\/\/i0.wp.com\/blogs.lyceecfadumene.fr\/tyanheol\/files\/2022\/06\/thomas-geometrie-scaled.jpg?resize=768%2C769&amp;ssl=1 768w, https:\/\/i0.wp.com\/blogs.lyceecfadumene.fr\/tyanheol\/files\/2022\/06\/thomas-geometrie-scaled.jpg?resize=1533%2C1536&amp;ssl=1 1533w, https:\/\/i0.wp.com\/blogs.lyceecfadumene.fr\/tyanheol\/files\/2022\/06\/thomas-geometrie-scaled.jpg?resize=2044%2C2048&amp;ssl=1 2044w, https:\/\/i0.wp.com\/blogs.lyceecfadumene.fr\/tyanheol\/files\/2022\/06\/thomas-geometrie-scaled.jpg?w=1208 1208w, https:\/\/i0.wp.com\/blogs.lyceecfadumene.fr\/tyanheol\/files\/2022\/06\/thomas-geometrie-scaled.jpg?w=1812 1812w\" sizes=\"auto, (max-width: 604px) 100vw, 604px\" \/><figcaption>G\u00e9om\u00e9trie<\/figcaption><\/figure>\n\n\n\n<figure class=\"wp-block-image size-large\"><img data-recalc-dims=\"1\" loading=\"lazy\" decoding=\"async\" width=\"604\" height=\"604\" data-attachment-id=\"3312\" data-permalink=\"https:\/\/blogs.lyceecfadumene.fr\/tyanheol\/2022\/06\/13\/initiation-au-landart\/thomas-reflet\/\" data-orig-file=\"https:\/\/i0.wp.com\/blogs.lyceecfadumene.fr\/tyanheol\/files\/2022\/06\/thomas-reflet-scaled.jpg?fit=2560%2C2560&amp;ssl=1\" data-orig-size=\"2560,2560\" data-comments-opened=\"1\" data-image-meta=\"{&quot;aperture&quot;:&quot;0&quot;,&quot;credit&quot;:&quot;&quot;,&quot;camera&quot;:&quot;&quot;,&quot;caption&quot;:&quot;&quot;,&quot;created_timestamp&quot;:&quot;0&quot;,&quot;copyright&quot;:&quot;&quot;,&quot;focal_length&quot;:&quot;0&quot;,&quot;iso&quot;:&quot;0&quot;,&quot;shutter_speed&quot;:&quot;0&quot;,&quot;title&quot;:&quot;&quot;,&quot;orientation&quot;:&quot;0&quot;}\" data-image-title=\"thomas-reflet\" data-image-description=\"\" data-image-caption=\"\" data-large-file=\"https:\/\/i0.wp.com\/blogs.lyceecfadumene.fr\/tyanheol\/files\/2022\/06\/thomas-reflet-scaled.jpg?fit=604%2C604&amp;ssl=1\" src=\"https:\/\/i0.wp.com\/blogs.lyceecfadumene.fr\/tyanheol\/files\/2022\/06\/thomas-reflet-1024x1024.jpg?resize=604%2C604&#038;ssl=1\" alt=\"\" class=\"wp-image-3312\" srcset=\"https:\/\/i0.wp.com\/blogs.lyceecfadumene.fr\/tyanheol\/files\/2022\/06\/thomas-reflet-scaled.jpg?resize=1024%2C1024&amp;ssl=1 1024w, https:\/\/i0.wp.com\/blogs.lyceecfadumene.fr\/tyanheol\/files\/2022\/06\/thomas-reflet-scaled.jpg?resize=300%2C300&amp;ssl=1 300w, https:\/\/i0.wp.com\/blogs.lyceecfadumene.fr\/tyanheol\/files\/2022\/06\/thomas-reflet-scaled.jpg?resize=150%2C150&amp;ssl=1 150w, https:\/\/i0.wp.com\/blogs.lyceecfadumene.fr\/tyanheol\/files\/2022\/06\/thomas-reflet-scaled.jpg?resize=768%2C768&amp;ssl=1 768w, https:\/\/i0.wp.com\/blogs.lyceecfadumene.fr\/tyanheol\/files\/2022\/06\/thomas-reflet-scaled.jpg?resize=1536%2C1536&amp;ssl=1 1536w, https:\/\/i0.wp.com\/blogs.lyceecfadumene.fr\/tyanheol\/files\/2022\/06\/thomas-reflet-scaled.jpg?resize=2048%2C2048&amp;ssl=1 2048w, https:\/\/i0.wp.com\/blogs.lyceecfadumene.fr\/tyanheol\/files\/2022\/06\/thomas-reflet-scaled.jpg?w=1208 1208w, https:\/\/i0.wp.com\/blogs.lyceecfadumene.fr\/tyanheol\/files\/2022\/06\/thomas-reflet-scaled.jpg?w=1812 1812w\" sizes=\"auto, (max-width: 604px) 100vw, 604px\" \/><figcaption>Reflet<\/figcaption><\/figure>\n\n\n\n<figure class=\"wp-block-image size-large\"><img data-recalc-dims=\"1\" loading=\"lazy\" decoding=\"async\" width=\"604\" height=\"605\" data-attachment-id=\"3307\" data-permalink=\"https:\/\/blogs.lyceecfadumene.fr\/tyanheol\/2022\/06\/13\/initiation-au-landart\/yohann-cercle\/\" data-orig-file=\"https:\/\/i0.wp.com\/blogs.lyceecfadumene.fr\/tyanheol\/files\/2022\/06\/yohann-cercle-scaled.jpg?fit=2555%2C2560&amp;ssl=1\" data-orig-size=\"2555,2560\" data-comments-opened=\"1\" data-image-meta=\"{&quot;aperture&quot;:&quot;0&quot;,&quot;credit&quot;:&quot;&quot;,&quot;camera&quot;:&quot;&quot;,&quot;caption&quot;:&quot;&quot;,&quot;created_timestamp&quot;:&quot;0&quot;,&quot;copyright&quot;:&quot;&quot;,&quot;focal_length&quot;:&quot;0&quot;,&quot;iso&quot;:&quot;0&quot;,&quot;shutter_speed&quot;:&quot;0&quot;,&quot;title&quot;:&quot;&quot;,&quot;orientation&quot;:&quot;0&quot;}\" data-image-title=\"yohann-cercle\" data-image-description=\"\" data-image-caption=\"\" data-large-file=\"https:\/\/i0.wp.com\/blogs.lyceecfadumene.fr\/tyanheol\/files\/2022\/06\/yohann-cercle-scaled.jpg?fit=604%2C605&amp;ssl=1\" src=\"https:\/\/i0.wp.com\/blogs.lyceecfadumene.fr\/tyanheol\/files\/2022\/06\/yohann-cercle-1022x1024.jpg?resize=604%2C605&#038;ssl=1\" alt=\"\" class=\"wp-image-3307\" srcset=\"https:\/\/i0.wp.com\/blogs.lyceecfadumene.fr\/tyanheol\/files\/2022\/06\/yohann-cercle-scaled.jpg?resize=1022%2C1024&amp;ssl=1 1022w, https:\/\/i0.wp.com\/blogs.lyceecfadumene.fr\/tyanheol\/files\/2022\/06\/yohann-cercle-scaled.jpg?resize=300%2C300&amp;ssl=1 300w, https:\/\/i0.wp.com\/blogs.lyceecfadumene.fr\/tyanheol\/files\/2022\/06\/yohann-cercle-scaled.jpg?resize=150%2C150&amp;ssl=1 150w, https:\/\/i0.wp.com\/blogs.lyceecfadumene.fr\/tyanheol\/files\/2022\/06\/yohann-cercle-scaled.jpg?resize=768%2C769&amp;ssl=1 768w, https:\/\/i0.wp.com\/blogs.lyceecfadumene.fr\/tyanheol\/files\/2022\/06\/yohann-cercle-scaled.jpg?resize=1533%2C1536&amp;ssl=1 1533w, https:\/\/i0.wp.com\/blogs.lyceecfadumene.fr\/tyanheol\/files\/2022\/06\/yohann-cercle-scaled.jpg?resize=2044%2C2048&amp;ssl=1 2044w, https:\/\/i0.wp.com\/blogs.lyceecfadumene.fr\/tyanheol\/files\/2022\/06\/yohann-cercle-scaled.jpg?w=1208 1208w, https:\/\/i0.wp.com\/blogs.lyceecfadumene.fr\/tyanheol\/files\/2022\/06\/yohann-cercle-scaled.jpg?w=1812 1812w\" sizes=\"auto, (max-width: 604px) 100vw, 604px\" \/><figcaption>Cercle<\/figcaption><\/figure>\n\n\n\n<figure class=\"wp-block-image size-large\"><img data-recalc-dims=\"1\" loading=\"lazy\" decoding=\"async\" width=\"604\" height=\"605\" data-attachment-id=\"3303\" data-permalink=\"https:\/\/blogs.lyceecfadumene.fr\/tyanheol\/2022\/06\/13\/initiation-au-landart\/yohann-geometrie\/\" data-orig-file=\"https:\/\/i0.wp.com\/blogs.lyceecfadumene.fr\/tyanheol\/files\/2022\/06\/yohann-geometrie.jpg?fit=1571%2C1574&amp;ssl=1\" data-orig-size=\"1571,1574\" data-comments-opened=\"1\" data-image-meta=\"{&quot;aperture&quot;:&quot;0&quot;,&quot;credit&quot;:&quot;&quot;,&quot;camera&quot;:&quot;&quot;,&quot;caption&quot;:&quot;&quot;,&quot;created_timestamp&quot;:&quot;0&quot;,&quot;copyright&quot;:&quot;&quot;,&quot;focal_length&quot;:&quot;0&quot;,&quot;iso&quot;:&quot;0&quot;,&quot;shutter_speed&quot;:&quot;0&quot;,&quot;title&quot;:&quot;&quot;,&quot;orientation&quot;:&quot;0&quot;}\" data-image-title=\"yohann-geometrie\" data-image-description=\"\" data-image-caption=\"\" data-large-file=\"https:\/\/i0.wp.com\/blogs.lyceecfadumene.fr\/tyanheol\/files\/2022\/06\/yohann-geometrie.jpg?fit=604%2C605&amp;ssl=1\" src=\"https:\/\/i0.wp.com\/blogs.lyceecfadumene.fr\/tyanheol\/files\/2022\/06\/yohann-geometrie-1022x1024.jpg?resize=604%2C605&#038;ssl=1\" alt=\"\" class=\"wp-image-3303\" srcset=\"https:\/\/i0.wp.com\/blogs.lyceecfadumene.fr\/tyanheol\/files\/2022\/06\/yohann-geometrie.jpg?resize=1022%2C1024&amp;ssl=1 1022w, https:\/\/i0.wp.com\/blogs.lyceecfadumene.fr\/tyanheol\/files\/2022\/06\/yohann-geometrie.jpg?resize=300%2C300&amp;ssl=1 300w, https:\/\/i0.wp.com\/blogs.lyceecfadumene.fr\/tyanheol\/files\/2022\/06\/yohann-geometrie.jpg?resize=150%2C150&amp;ssl=1 150w, https:\/\/i0.wp.com\/blogs.lyceecfadumene.fr\/tyanheol\/files\/2022\/06\/yohann-geometrie.jpg?resize=768%2C769&amp;ssl=1 768w, https:\/\/i0.wp.com\/blogs.lyceecfadumene.fr\/tyanheol\/files\/2022\/06\/yohann-geometrie.jpg?resize=1533%2C1536&amp;ssl=1 1533w, https:\/\/i0.wp.com\/blogs.lyceecfadumene.fr\/tyanheol\/files\/2022\/06\/yohann-geometrie.jpg?w=1571&amp;ssl=1 1571w, https:\/\/i0.wp.com\/blogs.lyceecfadumene.fr\/tyanheol\/files\/2022\/06\/yohann-geometrie.jpg?w=1208 1208w\" sizes=\"auto, (max-width: 604px) 100vw, 604px\" \/><figcaption>G\u00e9om\u00e9trie<\/figcaption><\/figure>\n\n\n\n<figure class=\"wp-block-image size-large\"><img data-recalc-dims=\"1\" loading=\"lazy\" decoding=\"async\" width=\"604\" height=\"882\" data-attachment-id=\"3310\" data-permalink=\"https:\/\/blogs.lyceecfadumene.fr\/tyanheol\/2022\/06\/13\/initiation-au-landart\/yohann-guerre-et-paix\/\" data-orig-file=\"https:\/\/i0.wp.com\/blogs.lyceecfadumene.fr\/tyanheol\/files\/2022\/06\/yohann-guerre-et-paix-scaled.jpg?fit=1752%2C2560&amp;ssl=1\" data-orig-size=\"1752,2560\" data-comments-opened=\"1\" data-image-meta=\"{&quot;aperture&quot;:&quot;0&quot;,&quot;credit&quot;:&quot;&quot;,&quot;camera&quot;:&quot;&quot;,&quot;caption&quot;:&quot;&quot;,&quot;created_timestamp&quot;:&quot;0&quot;,&quot;copyright&quot;:&quot;&quot;,&quot;focal_length&quot;:&quot;0&quot;,&quot;iso&quot;:&quot;0&quot;,&quot;shutter_speed&quot;:&quot;0&quot;,&quot;title&quot;:&quot;&quot;,&quot;orientation&quot;:&quot;0&quot;}\" data-image-title=\"yohann-guerre-et-paix\" data-image-description=\"\" data-image-caption=\"\" data-large-file=\"https:\/\/i0.wp.com\/blogs.lyceecfadumene.fr\/tyanheol\/files\/2022\/06\/yohann-guerre-et-paix-scaled.jpg?fit=604%2C882&amp;ssl=1\" src=\"https:\/\/i0.wp.com\/blogs.lyceecfadumene.fr\/tyanheol\/files\/2022\/06\/yohann-guerre-et-paix-701x1024.jpg?resize=604%2C882&#038;ssl=1\" alt=\"\" class=\"wp-image-3310\" srcset=\"https:\/\/i0.wp.com\/blogs.lyceecfadumene.fr\/tyanheol\/files\/2022\/06\/yohann-guerre-et-paix-scaled.jpg?resize=701%2C1024&amp;ssl=1 701w, https:\/\/i0.wp.com\/blogs.lyceecfadumene.fr\/tyanheol\/files\/2022\/06\/yohann-guerre-et-paix-scaled.jpg?resize=205%2C300&amp;ssl=1 205w, https:\/\/i0.wp.com\/blogs.lyceecfadumene.fr\/tyanheol\/files\/2022\/06\/yohann-guerre-et-paix-scaled.jpg?resize=768%2C1122&amp;ssl=1 768w, https:\/\/i0.wp.com\/blogs.lyceecfadumene.fr\/tyanheol\/files\/2022\/06\/yohann-guerre-et-paix-scaled.jpg?resize=1051%2C1536&amp;ssl=1 1051w, https:\/\/i0.wp.com\/blogs.lyceecfadumene.fr\/tyanheol\/files\/2022\/06\/yohann-guerre-et-paix-scaled.jpg?resize=1402%2C2048&amp;ssl=1 1402w, https:\/\/i0.wp.com\/blogs.lyceecfadumene.fr\/tyanheol\/files\/2022\/06\/yohann-guerre-et-paix-scaled.jpg?w=1752&amp;ssl=1 1752w, https:\/\/i0.wp.com\/blogs.lyceecfadumene.fr\/tyanheol\/files\/2022\/06\/yohann-guerre-et-paix-scaled.jpg?w=1208 1208w\" sizes=\"auto, (max-width: 604px) 100vw, 604px\" \/><figcaption>Guerre et Paix<\/figcaption><\/figure>\n\n\n\n<figure class=\"wp-block-image size-large\"><img data-recalc-dims=\"1\" loading=\"lazy\" decoding=\"async\" width=\"604\" height=\"425\" data-attachment-id=\"3301\" data-permalink=\"https:\/\/blogs.lyceecfadumene.fr\/tyanheol\/2022\/06\/13\/initiation-au-landart\/yohann-reflet\/\" data-orig-file=\"https:\/\/i0.wp.com\/blogs.lyceecfadumene.fr\/tyanheol\/files\/2022\/06\/yohann-reflet.jpg?fit=1352%2C952&amp;ssl=1\" data-orig-size=\"1352,952\" data-comments-opened=\"1\" data-image-meta=\"{&quot;aperture&quot;:&quot;0&quot;,&quot;credit&quot;:&quot;&quot;,&quot;camera&quot;:&quot;&quot;,&quot;caption&quot;:&quot;&quot;,&quot;created_timestamp&quot;:&quot;0&quot;,&quot;copyright&quot;:&quot;&quot;,&quot;focal_length&quot;:&quot;0&quot;,&quot;iso&quot;:&quot;0&quot;,&quot;shutter_speed&quot;:&quot;0&quot;,&quot;title&quot;:&quot;&quot;,&quot;orientation&quot;:&quot;0&quot;}\" data-image-title=\"yohann-reflet\" data-image-description=\"\" data-image-caption=\"\" data-large-file=\"https:\/\/i0.wp.com\/blogs.lyceecfadumene.fr\/tyanheol\/files\/2022\/06\/yohann-reflet.jpg?fit=604%2C425&amp;ssl=1\" src=\"https:\/\/i0.wp.com\/blogs.lyceecfadumene.fr\/tyanheol\/files\/2022\/06\/yohann-reflet-1024x721.jpg?resize=604%2C425&#038;ssl=1\" alt=\"\" class=\"wp-image-3301\" srcset=\"https:\/\/i0.wp.com\/blogs.lyceecfadumene.fr\/tyanheol\/files\/2022\/06\/yohann-reflet.jpg?resize=1024%2C721&amp;ssl=1 1024w, https:\/\/i0.wp.com\/blogs.lyceecfadumene.fr\/tyanheol\/files\/2022\/06\/yohann-reflet.jpg?resize=300%2C211&amp;ssl=1 300w, https:\/\/i0.wp.com\/blogs.lyceecfadumene.fr\/tyanheol\/files\/2022\/06\/yohann-reflet.jpg?resize=768%2C541&amp;ssl=1 768w, https:\/\/i0.wp.com\/blogs.lyceecfadumene.fr\/tyanheol\/files\/2022\/06\/yohann-reflet.jpg?w=1352&amp;ssl=1 1352w, https:\/\/i0.wp.com\/blogs.lyceecfadumene.fr\/tyanheol\/files\/2022\/06\/yohann-reflet.jpg?w=1208 1208w\" sizes=\"auto, (max-width: 604px) 100vw, 604px\" \/><figcaption>Reflet<\/figcaption><\/figure>\n","protected":false},"excerpt":{"rendered":"<p>Les Secondes Nature Jardin Paysage For\u00eat se sont initi\u00e9s au landart, cr\u00e9er avec la nature dans la nature, gr\u00e2ce \u00e0 un rallye photo par \u00e9quipes en plusieurs manches sur des th\u00e8mes impos\u00e9s : color\u00e9, g\u00e9om\u00e9trie, reflet, cercle et, pour finir, guerre et paix. Arrivent premiers Ewen et Antoine, deuxi\u00e8mes Fabrice et Lucas, troisi\u00e8mes Nolan et &hellip; <a href=\"https:\/\/blogs.lyceecfadumene.fr\/tyanheol\/2022\/06\/13\/initiation-au-landart\/\" class=\"more-link\">Continuer la lecture de <span class=\"screen-reader-text\">Initiation au landart<\/span> <span class=\"meta-nav\">&rarr;<\/span><\/a><\/p>\n","protected":false},"author":97,"featured_media":0,"comment_status":"open","ping_status":"open","sticky":false,"template":"","format":"standard","meta":{"_jetpack_memberships_contains_paid_content":false,"footnotes":"","jetpack_publicize_message":"","jetpack_publicize_feature_enabled":true,"jetpack_social_post_already_shared":true,"jetpack_social_options":{"image_generator_settings":{"template":"highway","default_image_id":0,"font":"","enabled":false},"version":2}},"categories":[29433,25439,1],"tags":[9190,25464,6],"class_list":["post-3295","post","type-post","status-publish","format-standard","hentry","category-amenagement-paysager2","category-education-socioculturelle","category-non-classe","tag-activites","tag-education-socioculturelle","tag-merdrignac"],"aioseo_notices":[],"jetpack_publicize_connections":[],"jetpack_featured_media_url":"","jetpack_shortlink":"https:\/\/wp.me\/p1SrOO-R9","jetpack_sharing_enabled":true,"_links":{"self":[{"href":"https:\/\/blogs.lyceecfadumene.fr\/tyanheol\/wp-json\/wp\/v2\/posts\/3295","targetHints":{"allow":["GET"]}}],"collection":[{"href":"https:\/\/blogs.lyceecfadumene.fr\/tyanheol\/wp-json\/wp\/v2\/posts"}],"about":[{"href":"https:\/\/blogs.lyceecfadumene.fr\/tyanheol\/wp-json\/wp\/v2\/types\/post"}],"author":[{"embeddable":true,"href":"https:\/\/blogs.lyceecfadumene.fr\/tyanheol\/wp-json\/wp\/v2\/users\/97"}],"replies":[{"embeddable":true,"href":"https:\/\/blogs.lyceecfadumene.fr\/tyanheol\/wp-json\/wp\/v2\/comments?post=3295"}],"version-history":[{"count":5,"href":"https:\/\/blogs.lyceecfadumene.fr\/tyanheol\/wp-json\/wp\/v2\/posts\/3295\/revisions"}],"predecessor-version":[{"id":3315,"href":"https:\/\/blogs.lyceecfadumene.fr\/tyanheol\/wp-json\/wp\/v2\/posts\/3295\/revisions\/3315"}],"wp:attachment":[{"href":"https:\/\/blogs.lyceecfadumene.fr\/tyanheol\/wp-json\/wp\/v2\/media?parent=3295"}],"wp:term":[{"taxonomy":"category","embeddable":true,"href":"https:\/\/blogs.lyceecfadumene.fr\/tyanheol\/wp-json\/wp\/v2\/categories?post=3295"},{"taxonomy":"post_tag","embeddable":true,"href":"https:\/\/blogs.lyceecfadumene.fr\/tyanheol\/wp-json\/wp\/v2\/tags?post=3295"}],"curies":[{"name":"wp","href":"https:\/\/api.w.org\/{rel}","templated":true}]}}