{"id":3284,"date":"2022-05-25T14:51:49","date_gmt":"2022-05-25T12:51:49","guid":{"rendered":"https:\/\/blogs.lyceecfadumene.fr\/tyanheol\/?p=3284"},"modified":"2022-05-25T14:52:21","modified_gmt":"2022-05-25T12:52:21","slug":"etude-du-val-de-rance","status":"publish","type":"post","link":"https:\/\/blogs.lyceecfadumene.fr\/tyanheol\/2022\/05\/25\/etude-du-val-de-rance\/","title":{"rendered":"Etude du val de Rance"},"content":{"rendered":"\n<p>Sortie nature, sant\u00e9 et d\u00e9veloppement durable, pour les bac pro Am\u00e9nagement Paysager, le long de la Rance, avec la Maison P\u00eache et Nature des C\u00f4tes d&rsquo;Armor.<\/p>\n\n\n\n<figure class=\"wp-block-embed is-type-video is-provider-youtube wp-block-embed-youtube wp-embed-aspect-16-9 wp-has-aspect-ratio\"><div class=\"wp-block-embed__wrapper\">\n<span class=\"embed-youtube\" style=\"text-align:center; display: block;\"><iframe loading=\"lazy\" class=\"youtube-player\" width=\"604\" height=\"340\" src=\"https:\/\/www.youtube.com\/embed\/pcdASBaaAH4?version=3&#038;rel=1&#038;showsearch=0&#038;showinfo=1&#038;iv_load_policy=1&#038;fs=1&#038;hl=fr-FR&#038;autohide=2&#038;wmode=transparent\" allowfullscreen=\"true\" style=\"border:0;\" sandbox=\"allow-scripts allow-same-origin allow-popups allow-presentation allow-popups-to-escape-sandbox\"><\/iframe><\/span>\n<\/div><figcaption>Mesures du d\u00e9bit, du ph, des nitrates et pr\u00e9l\u00e8vements de la faune aquatique<\/figcaption><\/figure>\n","protected":false},"excerpt":{"rendered":"<p>Sortie nature, sant\u00e9 et d\u00e9veloppement durable, pour les bac pro Am\u00e9nagement Paysager, le long de la Rance, avec la Maison P\u00eache et Nature des C\u00f4tes d&rsquo;Armor.<\/p>\n","protected":false},"author":97,"featured_media":3285,"comment_status":"open","ping_status":"open","sticky":false,"template":"","format":"standard","meta":{"_jetpack_memberships_contains_paid_content":false,"footnotes":"","jetpack_publicize_message":"","jetpack_publicize_feature_enabled":true,"jetpack_social_post_already_shared":true,"jetpack_social_options":{"image_generator_settings":{"template":"highway","default_image_id":0,"font":"","enabled":false},"version":2}},"categories":[29433,25439,1,9203,9177,29432,314],"tags":[9190,29441,7964,25314,25464,4,6,3645,25463],"class_list":["post-3284","post","type-post","status-publish","format-standard","has-post-thumbnail","hentry","category-amenagement-paysager2","category-education-socioculturelle","category-non-classe","category-sante","category-sorties","category-video2","category-videos","tag-activites","tag-biologie","tag-developpement-durable","tag-ecologie","tag-education-socioculturelle","tag-lycee","tag-merdrignac","tag-sortie","tag-sorties"],"aioseo_notices":[],"jetpack_publicize_connections":[],"jetpack_featured_media_url":"https:\/\/i0.wp.com\/blogs.lyceecfadumene.fr\/tyanheol\/files\/2022\/05\/IMG_20220523_153015-scaled.jpg?fit=2560%2C1445&ssl=1","jetpack_shortlink":"https:\/\/wp.me\/p1SrOO-QY","jetpack_sharing_enabled":true,"_links":{"self":[{"href":"https:\/\/blogs.lyceecfadumene.fr\/tyanheol\/wp-json\/wp\/v2\/posts\/3284","targetHints":{"allow":["GET"]}}],"collection":[{"href":"https:\/\/blogs.lyceecfadumene.fr\/tyanheol\/wp-json\/wp\/v2\/posts"}],"about":[{"href":"https:\/\/blogs.lyceecfadumene.fr\/tyanheol\/wp-json\/wp\/v2\/types\/post"}],"author":[{"embeddable":true,"href":"https:\/\/blogs.lyceecfadumene.fr\/tyanheol\/wp-json\/wp\/v2\/users\/97"}],"replies":[{"embeddable":true,"href":"https:\/\/blogs.lyceecfadumene.fr\/tyanheol\/wp-json\/wp\/v2\/comments?post=3284"}],"version-history":[{"count":2,"href":"https:\/\/blogs.lyceecfadumene.fr\/tyanheol\/wp-json\/wp\/v2\/posts\/3284\/revisions"}],"predecessor-version":[{"id":3287,"href":"https:\/\/blogs.lyceecfadumene.fr\/tyanheol\/wp-json\/wp\/v2\/posts\/3284\/revisions\/3287"}],"wp:featuredmedia":[{"embeddable":true,"href":"https:\/\/blogs.lyceecfadumene.fr\/tyanheol\/wp-json\/wp\/v2\/media\/3285"}],"wp:attachment":[{"href":"https:\/\/blogs.lyceecfadumene.fr\/tyanheol\/wp-json\/wp\/v2\/media?parent=3284"}],"wp:term":[{"taxonomy":"category","embeddable":true,"href":"https:\/\/blogs.lyceecfadumene.fr\/tyanheol\/wp-json\/wp\/v2\/categories?post=3284"},{"taxonomy":"post_tag","embeddable":true,"href":"https:\/\/blogs.lyceecfadumene.fr\/tyanheol\/wp-json\/wp\/v2\/tags?post=3284"}],"curies":[{"name":"wp","href":"https:\/\/api.w.org\/{rel}","templated":true}]}}