{"id":3272,"date":"2022-05-20T16:10:47","date_gmt":"2022-05-20T14:10:47","guid":{"rendered":"https:\/\/blogs.lyceecfadumene.fr\/tyanheol\/?p=3272"},"modified":"2022-05-20T16:10:49","modified_gmt":"2022-05-20T14:10:49","slug":"felicitations","status":"publish","type":"post","link":"https:\/\/blogs.lyceecfadumene.fr\/tyanheol\/2022\/05\/20\/felicitations\/","title":{"rendered":"F\u00e9licitations !"},"content":{"rendered":"\n<p>Ce jeudi \u00e0 Plabennec pr\u00e8s de Brest avait lieu le concours du Meilleur Ouvrier de France (jardinier-paysagiste). Au niveau r\u00e9gional pour ceux qui avaient \u00e9t\u00e9s s\u00e9lectionn\u00e9s au d\u00e9partemental en mars.<\/p>\n\n\n\n<p>Nous avions 3 repr\u00e9sentant de l&rsquo;Etablissement : Matt\u00e9o Premel (1\u00e8re AP) , Dorian Binnard (Term AP) et Clovis Bannier (term AP). Ils concourraient avec les s\u00e9lectionn\u00e9s des autres d\u00e9partements.<\/p>\n\n\n\n<p>Nos 3 jeunes remportent les 3 m\u00e9dailles distribu\u00e9es : l&rsquo;or pour Clovis et Dorian, et l&rsquo;argent pour Matt\u00e9o.<\/p>\n\n\n\n<p>Bravo \u00e0 eux pour leur engagement et le travail r\u00e9gulier pour s&rsquo;entrainer.<\/p>\n\n\n\n<p>Merci \u00e0 l&rsquo;Etablissement qui nous donne les moyens de les pousser.<\/p>\n\n\n\n<p>Les 2 laur\u00e9ats sont s\u00e9lectionn\u00e9s pour la finale nationale \u00e0 Antibes le 24 septembre.<\/p>\n\n\n\n<p>D&rsquo;ici l\u00e0, ils vont devoir encore s\u2019entra\u00eener et s&rsquo;am\u00e9liorer pour viser le Graal : \u00eatre LE Meilleur Ouvrier de France (MOF).<\/p>\n\n\n\n<figure class=\"wp-block-image size-full\"><img data-recalc-dims=\"1\" loading=\"lazy\" decoding=\"async\" width=\"604\" height=\"453\" data-attachment-id=\"3273\" data-permalink=\"https:\/\/blogs.lyceecfadumene.fr\/tyanheol\/2022\/05\/20\/felicitations\/img_8398\/\" data-orig-file=\"https:\/\/i0.wp.com\/blogs.lyceecfadumene.fr\/tyanheol\/files\/2022\/05\/IMG_8398.jpg?fit=640%2C480&amp;ssl=1\" data-orig-size=\"640,480\" data-comments-opened=\"1\" data-image-meta=\"{&quot;aperture&quot;:&quot;0&quot;,&quot;credit&quot;:&quot;&quot;,&quot;camera&quot;:&quot;&quot;,&quot;caption&quot;:&quot;&quot;,&quot;created_timestamp&quot;:&quot;0&quot;,&quot;copyright&quot;:&quot;&quot;,&quot;focal_length&quot;:&quot;0&quot;,&quot;iso&quot;:&quot;0&quot;,&quot;shutter_speed&quot;:&quot;0&quot;,&quot;title&quot;:&quot;&quot;,&quot;orientation&quot;:&quot;1&quot;}\" data-image-title=\"IMG_8398\" data-image-description=\"\" data-image-caption=\"\" data-large-file=\"https:\/\/i0.wp.com\/blogs.lyceecfadumene.fr\/tyanheol\/files\/2022\/05\/IMG_8398.jpg?fit=604%2C453&amp;ssl=1\" src=\"https:\/\/i0.wp.com\/blogs.lyceecfadumene.fr\/tyanheol\/files\/2022\/05\/IMG_8398.jpg?resize=604%2C453&#038;ssl=1\" alt=\"\" class=\"wp-image-3273\" srcset=\"https:\/\/i0.wp.com\/blogs.lyceecfadumene.fr\/tyanheol\/files\/2022\/05\/IMG_8398.jpg?w=640&amp;ssl=1 640w, https:\/\/i0.wp.com\/blogs.lyceecfadumene.fr\/tyanheol\/files\/2022\/05\/IMG_8398.jpg?resize=300%2C225&amp;ssl=1 300w\" sizes=\"auto, (max-width: 604px) 100vw, 604px\" \/><\/figure>\n\n\n\n<figure class=\"wp-block-image size-full\"><img data-recalc-dims=\"1\" loading=\"lazy\" decoding=\"async\" width=\"604\" height=\"453\" data-attachment-id=\"3274\" data-permalink=\"https:\/\/blogs.lyceecfadumene.fr\/tyanheol\/2022\/05\/20\/felicitations\/img_8404\/\" data-orig-file=\"https:\/\/i0.wp.com\/blogs.lyceecfadumene.fr\/tyanheol\/files\/2022\/05\/IMG_8404.jpg?fit=640%2C480&amp;ssl=1\" data-orig-size=\"640,480\" data-comments-opened=\"1\" data-image-meta=\"{&quot;aperture&quot;:&quot;0&quot;,&quot;credit&quot;:&quot;&quot;,&quot;camera&quot;:&quot;&quot;,&quot;caption&quot;:&quot;&quot;,&quot;created_timestamp&quot;:&quot;0&quot;,&quot;copyright&quot;:&quot;&quot;,&quot;focal_length&quot;:&quot;0&quot;,&quot;iso&quot;:&quot;0&quot;,&quot;shutter_speed&quot;:&quot;0&quot;,&quot;title&quot;:&quot;&quot;,&quot;orientation&quot;:&quot;1&quot;}\" data-image-title=\"IMG_8404\" data-image-description=\"\" data-image-caption=\"\" data-large-file=\"https:\/\/i0.wp.com\/blogs.lyceecfadumene.fr\/tyanheol\/files\/2022\/05\/IMG_8404.jpg?fit=604%2C453&amp;ssl=1\" src=\"https:\/\/i0.wp.com\/blogs.lyceecfadumene.fr\/tyanheol\/files\/2022\/05\/IMG_8404.jpg?resize=604%2C453&#038;ssl=1\" alt=\"\" class=\"wp-image-3274\" srcset=\"https:\/\/i0.wp.com\/blogs.lyceecfadumene.fr\/tyanheol\/files\/2022\/05\/IMG_8404.jpg?w=640&amp;ssl=1 640w, https:\/\/i0.wp.com\/blogs.lyceecfadumene.fr\/tyanheol\/files\/2022\/05\/IMG_8404.jpg?resize=300%2C225&amp;ssl=1 300w\" sizes=\"auto, (max-width: 604px) 100vw, 604px\" \/><\/figure>\n\n\n\n<figure class=\"wp-block-image size-full\"><img data-recalc-dims=\"1\" loading=\"lazy\" decoding=\"async\" width=\"604\" height=\"453\" data-attachment-id=\"3275\" data-permalink=\"https:\/\/blogs.lyceecfadumene.fr\/tyanheol\/2022\/05\/20\/felicitations\/img_8424\/\" data-orig-file=\"https:\/\/i0.wp.com\/blogs.lyceecfadumene.fr\/tyanheol\/files\/2022\/05\/IMG_8424.jpg?fit=640%2C480&amp;ssl=1\" data-orig-size=\"640,480\" data-comments-opened=\"1\" data-image-meta=\"{&quot;aperture&quot;:&quot;0&quot;,&quot;credit&quot;:&quot;&quot;,&quot;camera&quot;:&quot;&quot;,&quot;caption&quot;:&quot;&quot;,&quot;created_timestamp&quot;:&quot;0&quot;,&quot;copyright&quot;:&quot;&quot;,&quot;focal_length&quot;:&quot;0&quot;,&quot;iso&quot;:&quot;0&quot;,&quot;shutter_speed&quot;:&quot;0&quot;,&quot;title&quot;:&quot;&quot;,&quot;orientation&quot;:&quot;1&quot;}\" data-image-title=\"IMG_8424\" data-image-description=\"\" data-image-caption=\"\" data-large-file=\"https:\/\/i0.wp.com\/blogs.lyceecfadumene.fr\/tyanheol\/files\/2022\/05\/IMG_8424.jpg?fit=604%2C453&amp;ssl=1\" src=\"https:\/\/i0.wp.com\/blogs.lyceecfadumene.fr\/tyanheol\/files\/2022\/05\/IMG_8424.jpg?resize=604%2C453&#038;ssl=1\" alt=\"\" class=\"wp-image-3275\" srcset=\"https:\/\/i0.wp.com\/blogs.lyceecfadumene.fr\/tyanheol\/files\/2022\/05\/IMG_8424.jpg?w=640&amp;ssl=1 640w, https:\/\/i0.wp.com\/blogs.lyceecfadumene.fr\/tyanheol\/files\/2022\/05\/IMG_8424.jpg?resize=300%2C225&amp;ssl=1 300w\" sizes=\"auto, (max-width: 604px) 100vw, 604px\" \/><\/figure>\n\n\n\n<figure class=\"wp-block-image size-full\"><img data-recalc-dims=\"1\" loading=\"lazy\" decoding=\"async\" width=\"604\" height=\"453\" data-attachment-id=\"3276\" data-permalink=\"https:\/\/blogs.lyceecfadumene.fr\/tyanheol\/2022\/05\/20\/felicitations\/img_8427\/\" data-orig-file=\"https:\/\/i0.wp.com\/blogs.lyceecfadumene.fr\/tyanheol\/files\/2022\/05\/IMG_8427.jpg?fit=640%2C480&amp;ssl=1\" data-orig-size=\"640,480\" data-comments-opened=\"1\" data-image-meta=\"{&quot;aperture&quot;:&quot;0&quot;,&quot;credit&quot;:&quot;&quot;,&quot;camera&quot;:&quot;&quot;,&quot;caption&quot;:&quot;&quot;,&quot;created_timestamp&quot;:&quot;0&quot;,&quot;copyright&quot;:&quot;&quot;,&quot;focal_length&quot;:&quot;0&quot;,&quot;iso&quot;:&quot;0&quot;,&quot;shutter_speed&quot;:&quot;0&quot;,&quot;title&quot;:&quot;&quot;,&quot;orientation&quot;:&quot;1&quot;}\" data-image-title=\"IMG_8427\" data-image-description=\"\" data-image-caption=\"\" data-large-file=\"https:\/\/i0.wp.com\/blogs.lyceecfadumene.fr\/tyanheol\/files\/2022\/05\/IMG_8427.jpg?fit=604%2C453&amp;ssl=1\" src=\"https:\/\/i0.wp.com\/blogs.lyceecfadumene.fr\/tyanheol\/files\/2022\/05\/IMG_8427.jpg?resize=604%2C453&#038;ssl=1\" alt=\"\" class=\"wp-image-3276\" srcset=\"https:\/\/i0.wp.com\/blogs.lyceecfadumene.fr\/tyanheol\/files\/2022\/05\/IMG_8427.jpg?w=640&amp;ssl=1 640w, https:\/\/i0.wp.com\/blogs.lyceecfadumene.fr\/tyanheol\/files\/2022\/05\/IMG_8427.jpg?resize=300%2C225&amp;ssl=1 300w\" sizes=\"auto, (max-width: 604px) 100vw, 604px\" \/><\/figure>\n\n\n\n<figure class=\"wp-block-image size-full\"><img data-recalc-dims=\"1\" loading=\"lazy\" decoding=\"async\" width=\"604\" height=\"567\" data-attachment-id=\"3277\" data-permalink=\"https:\/\/blogs.lyceecfadumene.fr\/tyanheol\/2022\/05\/20\/felicitations\/img_8433\/\" data-orig-file=\"https:\/\/i0.wp.com\/blogs.lyceecfadumene.fr\/tyanheol\/files\/2022\/05\/IMG_8433.jpg?fit=640%2C601&amp;ssl=1\" data-orig-size=\"640,601\" data-comments-opened=\"1\" data-image-meta=\"{&quot;aperture&quot;:&quot;0&quot;,&quot;credit&quot;:&quot;&quot;,&quot;camera&quot;:&quot;&quot;,&quot;caption&quot;:&quot;&quot;,&quot;created_timestamp&quot;:&quot;0&quot;,&quot;copyright&quot;:&quot;&quot;,&quot;focal_length&quot;:&quot;0&quot;,&quot;iso&quot;:&quot;0&quot;,&quot;shutter_speed&quot;:&quot;0&quot;,&quot;title&quot;:&quot;&quot;,&quot;orientation&quot;:&quot;1&quot;}\" data-image-title=\"IMG_8433\" data-image-description=\"\" data-image-caption=\"\" data-large-file=\"https:\/\/i0.wp.com\/blogs.lyceecfadumene.fr\/tyanheol\/files\/2022\/05\/IMG_8433.jpg?fit=604%2C567&amp;ssl=1\" src=\"https:\/\/i0.wp.com\/blogs.lyceecfadumene.fr\/tyanheol\/files\/2022\/05\/IMG_8433.jpg?resize=604%2C567&#038;ssl=1\" alt=\"\" class=\"wp-image-3277\" srcset=\"https:\/\/i0.wp.com\/blogs.lyceecfadumene.fr\/tyanheol\/files\/2022\/05\/IMG_8433.jpg?w=640&amp;ssl=1 640w, https:\/\/i0.wp.com\/blogs.lyceecfadumene.fr\/tyanheol\/files\/2022\/05\/IMG_8433.jpg?resize=300%2C282&amp;ssl=1 300w\" sizes=\"auto, (max-width: 604px) 100vw, 604px\" \/><\/figure>\n","protected":false},"excerpt":{"rendered":"<p>Ce jeudi \u00e0 Plabennec pr\u00e8s de Brest avait lieu le concours du Meilleur Ouvrier de France (jardinier-paysagiste). Au niveau r\u00e9gional pour ceux qui avaient \u00e9t\u00e9s s\u00e9lectionn\u00e9s au d\u00e9partemental en mars. Nous avions 3 repr\u00e9sentant de l&rsquo;Etablissement : Matt\u00e9o Premel (1\u00e8re AP) , Dorian Binnard (Term AP) et Clovis Bannier (term AP). Ils concourraient avec les &hellip; <a href=\"https:\/\/blogs.lyceecfadumene.fr\/tyanheol\/2022\/05\/20\/felicitations\/\" class=\"more-link\">Continuer la lecture de <span class=\"screen-reader-text\">F\u00e9licitations !<\/span> <span class=\"meta-nav\">&rarr;<\/span><\/a><\/p>\n","protected":false},"author":97,"featured_media":0,"comment_status":"open","ping_status":"open","sticky":false,"template":"","format":"standard","meta":{"_jetpack_memberships_contains_paid_content":false,"footnotes":"","jetpack_publicize_message":"","jetpack_publicize_feature_enabled":true,"jetpack_social_post_already_shared":true,"jetpack_social_options":{"image_generator_settings":{"template":"highway","default_image_id":0,"font":"","enabled":false},"version":2}},"categories":[1],"tags":[],"class_list":["post-3272","post","type-post","status-publish","format-standard","hentry","category-non-classe"],"aioseo_notices":[],"jetpack_publicize_connections":[],"jetpack_featured_media_url":"","jetpack_shortlink":"https:\/\/wp.me\/p1SrOO-QM","jetpack_sharing_enabled":true,"_links":{"self":[{"href":"https:\/\/blogs.lyceecfadumene.fr\/tyanheol\/wp-json\/wp\/v2\/posts\/3272","targetHints":{"allow":["GET"]}}],"collection":[{"href":"https:\/\/blogs.lyceecfadumene.fr\/tyanheol\/wp-json\/wp\/v2\/posts"}],"about":[{"href":"https:\/\/blogs.lyceecfadumene.fr\/tyanheol\/wp-json\/wp\/v2\/types\/post"}],"author":[{"embeddable":true,"href":"https:\/\/blogs.lyceecfadumene.fr\/tyanheol\/wp-json\/wp\/v2\/users\/97"}],"replies":[{"embeddable":true,"href":"https:\/\/blogs.lyceecfadumene.fr\/tyanheol\/wp-json\/wp\/v2\/comments?post=3272"}],"version-history":[{"count":1,"href":"https:\/\/blogs.lyceecfadumene.fr\/tyanheol\/wp-json\/wp\/v2\/posts\/3272\/revisions"}],"predecessor-version":[{"id":3278,"href":"https:\/\/blogs.lyceecfadumene.fr\/tyanheol\/wp-json\/wp\/v2\/posts\/3272\/revisions\/3278"}],"wp:attachment":[{"href":"https:\/\/blogs.lyceecfadumene.fr\/tyanheol\/wp-json\/wp\/v2\/media?parent=3272"}],"wp:term":[{"taxonomy":"category","embeddable":true,"href":"https:\/\/blogs.lyceecfadumene.fr\/tyanheol\/wp-json\/wp\/v2\/categories?post=3272"},{"taxonomy":"post_tag","embeddable":true,"href":"https:\/\/blogs.lyceecfadumene.fr\/tyanheol\/wp-json\/wp\/v2\/tags?post=3272"}],"curies":[{"name":"wp","href":"https:\/\/api.w.org\/{rel}","templated":true}]}}