{"id":3250,"date":"2022-05-09T22:46:27","date_gmt":"2022-05-09T20:46:27","guid":{"rendered":"https:\/\/blogs.lyceecfadumene.fr\/tyanheol\/?p=3250"},"modified":"2022-05-09T22:46:30","modified_gmt":"2022-05-09T20:46:30","slug":"inauguration-du-foyer","status":"publish","type":"post","link":"https:\/\/blogs.lyceecfadumene.fr\/tyanheol\/2022\/05\/09\/inauguration-du-foyer\/","title":{"rendered":"Inauguration du Foyer"},"content":{"rendered":"\n<p>Mardi 3 mai, le Foyer a rouvert ses portes avec du mobilier tout neuf DIY \u00e0 partir de palettes de chantier recycl\u00e9es. Ty An Heol a sp\u00e9cialement fait fonctionner son bar associatif pour accueillir tout le monde. Et la soir\u00e9e s&rsquo;est termin\u00e9e avec l&rsquo;intervention de l&rsquo;association \u00ab\u00a0J&rsquo;irai jouer chez vous\u00a0\u00bb et sa collection de jeux en bois, histoire de rester dans le th\u00e8me, en proposant plein de jeux coop\u00e9ratifs \u00e0 l&rsquo;ext\u00e9rieur.<\/p>\n\n\n\n<figure class=\"wp-block-embed is-type-video is-provider-youtube wp-block-embed-youtube wp-embed-aspect-4-3 wp-has-aspect-ratio\"><div class=\"wp-block-embed__wrapper\">\n<span class=\"embed-youtube\" style=\"text-align:center; display: block;\"><iframe loading=\"lazy\" class=\"youtube-player\" width=\"604\" height=\"340\" src=\"https:\/\/www.youtube.com\/embed\/qY0w0cXh7CI?version=3&#038;rel=1&#038;showsearch=0&#038;showinfo=1&#038;iv_load_policy=1&#038;fs=1&#038;hl=fr-FR&#038;autohide=2&#038;wmode=transparent\" allowfullscreen=\"true\" style=\"border:0;\" sandbox=\"allow-scripts allow-same-origin allow-popups allow-presentation allow-popups-to-escape-sandbox\"><\/iframe><\/span>\n<\/div><figcaption>Toucher du bois, \u00e7a porte bonheur !<\/figcaption><\/figure>\n","protected":false},"excerpt":{"rendered":"<p>Mardi 3 mai, le Foyer a rouvert ses portes avec du mobilier tout neuf DIY \u00e0 partir de palettes de chantier recycl\u00e9es. Ty An Heol a sp\u00e9cialement fait fonctionner son bar associatif pour accueillir tout le monde. Et la soir\u00e9e s&rsquo;est termin\u00e9e avec l&rsquo;intervention de l&rsquo;association \u00ab\u00a0J&rsquo;irai jouer chez vous\u00a0\u00bb et sa collection de jeux &hellip; <a href=\"https:\/\/blogs.lyceecfadumene.fr\/tyanheol\/2022\/05\/09\/inauguration-du-foyer\/\" class=\"more-link\">Continuer la lecture de <span class=\"screen-reader-text\">Inauguration du Foyer<\/span> <span class=\"meta-nav\">&rarr;<\/span><\/a><\/p>\n","protected":false},"author":97,"featured_media":0,"comment_status":"open","ping_status":"open","sticky":false,"template":"","format":"standard","meta":{"_jetpack_memberships_contains_paid_content":false,"footnotes":"","jetpack_publicize_message":"","jetpack_publicize_feature_enabled":true,"jetpack_social_post_already_shared":true,"jetpack_social_options":{"image_generator_settings":{"template":"highway","default_image_id":0,"font":"","enabled":false},"version":2}},"categories":[1],"tags":[9190,25464,8236,4,6,3643],"class_list":["post-3250","post","type-post","status-publish","format-standard","hentry","category-non-classe","tag-activites","tag-education-socioculturelle","tag-foyer","tag-lycee","tag-merdrignac","tag-ty-an-heol"],"aioseo_notices":[],"jetpack_publicize_connections":[],"jetpack_featured_media_url":"","jetpack_shortlink":"https:\/\/wp.me\/p1SrOO-Qq","jetpack_sharing_enabled":true,"_links":{"self":[{"href":"https:\/\/blogs.lyceecfadumene.fr\/tyanheol\/wp-json\/wp\/v2\/posts\/3250","targetHints":{"allow":["GET"]}}],"collection":[{"href":"https:\/\/blogs.lyceecfadumene.fr\/tyanheol\/wp-json\/wp\/v2\/posts"}],"about":[{"href":"https:\/\/blogs.lyceecfadumene.fr\/tyanheol\/wp-json\/wp\/v2\/types\/post"}],"author":[{"embeddable":true,"href":"https:\/\/blogs.lyceecfadumene.fr\/tyanheol\/wp-json\/wp\/v2\/users\/97"}],"replies":[{"embeddable":true,"href":"https:\/\/blogs.lyceecfadumene.fr\/tyanheol\/wp-json\/wp\/v2\/comments?post=3250"}],"version-history":[{"count":1,"href":"https:\/\/blogs.lyceecfadumene.fr\/tyanheol\/wp-json\/wp\/v2\/posts\/3250\/revisions"}],"predecessor-version":[{"id":3251,"href":"https:\/\/blogs.lyceecfadumene.fr\/tyanheol\/wp-json\/wp\/v2\/posts\/3250\/revisions\/3251"}],"wp:attachment":[{"href":"https:\/\/blogs.lyceecfadumene.fr\/tyanheol\/wp-json\/wp\/v2\/media?parent=3250"}],"wp:term":[{"taxonomy":"category","embeddable":true,"href":"https:\/\/blogs.lyceecfadumene.fr\/tyanheol\/wp-json\/wp\/v2\/categories?post=3250"},{"taxonomy":"post_tag","embeddable":true,"href":"https:\/\/blogs.lyceecfadumene.fr\/tyanheol\/wp-json\/wp\/v2\/tags?post=3250"}],"curies":[{"name":"wp","href":"https:\/\/api.w.org\/{rel}","templated":true}]}}