{"id":3246,"date":"2022-05-09T18:36:13","date_gmt":"2022-05-09T16:36:13","guid":{"rendered":"https:\/\/blogs.lyceecfadumene.fr\/tyanheol\/?p=3246"},"modified":"2022-05-09T22:48:36","modified_gmt":"2022-05-09T20:48:36","slug":"rallye-photo-et-concert-a-rennes","status":"publish","type":"post","link":"https:\/\/blogs.lyceecfadumene.fr\/tyanheol\/2022\/05\/09\/rallye-photo-et-concert-a-rennes\/","title":{"rendered":"Rallye-photo et concert \u00e0 Rennes"},"content":{"rendered":"\n<p>Mercredi 6 avril, nous sommes all\u00e9s au Parc du Thabor \u00e0 Rennes voir Tallou et son beatmaker en concert dans le cadre du 25\u00e8me festival Mythos, apr\u00e8s un rallye-photo en forme de jeu de piste sur le patrimoine historique et architectural de notre belle capitale bretonne.<\/p>\n\n\n\n<figure class=\"wp-block-embed is-type-video is-provider-youtube wp-block-embed-youtube wp-embed-aspect-4-3 wp-has-aspect-ratio\"><div class=\"wp-block-embed__wrapper\">\n<span class=\"embed-youtube\" style=\"text-align:center; display: block;\"><iframe loading=\"lazy\" class=\"youtube-player\" width=\"604\" height=\"340\" src=\"https:\/\/www.youtube.com\/embed\/aVu4TMHW3T8?version=3&#038;rel=1&#038;showsearch=0&#038;showinfo=1&#038;iv_load_policy=1&#038;fs=1&#038;hl=fr-FR&#038;autohide=2&#038;wmode=transparent\" allowfullscreen=\"true\" style=\"border:0;\" sandbox=\"allow-scripts allow-same-origin allow-popups allow-presentation allow-popups-to-escape-sandbox\"><\/iframe><\/span>\n<\/div><\/figure>\n\n\n\n<p>Et j&rsquo;ai d\u00e9couvert le bubble tea !<\/p>\n","protected":false},"excerpt":{"rendered":"<p>Mercredi 6 avril, nous sommes all\u00e9s au Parc du Thabor \u00e0 Rennes voir Tallou et son beatmaker en concert dans le cadre du 25\u00e8me festival Mythos, apr\u00e8s un rallye-photo en forme de jeu de piste sur le patrimoine historique et architectural de notre belle capitale bretonne. Et j&rsquo;ai d\u00e9couvert le bubble tea !<\/p>\n","protected":false},"author":97,"featured_media":0,"comment_status":"open","ping_status":"open","sticky":false,"template":"","format":"standard","meta":{"_jetpack_memberships_contains_paid_content":false,"footnotes":"","jetpack_publicize_message":"","jetpack_publicize_feature_enabled":true,"jetpack_social_post_already_shared":true,"jetpack_social_options":{"image_generator_settings":{"template":"highway","default_image_id":0,"font":"","enabled":false},"version":2}},"categories":[1],"tags":[],"class_list":["post-3246","post","type-post","status-publish","format-standard","hentry","category-non-classe"],"aioseo_notices":[],"jetpack_publicize_connections":[],"jetpack_featured_media_url":"","jetpack_shortlink":"https:\/\/wp.me\/p1SrOO-Qm","jetpack_sharing_enabled":true,"_links":{"self":[{"href":"https:\/\/blogs.lyceecfadumene.fr\/tyanheol\/wp-json\/wp\/v2\/posts\/3246","targetHints":{"allow":["GET"]}}],"collection":[{"href":"https:\/\/blogs.lyceecfadumene.fr\/tyanheol\/wp-json\/wp\/v2\/posts"}],"about":[{"href":"https:\/\/blogs.lyceecfadumene.fr\/tyanheol\/wp-json\/wp\/v2\/types\/post"}],"author":[{"embeddable":true,"href":"https:\/\/blogs.lyceecfadumene.fr\/tyanheol\/wp-json\/wp\/v2\/users\/97"}],"replies":[{"embeddable":true,"href":"https:\/\/blogs.lyceecfadumene.fr\/tyanheol\/wp-json\/wp\/v2\/comments?post=3246"}],"version-history":[{"count":4,"href":"https:\/\/blogs.lyceecfadumene.fr\/tyanheol\/wp-json\/wp\/v2\/posts\/3246\/revisions"}],"predecessor-version":[{"id":3252,"href":"https:\/\/blogs.lyceecfadumene.fr\/tyanheol\/wp-json\/wp\/v2\/posts\/3246\/revisions\/3252"}],"wp:attachment":[{"href":"https:\/\/blogs.lyceecfadumene.fr\/tyanheol\/wp-json\/wp\/v2\/media?parent=3246"}],"wp:term":[{"taxonomy":"category","embeddable":true,"href":"https:\/\/blogs.lyceecfadumene.fr\/tyanheol\/wp-json\/wp\/v2\/categories?post=3246"},{"taxonomy":"post_tag","embeddable":true,"href":"https:\/\/blogs.lyceecfadumene.fr\/tyanheol\/wp-json\/wp\/v2\/tags?post=3246"}],"curies":[{"name":"wp","href":"https:\/\/api.w.org\/{rel}","templated":true}]}}