{"id":3179,"date":"2022-03-31T18:54:33","date_gmt":"2022-03-31T16:54:33","guid":{"rendered":"https:\/\/blogs.lyceecfadumene.fr\/tyanheol\/?p=3179"},"modified":"2022-04-03T17:58:21","modified_gmt":"2022-04-03T15:58:21","slug":"un-confinement-en-cache-un-autre-le-festival-du-court-metrage-au-lycee-cfa-du-mene","status":"publish","type":"post","link":"https:\/\/blogs.lyceecfadumene.fr\/tyanheol\/2022\/03\/31\/un-confinement-en-cache-un-autre-le-festival-du-court-metrage-au-lycee-cfa-du-mene\/","title":{"rendered":"Un confinement en cache un autre : le Festival du court-m\u00e9trage au Lyc\u00e9e-CFA du Men\u00e9 !"},"content":{"rendered":"<p>C&rsquo;\u00e9tait en 2020, il y a une \u00e9ternit\u00e9. Priv\u00e9 de soir\u00e9e de No\u00ebl par les restrictions sanitaires, j&rsquo;avais propos\u00e9 un Festival du court-m\u00e9trage sur le th\u00e8me du confinement, vid\u00e9o rest\u00e9e confin\u00e9e au fond de mon disque dur. Des Secondes aux BTS en passant par le Personnel, tout le monde avait particip\u00e9, alors il n&rsquo;est jamais trop tard pour en profiter, c&rsquo;est la magie du cin\u00e9ma ! Et tant de cr\u00e9ativit\u00e9, ce serait dommage de s&rsquo;en priver !<\/p>\n<p>La vid\u00e9o est longue, installez-vous confortablement, je vous assure, c&rsquo;est mieux qu&rsquo;une soir\u00e9e NetFlix, parce que c&rsquo;est tout fabriqu\u00e9 \u00ab\u00a0\u00e0 la main\u00a0\u00bb avec un smartphone, c&rsquo;\u00e9tait l&rsquo;exercice impos\u00e9 !<\/p>\n<p>J&rsquo;esp\u00e8re bien pouvoir renouveler l&rsquo;exp\u00e9rience. Si vous avez des id\u00e9es de th\u00e8me&#8230;<\/p>\n<p><span class=\"embed-youtube\" style=\"text-align:center; display: block;\"><iframe loading=\"lazy\" class=\"youtube-player\" width=\"604\" height=\"340\" src=\"https:\/\/www.youtube.com\/embed\/RUuCdjkPXVE?version=3&#038;rel=1&#038;showsearch=0&#038;showinfo=1&#038;iv_load_policy=1&#038;fs=1&#038;hl=fr-FR&#038;autohide=2&#038;wmode=transparent\" allowfullscreen=\"true\" style=\"border:0;\" sandbox=\"allow-scripts allow-same-origin allow-popups allow-presentation allow-popups-to-escape-sandbox\"><\/iframe><\/span><\/p>\n","protected":false},"excerpt":{"rendered":"<p>C&rsquo;\u00e9tait en 2020, il y a une \u00e9ternit\u00e9. Priv\u00e9 de soir\u00e9e de No\u00ebl par les restrictions sanitaires, j&rsquo;avais propos\u00e9 un Festival du court-m\u00e9trage sur le th\u00e8me du confinement, vid\u00e9o rest\u00e9e confin\u00e9e au fond de mon disque dur. Des Secondes aux BTS en passant par le Personnel, tout le monde avait particip\u00e9, alors il n&rsquo;est jamais &hellip; <a href=\"https:\/\/blogs.lyceecfadumene.fr\/tyanheol\/2022\/03\/31\/un-confinement-en-cache-un-autre-le-festival-du-court-metrage-au-lycee-cfa-du-mene\/\" class=\"more-link\">Continuer la lecture de <span class=\"screen-reader-text\">Un confinement en cache un autre : le Festival du court-m\u00e9trage au Lyc\u00e9e-CFA du Men\u00e9 !<\/span> <span class=\"meta-nav\">&rarr;<\/span><\/a><\/p>\n","protected":false},"author":97,"featured_media":0,"comment_status":"open","ping_status":"open","sticky":false,"template":"","format":"standard","meta":{"_jetpack_memberships_contains_paid_content":false,"footnotes":"","jetpack_publicize_message":"","jetpack_publicize_feature_enabled":true,"jetpack_social_post_already_shared":true,"jetpack_social_options":{"image_generator_settings":{"template":"highway","default_image_id":0,"font":"","enabled":false},"version":2}},"categories":[27366,9176,25439,1,29437,29432,314],"tags":[9190,25462,29226,25464,8492,25428,8236,4,6,11710,43,3643],"class_list":["post-3179","post","type-post","status-publish","format-standard","hentry","category-alesa-ty-an-heol","category-cinema","category-education-socioculturelle","category-non-classe","category-soiree2","category-video2","category-videos","tag-activites","tag-cinema","tag-court-metrage","tag-education-socioculturelle","tag-festival","tag-fete-de-noel","tag-foyer","tag-lycee","tag-merdrignac","tag-noel","tag-soiree-de-noel","tag-ty-an-heol"],"aioseo_notices":[],"jetpack_publicize_connections":[],"jetpack_featured_media_url":"","jetpack_shortlink":"https:\/\/wp.me\/p1SrOO-Ph","jetpack_sharing_enabled":true,"_links":{"self":[{"href":"https:\/\/blogs.lyceecfadumene.fr\/tyanheol\/wp-json\/wp\/v2\/posts\/3179","targetHints":{"allow":["GET"]}}],"collection":[{"href":"https:\/\/blogs.lyceecfadumene.fr\/tyanheol\/wp-json\/wp\/v2\/posts"}],"about":[{"href":"https:\/\/blogs.lyceecfadumene.fr\/tyanheol\/wp-json\/wp\/v2\/types\/post"}],"author":[{"embeddable":true,"href":"https:\/\/blogs.lyceecfadumene.fr\/tyanheol\/wp-json\/wp\/v2\/users\/97"}],"replies":[{"embeddable":true,"href":"https:\/\/blogs.lyceecfadumene.fr\/tyanheol\/wp-json\/wp\/v2\/comments?post=3179"}],"version-history":[{"count":5,"href":"https:\/\/blogs.lyceecfadumene.fr\/tyanheol\/wp-json\/wp\/v2\/posts\/3179\/revisions"}],"predecessor-version":[{"id":3184,"href":"https:\/\/blogs.lyceecfadumene.fr\/tyanheol\/wp-json\/wp\/v2\/posts\/3179\/revisions\/3184"}],"wp:attachment":[{"href":"https:\/\/blogs.lyceecfadumene.fr\/tyanheol\/wp-json\/wp\/v2\/media?parent=3179"}],"wp:term":[{"taxonomy":"category","embeddable":true,"href":"https:\/\/blogs.lyceecfadumene.fr\/tyanheol\/wp-json\/wp\/v2\/categories?post=3179"},{"taxonomy":"post_tag","embeddable":true,"href":"https:\/\/blogs.lyceecfadumene.fr\/tyanheol\/wp-json\/wp\/v2\/tags?post=3179"}],"curies":[{"name":"wp","href":"https:\/\/api.w.org\/{rel}","templated":true}]}}