{"id":3170,"date":"2022-03-31T16:05:43","date_gmt":"2022-03-31T14:05:43","guid":{"rendered":"https:\/\/blogs.lyceecfadumene.fr\/tyanheol\/?p=3170"},"modified":"2022-04-03T17:58:53","modified_gmt":"2022-04-03T15:58:53","slug":"radio-soactu","status":"publish","type":"post","link":"https:\/\/blogs.lyceecfadumene.fr\/tyanheol\/2022\/03\/31\/radio-soactu\/","title":{"rendered":"Radio So&rsquo;actu"},"content":{"rendered":"<p><img data-recalc-dims=\"1\" loading=\"lazy\" decoding=\"async\" data-attachment-id=\"3172\" data-permalink=\"https:\/\/blogs.lyceecfadumene.fr\/tyanheol\/2022\/03\/31\/radio-soactu\/student-gf6764afe2_640\/\" data-orig-file=\"https:\/\/i0.wp.com\/blogs.lyceecfadumene.fr\/tyanheol\/files\/2022\/03\/student-gf6764afe2_640.jpg?fit=640%2C480&amp;ssl=1\" data-orig-size=\"640,480\" data-comments-opened=\"1\" data-image-meta=\"{&quot;aperture&quot;:&quot;0&quot;,&quot;credit&quot;:&quot;&quot;,&quot;camera&quot;:&quot;&quot;,&quot;caption&quot;:&quot;&quot;,&quot;created_timestamp&quot;:&quot;0&quot;,&quot;copyright&quot;:&quot;&quot;,&quot;focal_length&quot;:&quot;0&quot;,&quot;iso&quot;:&quot;0&quot;,&quot;shutter_speed&quot;:&quot;0&quot;,&quot;title&quot;:&quot;&quot;,&quot;orientation&quot;:&quot;0&quot;}\" data-image-title=\"student-gf6764afe2_640\" data-image-description=\"\" data-image-caption=\"\" data-large-file=\"https:\/\/i0.wp.com\/blogs.lyceecfadumene.fr\/tyanheol\/files\/2022\/03\/student-gf6764afe2_640.jpg?fit=604%2C453&amp;ssl=1\" class=\"aligncenter wp-image-3172\" src=\"https:\/\/i0.wp.com\/blogs.lyceecfadumene.fr\/tyanheol\/files\/2022\/03\/student-gf6764afe2_640.jpg?resize=450%2C338&#038;ssl=1\" alt=\"\" width=\"450\" height=\"338\" srcset=\"https:\/\/i0.wp.com\/blogs.lyceecfadumene.fr\/tyanheol\/files\/2022\/03\/student-gf6764afe2_640.jpg?w=640&amp;ssl=1 640w, https:\/\/i0.wp.com\/blogs.lyceecfadumene.fr\/tyanheol\/files\/2022\/03\/student-gf6764afe2_640.jpg?resize=300%2C225&amp;ssl=1 300w\" sizes=\"auto, (max-width: 450px) 100vw, 450px\" \/><\/p>\n<p>So\u2019Actu vous pr\u00e9sente une \u00e9dition sp\u00e9ciale sur l\u2019arr\u00eat du port du masque qui a eu lieu le 14 mars. Vous retrouverez une interview avec diff\u00e9rentes personnes de l\u2019\u00e9tablissement et un directeur d\u2019Ehpad afin de conna\u00eetre leurs avis sur cette nouvelle \u00ab Libert\u00e9 \u00bb.<\/p>\n<audio class=\"wp-audio-shortcode\" id=\"audio-3170-1\" preload=\"none\" style=\"width: 100%;\" controls=\"controls\"><source type=\"audio\/mpeg\" src=\"https:\/\/blogs.lyceecfadumene.fr\/tyanheol\/files\/2022\/03\/Radio-so-actu.mp3?_=1\" \/><a href=\"https:\/\/blogs.lyceecfadumene.fr\/tyanheol\/files\/2022\/03\/Radio-so-actu.mp3\">https:\/\/blogs.lyceecfadumene.fr\/tyanheol\/files\/2022\/03\/Radio-so-actu.mp3<\/a><\/audio>\n<p>Benjamin, Romain, Beno\u00eet, Nolwenn, Selena, Estelle, Lou-Anne et Ma\u00ebva.<\/p>\n","protected":false},"excerpt":{"rendered":"<p>So\u2019Actu vous pr\u00e9sente une \u00e9dition sp\u00e9ciale sur l\u2019arr\u00eat du port du masque qui a eu lieu le 14 mars. Vous retrouverez une interview avec diff\u00e9rentes personnes de l\u2019\u00e9tablissement et un directeur d\u2019Ehpad afin de conna\u00eetre leurs avis sur cette nouvelle \u00ab Libert\u00e9 \u00bb. Benjamin, Romain, Beno\u00eet, Nolwenn, Selena, Estelle, Lou-Anne et Ma\u00ebva.<\/p>\n","protected":false},"author":1,"featured_media":0,"comment_status":"open","ping_status":"open","sticky":false,"template":"","format":"standard","meta":{"_jetpack_memberships_contains_paid_content":false,"footnotes":"","jetpack_publicize_message":"","jetpack_publicize_feature_enabled":true,"jetpack_social_post_already_shared":true,"jetpack_social_options":{"image_generator_settings":{"template":"highway","default_image_id":0,"font":"","enabled":false},"version":2}},"categories":[29435],"tags":[3673,64],"class_list":["post-3170","post","type-post","status-publish","format-standard","hentry","category-radio2","tag-mil","tag-webradio"],"aioseo_notices":[],"jetpack_publicize_connections":[],"jetpack_featured_media_url":"","jetpack_shortlink":"https:\/\/wp.me\/p1SrOO-P8","jetpack_sharing_enabled":true,"_links":{"self":[{"href":"https:\/\/blogs.lyceecfadumene.fr\/tyanheol\/wp-json\/wp\/v2\/posts\/3170","targetHints":{"allow":["GET"]}}],"collection":[{"href":"https:\/\/blogs.lyceecfadumene.fr\/tyanheol\/wp-json\/wp\/v2\/posts"}],"about":[{"href":"https:\/\/blogs.lyceecfadumene.fr\/tyanheol\/wp-json\/wp\/v2\/types\/post"}],"author":[{"embeddable":true,"href":"https:\/\/blogs.lyceecfadumene.fr\/tyanheol\/wp-json\/wp\/v2\/users\/1"}],"replies":[{"embeddable":true,"href":"https:\/\/blogs.lyceecfadumene.fr\/tyanheol\/wp-json\/wp\/v2\/comments?post=3170"}],"version-history":[{"count":1,"href":"https:\/\/blogs.lyceecfadumene.fr\/tyanheol\/wp-json\/wp\/v2\/posts\/3170\/revisions"}],"predecessor-version":[{"id":3173,"href":"https:\/\/blogs.lyceecfadumene.fr\/tyanheol\/wp-json\/wp\/v2\/posts\/3170\/revisions\/3173"}],"wp:attachment":[{"href":"https:\/\/blogs.lyceecfadumene.fr\/tyanheol\/wp-json\/wp\/v2\/media?parent=3170"}],"wp:term":[{"taxonomy":"category","embeddable":true,"href":"https:\/\/blogs.lyceecfadumene.fr\/tyanheol\/wp-json\/wp\/v2\/categories?post=3170"},{"taxonomy":"post_tag","embeddable":true,"href":"https:\/\/blogs.lyceecfadumene.fr\/tyanheol\/wp-json\/wp\/v2\/tags?post=3170"}],"curies":[{"name":"wp","href":"https:\/\/api.w.org\/{rel}","templated":true}]}}