{"id":3156,"date":"2022-03-30T17:26:53","date_gmt":"2022-03-30T15:26:53","guid":{"rendered":"https:\/\/blogs.lyceecfadumene.fr\/tyanheol\/?p=3156"},"modified":"2022-04-13T14:32:37","modified_gmt":"2022-04-13T12:32:37","slug":"le-bal-de-promo-un-chef-doeuvre","status":"publish","type":"post","link":"https:\/\/blogs.lyceecfadumene.fr\/tyanheol\/2022\/03\/30\/le-bal-de-promo-un-chef-doeuvre\/","title":{"rendered":"Le Bal de promo : un chef-d&rsquo;oeuvre !"},"content":{"rendered":"<p>Les CAP Fleuristes nous ont r\u00e9serv\u00e9 de belles surprises : des ateliers de confection de bijoux et un bal de promo plein de d\u00e9corations florales et d&rsquo;animations autour des v\u00e9g\u00e9taux et des senteurs. Merci !<\/p>\n<p><span class=\"embed-youtube\" style=\"text-align:center; display: block;\"><iframe loading=\"lazy\" class=\"youtube-player\" width=\"604\" height=\"340\" src=\"https:\/\/www.youtube.com\/embed\/tjd0WqPTpoM?version=3&#038;rel=1&#038;showsearch=0&#038;showinfo=1&#038;iv_load_policy=1&#038;fs=1&#038;hl=fr-FR&#038;autohide=2&#038;wmode=transparent\" allowfullscreen=\"true\" style=\"border:0;\" sandbox=\"allow-scripts allow-same-origin allow-popups allow-presentation allow-popups-to-escape-sandbox\"><\/iframe><\/span><\/p>\n<p><span class=\"embed-youtube\" style=\"text-align:center; display: block;\"><iframe loading=\"lazy\" class=\"youtube-player\" width=\"604\" height=\"340\" src=\"https:\/\/www.youtube.com\/embed\/djI7Lb1lgxc?version=3&#038;rel=1&#038;showsearch=0&#038;showinfo=1&#038;iv_load_policy=1&#038;fs=1&#038;hl=fr-FR&#038;autohide=2&#038;wmode=transparent\" allowfullscreen=\"true\" style=\"border:0;\" sandbox=\"allow-scripts allow-same-origin allow-popups allow-presentation allow-popups-to-escape-sandbox\"><\/iframe><\/span><\/p>\n<p>Les Cap 2 Fleuristes ont \u00e9t\u00e9 ravies de vous avoir accueillis au sein de notre bal de<br \/>\nprintemps, \u00e0 la salle des f\u00eates de Merdrignac le jeudi 24 mars \u00e0 19h30.<br \/>\nDans le cadre du projet chef-d\u2019\u0153uvre, le mercredi 23 mars, dans l\u2019apr\u00e8s-midi, les \u00e9l\u00e8ves<br \/>\net personnels ont \u00e9t\u00e9 convi\u00e9s \u00e0 exprimer leur cr\u00e9ativit\u00e9 en fabriquant eux-m\u00eames, \u00e0 l\u2019aide<br \/>\ndes \u00e9l\u00e8ves animant les ateliers de bijoux floraux ( peigne, bracelet et broche ).<br \/>\nLe 24 mars, nous avons d\u00e9cor\u00e9 la salle, aider le DJ \u00e0 mettre en place. Pendant la soir\u00e9e, les<br \/>\ninvit\u00e9s ont eu le plaisir de participer \u00e0 notre jeu sur le stand de senteurs, boire un verre et<br \/>\nmanger des friandises, danser sur la piste, et savoir les heureux gagnants de notre tombola.<br \/>\nNous voudrions remercier nos professeurs qui nous ont accompagn\u00e9s durant ce projet et<br \/>\nqui nous ont permis de r\u00e9aliser cette superbe soir\u00e9e.<br \/>\nLes Cap 2 Fleuristes<\/p>\n","protected":false},"excerpt":{"rendered":"<p>Les CAP Fleuristes nous ont r\u00e9serv\u00e9 de belles surprises : des ateliers de confection de bijoux et un bal de promo plein de d\u00e9corations florales et d&rsquo;animations autour des v\u00e9g\u00e9taux et des senteurs. Merci ! Les Cap 2 Fleuristes ont \u00e9t\u00e9 ravies de vous avoir accueillis au sein de notre bal de printemps, \u00e0 la &hellip; <a href=\"https:\/\/blogs.lyceecfadumene.fr\/tyanheol\/2022\/03\/30\/le-bal-de-promo-un-chef-doeuvre\/\" class=\"more-link\">Continuer la lecture de <span class=\"screen-reader-text\">Le Bal de promo : un chef-d&rsquo;oeuvre !<\/span> <span class=\"meta-nav\">&rarr;<\/span><\/a><\/p>\n","protected":false},"author":97,"featured_media":0,"comment_status":"open","ping_status":"open","sticky":false,"template":"","format":"standard","meta":{"_jetpack_memberships_contains_paid_content":false,"footnotes":"","jetpack_publicize_message":"","jetpack_publicize_feature_enabled":true,"jetpack_social_post_already_shared":true,"jetpack_social_options":{"image_generator_settings":{"template":"highway","default_image_id":0,"font":"","enabled":false},"version":2}},"categories":[29436,27366,25439,1,29437,29432,314],"tags":[9190,315,29428,14210,25464,8236,4,9197,6,3643],"class_list":["post-3156","post","type-post","status-publish","format-standard","hentry","category-action-commerciale2","category-alesa-ty-an-heol","category-education-socioculturelle","category-non-classe","category-soiree2","category-video2","category-videos","tag-activites","tag-art-floral","tag-arts-appliques","tag-cap-fleuristes","tag-education-socioculturelle","tag-foyer","tag-lycee","tag-mercredi","tag-merdrignac","tag-ty-an-heol"],"aioseo_notices":[],"jetpack_publicize_connections":[],"jetpack_featured_media_url":"","jetpack_shortlink":"https:\/\/wp.me\/p1SrOO-OU","jetpack_sharing_enabled":true,"_links":{"self":[{"href":"https:\/\/blogs.lyceecfadumene.fr\/tyanheol\/wp-json\/wp\/v2\/posts\/3156","targetHints":{"allow":["GET"]}}],"collection":[{"href":"https:\/\/blogs.lyceecfadumene.fr\/tyanheol\/wp-json\/wp\/v2\/posts"}],"about":[{"href":"https:\/\/blogs.lyceecfadumene.fr\/tyanheol\/wp-json\/wp\/v2\/types\/post"}],"author":[{"embeddable":true,"href":"https:\/\/blogs.lyceecfadumene.fr\/tyanheol\/wp-json\/wp\/v2\/users\/97"}],"replies":[{"embeddable":true,"href":"https:\/\/blogs.lyceecfadumene.fr\/tyanheol\/wp-json\/wp\/v2\/comments?post=3156"}],"version-history":[{"count":5,"href":"https:\/\/blogs.lyceecfadumene.fr\/tyanheol\/wp-json\/wp\/v2\/posts\/3156\/revisions"}],"predecessor-version":[{"id":3239,"href":"https:\/\/blogs.lyceecfadumene.fr\/tyanheol\/wp-json\/wp\/v2\/posts\/3156\/revisions\/3239"}],"wp:attachment":[{"href":"https:\/\/blogs.lyceecfadumene.fr\/tyanheol\/wp-json\/wp\/v2\/media?parent=3156"}],"wp:term":[{"taxonomy":"category","embeddable":true,"href":"https:\/\/blogs.lyceecfadumene.fr\/tyanheol\/wp-json\/wp\/v2\/categories?post=3156"},{"taxonomy":"post_tag","embeddable":true,"href":"https:\/\/blogs.lyceecfadumene.fr\/tyanheol\/wp-json\/wp\/v2\/tags?post=3156"}],"curies":[{"name":"wp","href":"https:\/\/api.w.org\/{rel}","templated":true}]}}