{"id":3117,"date":"2021-11-16T13:43:54","date_gmt":"2021-11-16T11:43:54","guid":{"rendered":"https:\/\/blogs.lyceecfadumene.fr\/tyanheol\/?p=3117"},"modified":"2022-04-03T17:58:21","modified_gmt":"2022-04-03T15:58:21","slug":"concert-lujipkea-transmusicales-2021","status":"publish","type":"post","link":"https:\/\/blogs.lyceecfadumene.fr\/tyanheol\/2021\/11\/16\/concert-lujipkea-transmusicales-2021\/","title":{"rendered":"Concert Lujipeka &#8211; Transmusicales 2021"},"content":{"rendered":"<p><span class=\"embed-youtube\" style=\"text-align:center; display: block;\"><iframe loading=\"lazy\" class=\"youtube-player\" width=\"604\" height=\"340\" src=\"https:\/\/www.youtube.com\/embed\/NX_0SSJYnYE?version=3&#038;rel=1&#038;showsearch=0&#038;showinfo=1&#038;iv_load_policy=1&#038;fs=1&#038;hl=fr-FR&#038;autohide=2&#038;wmode=transparent\" allowfullscreen=\"true\" style=\"border:0;\" sandbox=\"allow-scripts allow-same-origin allow-popups allow-presentation allow-popups-to-escape-sandbox\"><\/iframe><\/span><\/p>\n<p>Mercredi 1er D\u00e9cembre : soir\u00e9e exceptionnelle organis\u00e9e par&nbsp; Ty an Heol !<\/p>\n<h4>Assistez au concert de Lujipeka dans le cadre des Transmusicales 2021 \u00e0 l&rsquo;Aire Libre (Saint-Jacques-de-la-Lande)<\/h4>\n<p>En premi\u00e8re partie, Barbara Rivage :<\/p>\n<p><span class=\"embed-youtube\" style=\"text-align:center; display: block;\"><iframe loading=\"lazy\" class=\"youtube-player\" width=\"604\" height=\"340\" src=\"https:\/\/www.youtube.com\/embed\/byatE1PPokc?version=3&#038;rel=1&#038;showsearch=0&#038;showinfo=1&#038;iv_load_policy=1&#038;fs=1&#038;hl=fr-FR&#038;autohide=2&#038;wmode=transparent\" allowfullscreen=\"true\" style=\"border:0;\" sandbox=\"allow-scripts allow-same-origin allow-popups allow-presentation allow-popups-to-escape-sandbox\"><\/iframe><\/span><\/p>\n<p>&nbsp;<\/p>\n<h2>Attention : 40 places seulement !<\/h2>\n<h5>Allez vous inscrire au bureau de la Vie Scolaire !<\/h5>\n<p>Le 1\/10\/2021, d\u00e9part <strong>19h<\/strong> &gt; retour vers <strong>minuit<\/strong><\/p>\n<p>Participation demand\u00e9e : <strong>2\u20ac<\/strong> (adh\u00e9rents Ty an Heol)<\/p>\n","protected":false},"excerpt":{"rendered":"<p>Mercredi 1er D\u00e9cembre : soir\u00e9e exceptionnelle organis\u00e9e par&nbsp; Ty an Heol ! Assistez au concert de Lujipeka dans le cadre des Transmusicales 2021 \u00e0 l&rsquo;Aire Libre (Saint-Jacques-de-la-Lande) En premi\u00e8re partie, Barbara Rivage : &nbsp; Attention : 40 places seulement ! Allez vous inscrire au bureau de la Vie Scolaire ! Le 1\/10\/2021, d\u00e9part 19h &gt; &hellip; <a href=\"https:\/\/blogs.lyceecfadumene.fr\/tyanheol\/2021\/11\/16\/concert-lujipkea-transmusicales-2021\/\" class=\"more-link\">Continuer la lecture de <span class=\"screen-reader-text\">Concert Lujipeka &#8211; Transmusicales 2021<\/span> <span class=\"meta-nav\">&rarr;<\/span><\/a><\/p>\n","protected":false},"author":101,"featured_media":0,"comment_status":"open","ping_status":"open","sticky":false,"template":"","format":"standard","meta":{"_jetpack_memberships_contains_paid_content":false,"footnotes":"","jetpack_publicize_message":"","jetpack_publicize_feature_enabled":true,"jetpack_social_post_already_shared":true,"jetpack_social_options":{"image_generator_settings":{"template":"highway","default_image_id":0,"font":"","enabled":false},"version":2}},"categories":[27366,25439,29437,9177],"tags":[29427,25464,3645,3643],"class_list":["post-3117","post","type-post","status-publish","format-standard","hentry","category-alesa-ty-an-heol","category-education-socioculturelle","category-soiree2","category-sorties","tag-concert","tag-education-socioculturelle","tag-sortie","tag-ty-an-heol"],"aioseo_notices":[],"jetpack_publicize_connections":[],"jetpack_featured_media_url":"","jetpack_shortlink":"https:\/\/wp.me\/p1SrOO-Oh","jetpack_sharing_enabled":true,"_links":{"self":[{"href":"https:\/\/blogs.lyceecfadumene.fr\/tyanheol\/wp-json\/wp\/v2\/posts\/3117","targetHints":{"allow":["GET"]}}],"collection":[{"href":"https:\/\/blogs.lyceecfadumene.fr\/tyanheol\/wp-json\/wp\/v2\/posts"}],"about":[{"href":"https:\/\/blogs.lyceecfadumene.fr\/tyanheol\/wp-json\/wp\/v2\/types\/post"}],"author":[{"embeddable":true,"href":"https:\/\/blogs.lyceecfadumene.fr\/tyanheol\/wp-json\/wp\/v2\/users\/101"}],"replies":[{"embeddable":true,"href":"https:\/\/blogs.lyceecfadumene.fr\/tyanheol\/wp-json\/wp\/v2\/comments?post=3117"}],"version-history":[{"count":3,"href":"https:\/\/blogs.lyceecfadumene.fr\/tyanheol\/wp-json\/wp\/v2\/posts\/3117\/revisions"}],"predecessor-version":[{"id":3120,"href":"https:\/\/blogs.lyceecfadumene.fr\/tyanheol\/wp-json\/wp\/v2\/posts\/3117\/revisions\/3120"}],"wp:attachment":[{"href":"https:\/\/blogs.lyceecfadumene.fr\/tyanheol\/wp-json\/wp\/v2\/media?parent=3117"}],"wp:term":[{"taxonomy":"category","embeddable":true,"href":"https:\/\/blogs.lyceecfadumene.fr\/tyanheol\/wp-json\/wp\/v2\/categories?post=3117"},{"taxonomy":"post_tag","embeddable":true,"href":"https:\/\/blogs.lyceecfadumene.fr\/tyanheol\/wp-json\/wp\/v2\/tags?post=3117"}],"curies":[{"name":"wp","href":"https:\/\/api.w.org\/{rel}","templated":true}]}}