{"id":3056,"date":"2021-10-11T16:23:21","date_gmt":"2021-10-11T14:23:21","guid":{"rendered":"https:\/\/blogs.lyceecfadumene.fr\/tyanheol\/?p=3056"},"modified":"2022-04-03T17:58:53","modified_gmt":"2022-04-03T15:58:53","slug":"appel-a-contributions-a-vos-micros","status":"publish","type":"post","link":"https:\/\/blogs.lyceecfadumene.fr\/tyanheol\/2021\/10\/11\/appel-a-contributions-a-vos-micros\/","title":{"rendered":"Appel \u00e0 contributions : \u00e0 vos micros !"},"content":{"rendered":"<p>J\u2019ai besoin de vous&nbsp;!<\/p>\n<p>Venez m\u2019aider \u00e0 <strong><span style=\"color: #0000ff\">enregistrer les sons<\/span><\/strong>, les ambiances du lyc\u00e9e. Venez partager, en enregistrant les bruits <strong><span style=\"color: #0000ff\">qui rythment votre journ\u00e9e<\/span><\/strong>, votre vie au lyc\u00e9e.<\/p>\n<p>Battement de porte, sonnerie, self, internat, jardin, couloirs, conversations\u2026 le micro est \u00e0 vous&nbsp;!<\/p>\n<h2>Comment faire ?<\/h2>\n<p>Rendez-vous de 13h \u00e0 13h15, du lundi au vendredi,<strong><span style=\"color: #0000ff\"> jusqu\u2019au 22 octobre<\/span><\/strong> pour r\u00e9cup\u00e9rer l\u2019enregistreur et comprendre son fonctionnement <span style=\"color: #0000ff\"><strong>au bureau des ESC<\/strong><\/span>. (ouvert \u00e0 tous !)<\/p>\n<p>Le format attendu est un enregistrement audio de 1 \u00e0 2 minutes, en tourn\u00e9-mont\u00e9 id\u00e9alement (exemple \u00e0 \u00e9couter).<\/p>\n<p>Vos propositions seront publi\u00e9es sur le blog Ty An Heol.<\/p>\n<h3>Je compte sur vous&nbsp;! Bonne journ\u00e9e&nbsp;!<\/h3>\n<audio class=\"wp-audio-shortcode\" id=\"audio-3056-1\" preload=\"none\" style=\"width: 100%;\" controls=\"controls\"><source type=\"audio\/mpeg\" src=\"https:\/\/blogs.lyceecfadumene.fr\/tyanheol\/files\/2021\/10\/Teaser-Paysage-sonore.mp3?_=1\" \/><a href=\"https:\/\/blogs.lyceecfadumene.fr\/tyanheol\/files\/2021\/10\/Teaser-Paysage-sonore.mp3\">https:\/\/blogs.lyceecfadumene.fr\/tyanheol\/files\/2021\/10\/Teaser-Paysage-sonore.mp3<\/a><\/audio>\n<audio class=\"wp-audio-shortcode\" id=\"audio-3056-2\" preload=\"none\" style=\"width: 100%;\" controls=\"controls\"><source type=\"audio\/mpeg\" src=\"https:\/\/blogs.lyceecfadumene.fr\/tyanheol\/files\/2021\/10\/Podcast1ere-CVA-en-visite.mp3?_=2\" \/><a href=\"https:\/\/blogs.lyceecfadumene.fr\/tyanheol\/files\/2021\/10\/Podcast1ere-CVA-en-visite.mp3\">https:\/\/blogs.lyceecfadumene.fr\/tyanheol\/files\/2021\/10\/Podcast1ere-CVA-en-visite.mp3<\/a><\/audio>\n<audio class=\"wp-audio-shortcode\" id=\"audio-3056-3\" preload=\"none\" style=\"width: 100%;\" controls=\"controls\"><source type=\"audio\/mpeg\" src=\"https:\/\/blogs.lyceecfadumene.fr\/tyanheol\/files\/2021\/10\/Podcast-soiree-cinema-final.mp3?_=3\" \/><a href=\"https:\/\/blogs.lyceecfadumene.fr\/tyanheol\/files\/2021\/10\/Podcast-soiree-cinema-final.mp3\">https:\/\/blogs.lyceecfadumene.fr\/tyanheol\/files\/2021\/10\/Podcast-soiree-cinema-final.mp3<\/a><\/audio>\n<p><img data-recalc-dims=\"1\" loading=\"lazy\" decoding=\"async\" data-attachment-id=\"3065\" data-permalink=\"https:\/\/blogs.lyceecfadumene.fr\/tyanheol\/2021\/10\/11\/appel-a-contributions-a-vos-micros\/img_52011\/\" data-orig-file=\"https:\/\/i0.wp.com\/blogs.lyceecfadumene.fr\/tyanheol\/files\/2021\/10\/IMG_52011-scaled.jpg?fit=1920%2C2560&amp;ssl=1\" data-orig-size=\"1920,2560\" data-comments-opened=\"1\" data-image-meta=\"{&quot;aperture&quot;:&quot;2.2&quot;,&quot;credit&quot;:&quot;&quot;,&quot;camera&quot;:&quot;iPhone 6s&quot;,&quot;caption&quot;:&quot;&quot;,&quot;created_timestamp&quot;:&quot;1630574622&quot;,&quot;copyright&quot;:&quot;&quot;,&quot;focal_length&quot;:&quot;4.15&quot;,&quot;iso&quot;:&quot;25&quot;,&quot;shutter_speed&quot;:&quot;0.0012738853503185&quot;,&quot;title&quot;:&quot;&quot;,&quot;orientation&quot;:&quot;1&quot;}\" data-image-title=\"Vers l&amp;rsquo;internat\" data-image-description=\"\" data-image-caption=\"\" data-large-file=\"https:\/\/i0.wp.com\/blogs.lyceecfadumene.fr\/tyanheol\/files\/2021\/10\/IMG_52011-scaled.jpg?fit=604%2C805&amp;ssl=1\" class=\"wp-image-3065 size-medium aligncenter\" src=\"https:\/\/i0.wp.com\/blogs.lyceecfadumene.fr\/tyanheol\/files\/2021\/10\/IMG_52011-225x300.jpg?resize=225%2C300&#038;ssl=1\" alt=\"\" width=\"225\" height=\"300\" srcset=\"https:\/\/i0.wp.com\/blogs.lyceecfadumene.fr\/tyanheol\/files\/2021\/10\/IMG_52011-scaled.jpg?resize=225%2C300&amp;ssl=1 225w, https:\/\/i0.wp.com\/blogs.lyceecfadumene.fr\/tyanheol\/files\/2021\/10\/IMG_52011-scaled.jpg?resize=768%2C1024&amp;ssl=1 768w, https:\/\/i0.wp.com\/blogs.lyceecfadumene.fr\/tyanheol\/files\/2021\/10\/IMG_52011-scaled.jpg?resize=1152%2C1536&amp;ssl=1 1152w, https:\/\/i0.wp.com\/blogs.lyceecfadumene.fr\/tyanheol\/files\/2021\/10\/IMG_52011-scaled.jpg?resize=1536%2C2048&amp;ssl=1 1536w, https:\/\/i0.wp.com\/blogs.lyceecfadumene.fr\/tyanheol\/files\/2021\/10\/IMG_52011-scaled.jpg?w=1920&amp;ssl=1 1920w, https:\/\/i0.wp.com\/blogs.lyceecfadumene.fr\/tyanheol\/files\/2021\/10\/IMG_52011-scaled.jpg?w=1208 1208w, https:\/\/i0.wp.com\/blogs.lyceecfadumene.fr\/tyanheol\/files\/2021\/10\/IMG_52011-scaled.jpg?w=1812 1812w\" sizes=\"auto, (max-width: 225px) 100vw, 225px\" \/><\/p>\n","protected":false},"excerpt":{"rendered":"<p>J\u2019ai besoin de vous&nbsp;! Venez m\u2019aider \u00e0 enregistrer les sons, les ambiances du lyc\u00e9e. Venez partager, en enregistrant les bruits qui rythment votre journ\u00e9e, votre vie au lyc\u00e9e. Battement de porte, sonnerie, self, internat, jardin, couloirs, conversations\u2026 le micro est \u00e0 vous&nbsp;! Comment faire ? Rendez-vous de 13h \u00e0 13h15, du lundi au vendredi, jusqu\u2019au &hellip; <a href=\"https:\/\/blogs.lyceecfadumene.fr\/tyanheol\/2021\/10\/11\/appel-a-contributions-a-vos-micros\/\" class=\"more-link\">Continuer la lecture de <span class=\"screen-reader-text\">Appel \u00e0 contributions : \u00e0 vos micros !<\/span> <span class=\"meta-nav\">&rarr;<\/span><\/a><\/p>\n","protected":false},"author":101,"featured_media":0,"comment_status":"open","ping_status":"open","sticky":false,"template":"","format":"standard","meta":{"_jetpack_memberships_contains_paid_content":false,"footnotes":"","jetpack_publicize_message":"","jetpack_publicize_feature_enabled":true,"jetpack_social_post_already_shared":true,"jetpack_social_options":{"image_generator_settings":{"template":"highway","default_image_id":0,"font":"","enabled":false},"version":2}},"categories":[25439,29435],"tags":[3644,9190,27896,3664,3646,25462,29426,25464,4,3643],"class_list":["post-3056","post","type-post","status-publish","format-standard","hentry","category-education-socioculturelle","category-radio2","tag-activite","tag-activites","tag-alesa","tag-animation","tag-cfa","tag-cinema","tag-decouverte","tag-education-socioculturelle","tag-lycee","tag-ty-an-heol"],"aioseo_notices":[],"jetpack_publicize_connections":[],"jetpack_featured_media_url":"","jetpack_shortlink":"https:\/\/wp.me\/p1SrOO-Ni","jetpack_sharing_enabled":true,"_links":{"self":[{"href":"https:\/\/blogs.lyceecfadumene.fr\/tyanheol\/wp-json\/wp\/v2\/posts\/3056","targetHints":{"allow":["GET"]}}],"collection":[{"href":"https:\/\/blogs.lyceecfadumene.fr\/tyanheol\/wp-json\/wp\/v2\/posts"}],"about":[{"href":"https:\/\/blogs.lyceecfadumene.fr\/tyanheol\/wp-json\/wp\/v2\/types\/post"}],"author":[{"embeddable":true,"href":"https:\/\/blogs.lyceecfadumene.fr\/tyanheol\/wp-json\/wp\/v2\/users\/101"}],"replies":[{"embeddable":true,"href":"https:\/\/blogs.lyceecfadumene.fr\/tyanheol\/wp-json\/wp\/v2\/comments?post=3056"}],"version-history":[{"count":8,"href":"https:\/\/blogs.lyceecfadumene.fr\/tyanheol\/wp-json\/wp\/v2\/posts\/3056\/revisions"}],"predecessor-version":[{"id":3068,"href":"https:\/\/blogs.lyceecfadumene.fr\/tyanheol\/wp-json\/wp\/v2\/posts\/3056\/revisions\/3068"}],"wp:attachment":[{"href":"https:\/\/blogs.lyceecfadumene.fr\/tyanheol\/wp-json\/wp\/v2\/media?parent=3056"}],"wp:term":[{"taxonomy":"category","embeddable":true,"href":"https:\/\/blogs.lyceecfadumene.fr\/tyanheol\/wp-json\/wp\/v2\/categories?post=3056"},{"taxonomy":"post_tag","embeddable":true,"href":"https:\/\/blogs.lyceecfadumene.fr\/tyanheol\/wp-json\/wp\/v2\/tags?post=3056"}],"curies":[{"name":"wp","href":"https:\/\/api.w.org\/{rel}","templated":true}]}}