{"id":3042,"date":"2021-10-08T12:00:28","date_gmt":"2021-10-08T10:00:28","guid":{"rendered":"https:\/\/blogs.lyceecfadumene.fr\/tyanheol\/?p=3042"},"modified":"2022-04-03T17:58:53","modified_gmt":"2022-04-03T15:58:53","slug":"radio-et-toc","status":"publish","type":"post","link":"https:\/\/blogs.lyceecfadumene.fr\/tyanheol\/2021\/10\/08\/radio-et-toc\/","title":{"rendered":"Radio ET TOC !"},"content":{"rendered":"<p>Nous sommes partis en interview pour interroger les lyc\u00e9ens et le personnel sur le th\u00e8me \u00ab\u00a0Consommer autrement\u00a0\u00bb, qui nous suivra durant nos 2 ann\u00e9es de BTS.<\/p>\n<p>On a alors pr\u00e9par\u00e9 10 questions puis, avec l&rsquo;enregistreur num\u00e9rique, nous avons fait un micro trottoir. Nous avons tourn\u00e9 cela sous la forme d&rsquo;une \u00e9mission radio, dans laquelle In\u00e8s nous fait une reprise de chanson, Antoine et Katell se chargent de la pr\u00e9sentation, Aymeric et In\u00e8s s&rsquo;occupent du micro trottoir et Fran\u00e7ois, Tyl\u00e8ne et Carla effectuent le montage.<\/p>\n<p><a href=\"https:\/\/i0.wp.com\/blogs.lyceecfadumene.fr\/tyanheol\/files\/2021\/10\/1633685726918.jpg?ssl=1\"><img data-recalc-dims=\"1\" loading=\"lazy\" decoding=\"async\" data-attachment-id=\"3043\" data-permalink=\"https:\/\/blogs.lyceecfadumene.fr\/tyanheol\/2021\/10\/08\/radio-et-toc\/attachment\/1633685726918\/\" data-orig-file=\"https:\/\/i0.wp.com\/blogs.lyceecfadumene.fr\/tyanheol\/files\/2021\/10\/1633685726918.jpg?fit=1104%2C828&amp;ssl=1\" data-orig-size=\"1104,828\" data-comments-opened=\"1\" data-image-meta=\"{&quot;aperture&quot;:&quot;0&quot;,&quot;credit&quot;:&quot;&quot;,&quot;camera&quot;:&quot;&quot;,&quot;caption&quot;:&quot;&quot;,&quot;created_timestamp&quot;:&quot;0&quot;,&quot;copyright&quot;:&quot;&quot;,&quot;focal_length&quot;:&quot;0&quot;,&quot;iso&quot;:&quot;0&quot;,&quot;shutter_speed&quot;:&quot;0&quot;,&quot;title&quot;:&quot;&quot;,&quot;orientation&quot;:&quot;1&quot;}\" data-image-title=\"1633685726918\" data-image-description=\"\" data-image-caption=\"\" data-large-file=\"https:\/\/i0.wp.com\/blogs.lyceecfadumene.fr\/tyanheol\/files\/2021\/10\/1633685726918.jpg?fit=604%2C453&amp;ssl=1\" class=\"aligncenter size-full wp-image-3043\" src=\"https:\/\/i0.wp.com\/blogs.lyceecfadumene.fr\/tyanheol\/files\/2021\/10\/1633685726918.jpg?resize=604%2C453&#038;ssl=1\" alt=\"\" width=\"604\" height=\"453\" srcset=\"https:\/\/i0.wp.com\/blogs.lyceecfadumene.fr\/tyanheol\/files\/2021\/10\/1633685726918.jpg?w=1104&amp;ssl=1 1104w, https:\/\/i0.wp.com\/blogs.lyceecfadumene.fr\/tyanheol\/files\/2021\/10\/1633685726918.jpg?resize=300%2C225&amp;ssl=1 300w, https:\/\/i0.wp.com\/blogs.lyceecfadumene.fr\/tyanheol\/files\/2021\/10\/1633685726918.jpg?resize=1024%2C768&amp;ssl=1 1024w, https:\/\/i0.wp.com\/blogs.lyceecfadumene.fr\/tyanheol\/files\/2021\/10\/1633685726918.jpg?resize=768%2C576&amp;ssl=1 768w\" sizes=\"auto, (max-width: 604px) 100vw, 604px\" \/><\/a><\/p>\n<audio class=\"wp-audio-shortcode\" id=\"audio-3042-1\" preload=\"none\" style=\"width: 100%;\" controls=\"controls\"><source type=\"audio\/mpeg\" src=\"https:\/\/blogs.lyceecfadumene.fr\/tyanheol\/files\/2021\/10\/version-radio-raw-fini.mp3?_=1\" \/><a href=\"https:\/\/blogs.lyceecfadumene.fr\/tyanheol\/files\/2021\/10\/version-radio-raw-fini.mp3\">https:\/\/blogs.lyceecfadumene.fr\/tyanheol\/files\/2021\/10\/version-radio-raw-fini.mp3<\/a><\/audio>\n<p>Carla Pilliere, Antoine N\u00e9zot, Katell Le Tollec, Aymeric Arroyo, Tyl\u00e8ne Hamon, In\u00e8s Bejaoui, Fran\u00e7ois Groussard<\/p>\n","protected":false},"excerpt":{"rendered":"<p>Nous sommes partis en interview pour interroger les lyc\u00e9ens et le personnel sur le th\u00e8me \u00ab\u00a0Consommer autrement\u00a0\u00bb, qui nous suivra durant nos 2 ann\u00e9es de BTS. On a alors pr\u00e9par\u00e9 10 questions puis, avec l&rsquo;enregistreur num\u00e9rique, nous avons fait un micro trottoir. Nous avons tourn\u00e9 cela sous la forme d&rsquo;une \u00e9mission radio, dans laquelle In\u00e8s &hellip; <a href=\"https:\/\/blogs.lyceecfadumene.fr\/tyanheol\/2021\/10\/08\/radio-et-toc\/\" class=\"more-link\">Continuer la lecture de <span class=\"screen-reader-text\">Radio ET TOC !<\/span> <span class=\"meta-nav\">&rarr;<\/span><\/a><\/p>\n","protected":false},"author":43,"featured_media":0,"comment_status":"open","ping_status":"open","sticky":false,"template":"","format":"standard","meta":{"_jetpack_memberships_contains_paid_content":false,"footnotes":"","jetpack_publicize_message":"","jetpack_publicize_feature_enabled":true,"jetpack_social_post_already_shared":true,"jetpack_social_options":{"image_generator_settings":{"template":"highway","default_image_id":0,"font":"","enabled":false},"version":2}},"categories":[29435],"tags":[],"class_list":["post-3042","post","type-post","status-publish","format-standard","hentry","category-radio2"],"aioseo_notices":[],"jetpack_publicize_connections":[],"jetpack_featured_media_url":"","jetpack_shortlink":"https:\/\/wp.me\/p1SrOO-N4","jetpack_sharing_enabled":true,"_links":{"self":[{"href":"https:\/\/blogs.lyceecfadumene.fr\/tyanheol\/wp-json\/wp\/v2\/posts\/3042","targetHints":{"allow":["GET"]}}],"collection":[{"href":"https:\/\/blogs.lyceecfadumene.fr\/tyanheol\/wp-json\/wp\/v2\/posts"}],"about":[{"href":"https:\/\/blogs.lyceecfadumene.fr\/tyanheol\/wp-json\/wp\/v2\/types\/post"}],"author":[{"embeddable":true,"href":"https:\/\/blogs.lyceecfadumene.fr\/tyanheol\/wp-json\/wp\/v2\/users\/43"}],"replies":[{"embeddable":true,"href":"https:\/\/blogs.lyceecfadumene.fr\/tyanheol\/wp-json\/wp\/v2\/comments?post=3042"}],"version-history":[{"count":4,"href":"https:\/\/blogs.lyceecfadumene.fr\/tyanheol\/wp-json\/wp\/v2\/posts\/3042\/revisions"}],"predecessor-version":[{"id":3051,"href":"https:\/\/blogs.lyceecfadumene.fr\/tyanheol\/wp-json\/wp\/v2\/posts\/3042\/revisions\/3051"}],"wp:attachment":[{"href":"https:\/\/blogs.lyceecfadumene.fr\/tyanheol\/wp-json\/wp\/v2\/media?parent=3042"}],"wp:term":[{"taxonomy":"category","embeddable":true,"href":"https:\/\/blogs.lyceecfadumene.fr\/tyanheol\/wp-json\/wp\/v2\/categories?post=3042"},{"taxonomy":"post_tag","embeddable":true,"href":"https:\/\/blogs.lyceecfadumene.fr\/tyanheol\/wp-json\/wp\/v2\/tags?post=3042"}],"curies":[{"name":"wp","href":"https:\/\/api.w.org\/{rel}","templated":true}]}}