{"id":3036,"date":"2021-10-03T16:00:01","date_gmt":"2021-10-03T14:00:01","guid":{"rendered":"https:\/\/blogs.lyceecfadumene.fr\/tyanheol\/?p=3036"},"modified":"2022-04-03T17:57:15","modified_gmt":"2022-04-03T15:57:15","slug":"sante-et-developpement-durable-pour-les-secondes-cvpj","status":"publish","type":"post","link":"https:\/\/blogs.lyceecfadumene.fr\/tyanheol\/2021\/10\/03\/sante-et-developpement-durable-pour-les-secondes-cvpj\/","title":{"rendered":"Sant\u00e9 et D\u00e9veloppement Durable pour les Secondes CVPJ"},"content":{"rendered":"<p>Imaginez un troupeau de nains de jardin explorant les labyrinthes v\u00e9g\u00e9taux pieds nus et les yeux band\u00e9s ou dans la cime des arbres, au milieu d&rsquo;une collection de nains aux Jardins de Broc\u00e9liande \u00e0 Br\u00e9al sous-Montfort, en plein dans une d\u00e9marche de d\u00e9veloppement durable, c&rsquo;est le stage Sant\u00e9 et D\u00e9veloppement Durable des Secondes CVPJ, \u00e0 tel point qu&rsquo;ils en ont fait un jeu de 7 familles de nains de jardin autour du concept de \u00ab\u00a0jardin durable\u00a0\u00bb. Apprendre en s&rsquo;amusant. Que du bonheur !<\/p>\n<p><span class=\"embed-youtube\" style=\"text-align:center; display: block;\"><iframe loading=\"lazy\" class=\"youtube-player\" width=\"604\" height=\"340\" src=\"https:\/\/www.youtube.com\/embed\/n1aRw50Wk5A?version=3&#038;rel=1&#038;showsearch=0&#038;showinfo=1&#038;iv_load_policy=1&#038;fs=1&#038;hl=fr-FR&#038;autohide=2&#038;wmode=transparent\" allowfullscreen=\"true\" style=\"border:0;\" sandbox=\"allow-scripts allow-same-origin allow-popups allow-presentation allow-popups-to-escape-sandbox\"><\/iframe><\/span><\/p>\n","protected":false},"excerpt":{"rendered":"<p>Imaginez un troupeau de nains de jardin explorant les labyrinthes v\u00e9g\u00e9taux pieds nus et les yeux band\u00e9s ou dans la cime des arbres, au milieu d&rsquo;une collection de nains aux Jardins de Broc\u00e9liande \u00e0 Br\u00e9al sous-Montfort, en plein dans une d\u00e9marche de d\u00e9veloppement durable, c&rsquo;est le stage Sant\u00e9 et D\u00e9veloppement Durable des Secondes CVPJ, \u00e0 &hellip; <a href=\"https:\/\/blogs.lyceecfadumene.fr\/tyanheol\/2021\/10\/03\/sante-et-developpement-durable-pour-les-secondes-cvpj\/\" class=\"more-link\">Continuer la lecture de <span class=\"screen-reader-text\">Sant\u00e9 et D\u00e9veloppement Durable pour les Secondes CVPJ<\/span> <span class=\"meta-nav\">&rarr;<\/span><\/a><\/p>\n","protected":false},"author":97,"featured_media":0,"comment_status":"open","ping_status":"open","sticky":false,"template":"","format":"standard","meta":{"_jetpack_memberships_contains_paid_content":false,"footnotes":"","jetpack_publicize_message":"","jetpack_publicize_feature_enabled":true,"jetpack_social_post_already_shared":true,"jetpack_social_options":{"image_generator_settings":{"template":"highway","default_image_id":0,"font":"","enabled":false},"version":2}},"categories":[25439,1,9203,9177,29434,29432,314],"tags":[9190,25464,4,6,3645,25463,29423],"class_list":["post-3036","post","type-post","status-publish","format-standard","hentry","category-education-socioculturelle","category-non-classe","category-sante","category-sorties","category-sport2","category-video2","category-videos","tag-activites","tag-education-socioculturelle","tag-lycee","tag-merdrignac","tag-sortie","tag-sorties","tag-stage-sante-et-developpement-durable"],"aioseo_notices":[],"jetpack_publicize_connections":[],"jetpack_featured_media_url":"","jetpack_shortlink":"https:\/\/wp.me\/p1SrOO-MY","jetpack_sharing_enabled":true,"_links":{"self":[{"href":"https:\/\/blogs.lyceecfadumene.fr\/tyanheol\/wp-json\/wp\/v2\/posts\/3036","targetHints":{"allow":["GET"]}}],"collection":[{"href":"https:\/\/blogs.lyceecfadumene.fr\/tyanheol\/wp-json\/wp\/v2\/posts"}],"about":[{"href":"https:\/\/blogs.lyceecfadumene.fr\/tyanheol\/wp-json\/wp\/v2\/types\/post"}],"author":[{"embeddable":true,"href":"https:\/\/blogs.lyceecfadumene.fr\/tyanheol\/wp-json\/wp\/v2\/users\/97"}],"replies":[{"embeddable":true,"href":"https:\/\/blogs.lyceecfadumene.fr\/tyanheol\/wp-json\/wp\/v2\/comments?post=3036"}],"version-history":[{"count":3,"href":"https:\/\/blogs.lyceecfadumene.fr\/tyanheol\/wp-json\/wp\/v2\/posts\/3036\/revisions"}],"predecessor-version":[{"id":3039,"href":"https:\/\/blogs.lyceecfadumene.fr\/tyanheol\/wp-json\/wp\/v2\/posts\/3036\/revisions\/3039"}],"wp:attachment":[{"href":"https:\/\/blogs.lyceecfadumene.fr\/tyanheol\/wp-json\/wp\/v2\/media?parent=3036"}],"wp:term":[{"taxonomy":"category","embeddable":true,"href":"https:\/\/blogs.lyceecfadumene.fr\/tyanheol\/wp-json\/wp\/v2\/categories?post=3036"},{"taxonomy":"post_tag","embeddable":true,"href":"https:\/\/blogs.lyceecfadumene.fr\/tyanheol\/wp-json\/wp\/v2\/tags?post=3036"}],"curies":[{"name":"wp","href":"https:\/\/api.w.org\/{rel}","templated":true}]}}