{"id":3026,"date":"2021-10-03T13:22:35","date_gmt":"2021-10-03T11:22:35","guid":{"rendered":"https:\/\/blogs.lyceecfadumene.fr\/tyanheol\/?p=3026"},"modified":"2022-04-03T17:55:05","modified_gmt":"2022-04-03T15:55:05","slug":"premiere-sortie-pour-les-internes-et-ca-fait-du-bien-apres-tous-ces-confinements","status":"publish","type":"post","link":"https:\/\/blogs.lyceecfadumene.fr\/tyanheol\/2021\/10\/03\/premiere-sortie-pour-les-internes-et-ca-fait-du-bien-apres-tous-ces-confinements\/","title":{"rendered":"Premi\u00e8re sortie pour les internes, et \u00e7a fait du bien apr\u00e8s tous ces confinements !"},"content":{"rendered":"<p><span class=\"embed-youtube\" style=\"text-align:center; display: block;\"><iframe loading=\"lazy\" class=\"youtube-player\" width=\"604\" height=\"340\" src=\"https:\/\/www.youtube.com\/embed\/uDjNv35Temc?version=3&#038;rel=1&#038;showsearch=0&#038;showinfo=1&#038;iv_load_policy=1&#038;fs=1&#038;hl=fr-FR&#038;autohide=2&#038;wmode=transparent\" allowfullscreen=\"true\" style=\"border:0;\" sandbox=\"allow-scripts allow-same-origin allow-popups allow-presentation allow-popups-to-escape-sandbox\"><\/iframe><\/span><\/p>\n","protected":false},"excerpt":{"rendered":"","protected":false},"author":97,"featured_media":0,"comment_status":"open","ping_status":"open","sticky":false,"template":"","format":"standard","meta":{"_jetpack_memberships_contains_paid_content":false,"footnotes":"","jetpack_publicize_message":"","jetpack_publicize_feature_enabled":true,"jetpack_social_post_already_shared":true,"jetpack_social_options":{"image_generator_settings":{"template":"highway","default_image_id":0,"font":"","enabled":false},"version":2}},"categories":[27366,25439,1,9177,29432,314],"tags":[9190,9183,25464,8236,4,9197,6,3645,25463,9182,3643],"class_list":["post-3026","post","type-post","status-publish","format-standard","hentry","category-alesa-ty-an-heol","category-education-socioculturelle","category-non-classe","category-sorties","category-video2","category-videos","tag-activites","tag-base-de-loisirs","tag-education-socioculturelle","tag-foyer","tag-lycee","tag-mercredi","tag-merdrignac","tag-sortie","tag-sorties","tag-tremelin","tag-ty-an-heol"],"aioseo_notices":[],"jetpack_publicize_connections":[],"jetpack_featured_media_url":"","jetpack_shortlink":"https:\/\/wp.me\/p1SrOO-MO","jetpack_sharing_enabled":true,"_links":{"self":[{"href":"https:\/\/blogs.lyceecfadumene.fr\/tyanheol\/wp-json\/wp\/v2\/posts\/3026","targetHints":{"allow":["GET"]}}],"collection":[{"href":"https:\/\/blogs.lyceecfadumene.fr\/tyanheol\/wp-json\/wp\/v2\/posts"}],"about":[{"href":"https:\/\/blogs.lyceecfadumene.fr\/tyanheol\/wp-json\/wp\/v2\/types\/post"}],"author":[{"embeddable":true,"href":"https:\/\/blogs.lyceecfadumene.fr\/tyanheol\/wp-json\/wp\/v2\/users\/97"}],"replies":[{"embeddable":true,"href":"https:\/\/blogs.lyceecfadumene.fr\/tyanheol\/wp-json\/wp\/v2\/comments?post=3026"}],"version-history":[{"count":2,"href":"https:\/\/blogs.lyceecfadumene.fr\/tyanheol\/wp-json\/wp\/v2\/posts\/3026\/revisions"}],"predecessor-version":[{"id":3033,"href":"https:\/\/blogs.lyceecfadumene.fr\/tyanheol\/wp-json\/wp\/v2\/posts\/3026\/revisions\/3033"}],"wp:attachment":[{"href":"https:\/\/blogs.lyceecfadumene.fr\/tyanheol\/wp-json\/wp\/v2\/media?parent=3026"}],"wp:term":[{"taxonomy":"category","embeddable":true,"href":"https:\/\/blogs.lyceecfadumene.fr\/tyanheol\/wp-json\/wp\/v2\/categories?post=3026"},{"taxonomy":"post_tag","embeddable":true,"href":"https:\/\/blogs.lyceecfadumene.fr\/tyanheol\/wp-json\/wp\/v2\/tags?post=3026"}],"curies":[{"name":"wp","href":"https:\/\/api.w.org\/{rel}","templated":true}]}}