{"id":3023,"date":"2021-10-03T12:37:53","date_gmt":"2021-10-03T10:37:53","guid":{"rendered":"https:\/\/blogs.lyceecfadumene.fr\/tyanheol\/?p=3023"},"modified":"2022-04-03T17:55:05","modified_gmt":"2022-04-03T15:55:05","slug":"le-lycee-cfa-a-accueilli-ses-nouveaux-eleves","status":"publish","type":"post","link":"https:\/\/blogs.lyceecfadumene.fr\/tyanheol\/2021\/10\/03\/le-lycee-cfa-a-accueilli-ses-nouveaux-eleves\/","title":{"rendered":"Le Lyc\u00e9e-CFA a accueilli ses nouveaux \u00e9l\u00e8ves"},"content":{"rendered":"<p>Tous les ans, une \u00eele pour d\u00e9couvrir un territoire et son patrimoine, \u00e0 travers des activit\u00e9s favorisant les \u00e9changes, la connaissance, l&rsquo;entraide et la solidarit\u00e9 entre les classes !<\/p>\n<p><span class=\"embed-youtube\" style=\"text-align:center; display: block;\"><iframe loading=\"lazy\" class=\"youtube-player\" width=\"604\" height=\"340\" src=\"https:\/\/www.youtube.com\/embed\/4KdkFDG5EbQ?version=3&#038;rel=1&#038;showsearch=0&#038;showinfo=1&#038;iv_load_policy=1&#038;fs=1&#038;hl=fr-FR&#038;autohide=2&#038;wmode=transparent\" allowfullscreen=\"true\" style=\"border:0;\" sandbox=\"allow-scripts allow-same-origin allow-popups allow-presentation allow-popups-to-escape-sandbox\"><\/iframe><\/span><\/p>\n<p>&nbsp;<\/p>\n","protected":false},"excerpt":{"rendered":"<p>Tous les ans, une \u00eele pour d\u00e9couvrir un territoire et son patrimoine, \u00e0 travers des activit\u00e9s favorisant les \u00e9changes, la connaissance, l&rsquo;entraide et la solidarit\u00e9 entre les classes ! &nbsp;<\/p>\n","protected":false},"author":97,"featured_media":0,"comment_status":"open","ping_status":"open","sticky":false,"template":"","format":"standard","meta":{"_jetpack_memberships_contains_paid_content":false,"footnotes":"","jetpack_publicize_message":"","jetpack_publicize_feature_enabled":true,"jetpack_social_post_already_shared":true,"jetpack_social_options":{"image_generator_settings":{"template":"highway","default_image_id":0,"font":"","enabled":false},"version":2}},"categories":[25439,1,9177,29432,314],"tags":[9190,25464,3647,4,6,3645,25463,9182],"class_list":["post-3023","post","type-post","status-publish","format-standard","hentry","category-education-socioculturelle","category-non-classe","category-sorties","category-video2","category-videos","tag-activites","tag-education-socioculturelle","tag-integration","tag-lycee","tag-merdrignac","tag-sortie","tag-sorties","tag-tremelin"],"aioseo_notices":[],"jetpack_publicize_connections":[],"jetpack_featured_media_url":"","jetpack_shortlink":"https:\/\/wp.me\/p1SrOO-ML","jetpack_sharing_enabled":true,"_links":{"self":[{"href":"https:\/\/blogs.lyceecfadumene.fr\/tyanheol\/wp-json\/wp\/v2\/posts\/3023","targetHints":{"allow":["GET"]}}],"collection":[{"href":"https:\/\/blogs.lyceecfadumene.fr\/tyanheol\/wp-json\/wp\/v2\/posts"}],"about":[{"href":"https:\/\/blogs.lyceecfadumene.fr\/tyanheol\/wp-json\/wp\/v2\/types\/post"}],"author":[{"embeddable":true,"href":"https:\/\/blogs.lyceecfadumene.fr\/tyanheol\/wp-json\/wp\/v2\/users\/97"}],"replies":[{"embeddable":true,"href":"https:\/\/blogs.lyceecfadumene.fr\/tyanheol\/wp-json\/wp\/v2\/comments?post=3023"}],"version-history":[{"count":4,"href":"https:\/\/blogs.lyceecfadumene.fr\/tyanheol\/wp-json\/wp\/v2\/posts\/3023\/revisions"}],"predecessor-version":[{"id":3031,"href":"https:\/\/blogs.lyceecfadumene.fr\/tyanheol\/wp-json\/wp\/v2\/posts\/3023\/revisions\/3031"}],"wp:attachment":[{"href":"https:\/\/blogs.lyceecfadumene.fr\/tyanheol\/wp-json\/wp\/v2\/media?parent=3023"}],"wp:term":[{"taxonomy":"category","embeddable":true,"href":"https:\/\/blogs.lyceecfadumene.fr\/tyanheol\/wp-json\/wp\/v2\/categories?post=3023"},{"taxonomy":"post_tag","embeddable":true,"href":"https:\/\/blogs.lyceecfadumene.fr\/tyanheol\/wp-json\/wp\/v2\/tags?post=3023"}],"curies":[{"name":"wp","href":"https:\/\/api.w.org\/{rel}","templated":true}]}}