{"id":2979,"date":"2021-05-07T09:45:09","date_gmt":"2021-05-07T07:45:09","guid":{"rendered":"https:\/\/blogs.lyceecfadumene.fr\/tyanheol\/?p=2979"},"modified":"2021-05-07T09:45:09","modified_gmt":"2021-05-07T07:45:09","slug":"la-vie-confinee-des-etudiants","status":"publish","type":"post","link":"https:\/\/blogs.lyceecfadumene.fr\/tyanheol\/2021\/05\/07\/la-vie-confinee-des-etudiants\/","title":{"rendered":"La vie confin\u00e9e des \u00e9tudiants"},"content":{"rendered":"<p><em>Suite au discours du pr\u00e9sident<span style=\"color: #000000\"> de la R\u00e9publique du 31 mars 2021, nous avons \u00e9t\u00e9 oblig\u00e9s de revenir aux cours distanciels comme on a pu l\u2019\u00eatre en fin d\u2019ann\u00e9e scolaire 2020. Notre vie social se r\u00e9sume alors \u00e0 quelque heures par semaine de visioconf\u00e9rence derri\u00e8re un \u00e9cran, pour les \u00e9tudiants qui peuvent y participer. La crainte du virtuel est de retour, bouleversant une fois de plus le mode de vie des \u00e9tudiants.<\/span><\/em><\/p>\n<p>Pour y faire face, les professeurs des \u00e9tablissements scolaires ont essay\u00e9 d\u2019adapter aux mieux le suivi du cursus scolaire. En effet, diff\u00e9rents logiciels sont \u00e0 notre disposition pour garder un mode de fonctionnement proche des heures de cours habituelles. Le travail demand\u00e9 est consultable sur des logiciels comme<span style=\"color: #0000ff\">&nbsp;<a style=\"color: #0000ff\" href=\"https:\/\/www.toutatice.fr\/wayf\/?return=https:\/\/www.toutatice.fr\/idp\/Authn\/RemoteUser\/Shibboleth.sso\/Login?SAMLDS=1&amp;target=ss%3Amem%3A01746554183042949fe31ed6da43e3a7efddcd0f115059e203b85d8b765fbd3e\" target=\"_blank\" rel=\"noopener\"> Pronote<\/a><\/span> ou Ypareo, mais peut \u00eatre \u00e9galement disponible par mail ou sur Moodle. Certains professeurs organisent aussi q<a href=\"https:\/\/i0.wp.com\/blogs.lyceecfadumene.fr\/tyanheol\/files\/2021\/05\/photo-mil-600-de-large.jpg?ssl=1\"><img data-recalc-dims=\"1\" loading=\"lazy\" decoding=\"async\" data-attachment-id=\"2984\" data-permalink=\"https:\/\/blogs.lyceecfadumene.fr\/tyanheol\/2021\/05\/07\/la-vie-confinee-des-etudiants\/photo-mil-600-de-large\/\" data-orig-file=\"https:\/\/i0.wp.com\/blogs.lyceecfadumene.fr\/tyanheol\/files\/2021\/05\/photo-mil-600-de-large.jpg?fit=600%2C450&amp;ssl=1\" data-orig-size=\"600,450\" data-comments-opened=\"1\" data-image-meta=\"{&quot;aperture&quot;:&quot;0&quot;,&quot;credit&quot;:&quot;&quot;,&quot;camera&quot;:&quot;&quot;,&quot;caption&quot;:&quot;&quot;,&quot;created_timestamp&quot;:&quot;0&quot;,&quot;copyright&quot;:&quot;&quot;,&quot;focal_length&quot;:&quot;0&quot;,&quot;iso&quot;:&quot;0&quot;,&quot;shutter_speed&quot;:&quot;0&quot;,&quot;title&quot;:&quot;&quot;,&quot;orientation&quot;:&quot;0&quot;}\" data-image-title=\"photo mil 600 de large\" data-image-description=\"\" data-image-caption=\"\" data-large-file=\"https:\/\/i0.wp.com\/blogs.lyceecfadumene.fr\/tyanheol\/files\/2021\/05\/photo-mil-600-de-large.jpg?fit=600%2C450&amp;ssl=1\" class=\"wp-image-2984 alignright\" src=\"https:\/\/i0.wp.com\/blogs.lyceecfadumene.fr\/tyanheol\/files\/2021\/05\/photo-mil-600-de-large.jpg?resize=180%2C135&#038;ssl=1\" alt=\"\" width=\"180\" height=\"135\" srcset=\"https:\/\/i0.wp.com\/blogs.lyceecfadumene.fr\/tyanheol\/files\/2021\/05\/photo-mil-600-de-large.jpg?w=600&amp;ssl=1 600w, https:\/\/i0.wp.com\/blogs.lyceecfadumene.fr\/tyanheol\/files\/2021\/05\/photo-mil-600-de-large.jpg?resize=300%2C225&amp;ssl=1 300w\" sizes=\"auto, (max-width: 180px) 100vw, 180px\" \/><\/a>uelques visioconf\u00e9rences sur Zoom ou sur Blackboard, ce qui permet de reconstituer la classe de fa\u00e7on virtuelle mais c&rsquo;est beaucoup moins vivant. Malgr\u00e9 ces moyens mis \u00e0 la disposition des \u00e9tudiants, leur mode de vie reste chamboul\u00e9 et peut m\u00eame les d\u00e9motiver.&nbsp;<\/p>\n<p>De nombreux probl\u00e8mes s\u2019ajoutent :<\/p>\n<ul>\n<li><strong>La vie sociale de l\u2019\u00e9tudiant :<br \/>\n<\/strong><\/li>\n<\/ul>\n<p>Ces restrictions impos\u00e9es nous limitaient \u00e0 sortir \u00e0 moins de 10 kilom\u00e8tres de chez nous avec un couvre-feu, ce qui signifiait moins de contacts et de loisirs avec ses proches.<\/p>\n<ul>\n<li><strong>Des probl\u00e8mes de compr\u00e9hension :<\/strong><\/li>\n<\/ul>\n<p>Les professeurs n\u2019\u00e9tant pas avec nous, les cours en distanciel sont parfois compliqu\u00e9s \u00e0 suivre. Les \u00e9l\u00e8ves ayant des difficult\u00e9s dans certaines mati\u00e8res ne parviennent pas \u00e0 comprendre totalement certaines le\u00e7ons qui peuvent \u00eatre dures \u00e0 assimiler. Malgr\u00e9 l\u2019aide de nos enseignants, ils ne peuvent pas g\u00e9rer une vingtaine d\u2019\u00e9l\u00e8ves en direct-live sur leurs \u00e9crans. Pour r\u00e9sumer, la communication entre professeurs et \u00e9l\u00e8ves peut para\u00eetre tr\u00e8s compliqu\u00e9e et parfois impossible.<\/p>\n<ul>\n<li><strong>Le manque de moyen :<\/strong><\/li>\n<\/ul>\n<p>Les visioconf\u00e9rences \u00e9tant le peu de vie social li\u00e9 \u00e0 notre scolarit\u00e9 restant, il faut encore disposer d\u2019un ordinateur et d&rsquo;une connexion fiable pour en b\u00e9n\u00e9ficier. Ces 2 \u00e9l\u00e9ments sont indispensables de nos jours pour un mode de travail correct. Cependant, certains \u00e9l\u00e8ves n\u2019ayant pas ces conditions se retrouvent d\u00e9munis et ne parviennent pas \u00e0 travailler dans de bonnes conditions. Ils sont alors presque mis de c\u00f4t\u00e9 par l&rsquo;enseignement en g\u00e9n\u00e9ral.<\/p>\n<p>Il y a cependant quelques points positifs comme la fin du port du masque toute la journ\u00e9e ou le fait de travailler quand on veut. Nous vous souhaitons \u00e0 tous du courage et de l\u2019ambition pour continuer en ces temps difficiles !<\/p>\n<p><span style=\"color: #0000ff\"><a style=\"color: #0000ff\" href=\"https:\/\/www.lycee-merdrignac.educagri.fr\/le-btsa-technico-commercial-animalerie.html\" target=\"_blank\" rel=\"noopener\">Les \u00e9tudian<\/a>ts<\/span> Lucas Cailloce, Maxime Delourme, Jade Guyodo, Evan Lebrun, Laura Henry, Ma\u00ebva Desert et Brice Morin.<\/p>\n","protected":false},"excerpt":{"rendered":"<p>Suite au discours du pr\u00e9sident de la R\u00e9publique du 31 mars 2021, nous avons \u00e9t\u00e9 oblig\u00e9s de revenir aux cours distanciels comme on a pu l\u2019\u00eatre en fin d\u2019ann\u00e9e scolaire 2020. Notre vie social se r\u00e9sume alors \u00e0 quelque heures par semaine de visioconf\u00e9rence derri\u00e8re un \u00e9cran, pour les \u00e9tudiants qui peuvent y participer. La &hellip; <a href=\"https:\/\/blogs.lyceecfadumene.fr\/tyanheol\/2021\/05\/07\/la-vie-confinee-des-etudiants\/\" class=\"more-link\">Continuer la lecture de <span class=\"screen-reader-text\">La vie confin\u00e9e des \u00e9tudiants<\/span> <span class=\"meta-nav\">&rarr;<\/span><\/a><\/p>\n","protected":false},"author":43,"featured_media":0,"comment_status":"open","ping_status":"open","sticky":false,"template":"","format":"standard","meta":{"_jetpack_memberships_contains_paid_content":false,"footnotes":"","jetpack_publicize_message":"","jetpack_publicize_feature_enabled":true,"jetpack_social_post_already_shared":true,"jetpack_social_options":{"image_generator_settings":{"template":"highway","default_image_id":0,"font":"","enabled":false},"version":2}},"categories":[1,9203],"tags":[27213,28787,29420,29421,28785],"class_list":["post-2979","post","type-post","status-publish","format-standard","hentry","category-non-classe","category-sante","tag-confinement","tag-covid","tag-crise-sanitaire","tag-distanciel","tag-etudiant"],"aioseo_notices":[],"jetpack_publicize_connections":[],"jetpack_featured_media_url":"","jetpack_shortlink":"https:\/\/wp.me\/p1SrOO-M3","jetpack_sharing_enabled":true,"_links":{"self":[{"href":"https:\/\/blogs.lyceecfadumene.fr\/tyanheol\/wp-json\/wp\/v2\/posts\/2979","targetHints":{"allow":["GET"]}}],"collection":[{"href":"https:\/\/blogs.lyceecfadumene.fr\/tyanheol\/wp-json\/wp\/v2\/posts"}],"about":[{"href":"https:\/\/blogs.lyceecfadumene.fr\/tyanheol\/wp-json\/wp\/v2\/types\/post"}],"author":[{"embeddable":true,"href":"https:\/\/blogs.lyceecfadumene.fr\/tyanheol\/wp-json\/wp\/v2\/users\/43"}],"replies":[{"embeddable":true,"href":"https:\/\/blogs.lyceecfadumene.fr\/tyanheol\/wp-json\/wp\/v2\/comments?post=2979"}],"version-history":[{"count":5,"href":"https:\/\/blogs.lyceecfadumene.fr\/tyanheol\/wp-json\/wp\/v2\/posts\/2979\/revisions"}],"predecessor-version":[{"id":2989,"href":"https:\/\/blogs.lyceecfadumene.fr\/tyanheol\/wp-json\/wp\/v2\/posts\/2979\/revisions\/2989"}],"wp:attachment":[{"href":"https:\/\/blogs.lyceecfadumene.fr\/tyanheol\/wp-json\/wp\/v2\/media?parent=2979"}],"wp:term":[{"taxonomy":"category","embeddable":true,"href":"https:\/\/blogs.lyceecfadumene.fr\/tyanheol\/wp-json\/wp\/v2\/categories?post=2979"},{"taxonomy":"post_tag","embeddable":true,"href":"https:\/\/blogs.lyceecfadumene.fr\/tyanheol\/wp-json\/wp\/v2\/tags?post=2979"}],"curies":[{"name":"wp","href":"https:\/\/api.w.org\/{rel}","templated":true}]}}