{"id":2962,"date":"2021-04-01T11:58:00","date_gmt":"2021-04-01T09:58:00","guid":{"rendered":"https:\/\/blogs.lyceecfadumene.fr\/tyanheol\/?p=2962"},"modified":"2021-04-01T11:58:00","modified_gmt":"2021-04-01T09:58:00","slug":"sortie-magique-avant-le-rerereconfinement","status":"publish","type":"post","link":"https:\/\/blogs.lyceecfadumene.fr\/tyanheol\/2021\/04\/01\/sortie-magique-avant-le-rerereconfinement\/","title":{"rendered":"Sortie magique avant le rerereconfinement"},"content":{"rendered":"<p>Tout le monde conna\u00eet Kaamelott mais saviez-vous que tous ses personnages ont v\u00e9cu \u00e0 25 km du Lyc\u00e9e du Men\u00e9, dans la for\u00eat magique de Broc\u00e9liande ? Attention, \u00e0 chaque fois que l&rsquo;on dit que les f\u00e9es n&rsquo;existent pas, il y a une f\u00e9e qui meurt.<\/p>\n<figure id=\"attachment_2963\" aria-describedby=\"caption-attachment-2963\" style=\"width: 300px\" class=\"wp-caption alignnone\"><img data-recalc-dims=\"1\" loading=\"lazy\" decoding=\"async\" data-attachment-id=\"2963\" data-permalink=\"https:\/\/blogs.lyceecfadumene.fr\/tyanheol\/2021\/04\/01\/sortie-magique-avant-le-rerereconfinement\/bty-6\/\" data-orig-file=\"https:\/\/i0.wp.com\/blogs.lyceecfadumene.fr\/tyanheol\/files\/2021\/04\/IMG_20210331_151812-scaled.jpg?fit=2560%2C1920&amp;ssl=1\" data-orig-size=\"2560,1920\" data-comments-opened=\"1\" data-image-meta=\"{&quot;aperture&quot;:&quot;2.2&quot;,&quot;credit&quot;:&quot;&quot;,&quot;camera&quot;:&quot;BLN-L21&quot;,&quot;caption&quot;:&quot;bty&quot;,&quot;created_timestamp&quot;:&quot;1617203893&quot;,&quot;copyright&quot;:&quot;&quot;,&quot;focal_length&quot;:&quot;3.83&quot;,&quot;iso&quot;:&quot;50&quot;,&quot;shutter_speed&quot;:&quot;0.00678&quot;,&quot;title&quot;:&quot;bty&quot;,&quot;orientation&quot;:&quot;0&quot;}\" data-image-title=\"bty\" data-image-description=\"\" data-image-caption=\"&lt;p&gt;bty&lt;\/p&gt;\n\" data-large-file=\"https:\/\/i0.wp.com\/blogs.lyceecfadumene.fr\/tyanheol\/files\/2021\/04\/IMG_20210331_151812-scaled.jpg?fit=604%2C453&amp;ssl=1\" class=\"size-medium wp-image-2963\" src=\"https:\/\/i0.wp.com\/blogs.lyceecfadumene.fr\/tyanheol\/files\/2021\/04\/IMG_20210331_151812-300x225.jpg?resize=300%2C225&#038;ssl=1\" alt=\"\" width=\"300\" height=\"225\" srcset=\"https:\/\/i0.wp.com\/blogs.lyceecfadumene.fr\/tyanheol\/files\/2021\/04\/IMG_20210331_151812-scaled.jpg?resize=300%2C225&amp;ssl=1 300w, https:\/\/i0.wp.com\/blogs.lyceecfadumene.fr\/tyanheol\/files\/2021\/04\/IMG_20210331_151812-scaled.jpg?resize=1024%2C768&amp;ssl=1 1024w, https:\/\/i0.wp.com\/blogs.lyceecfadumene.fr\/tyanheol\/files\/2021\/04\/IMG_20210331_151812-scaled.jpg?resize=768%2C576&amp;ssl=1 768w, https:\/\/i0.wp.com\/blogs.lyceecfadumene.fr\/tyanheol\/files\/2021\/04\/IMG_20210331_151812-scaled.jpg?resize=1536%2C1152&amp;ssl=1 1536w, https:\/\/i0.wp.com\/blogs.lyceecfadumene.fr\/tyanheol\/files\/2021\/04\/IMG_20210331_151812-scaled.jpg?resize=2048%2C1536&amp;ssl=1 2048w, https:\/\/i0.wp.com\/blogs.lyceecfadumene.fr\/tyanheol\/files\/2021\/04\/IMG_20210331_151812-scaled.jpg?w=1208 1208w, https:\/\/i0.wp.com\/blogs.lyceecfadumene.fr\/tyanheol\/files\/2021\/04\/IMG_20210331_151812-scaled.jpg?w=1812 1812w\" sizes=\"auto, (max-width: 300px) 100vw, 300px\" \/><figcaption id=\"caption-attachment-2963\" class=\"wp-caption-text\">L&rsquo;arbre d&rsquo;or, en m\u00e9moire d&rsquo;un incendie ravageur, serait l&rsquo;incarnation de Merlin l&rsquo;Enchanteur<\/figcaption><\/figure>\n<figure id=\"attachment_2964\" aria-describedby=\"caption-attachment-2964\" style=\"width: 169px\" class=\"wp-caption alignnone\"><img data-recalc-dims=\"1\" loading=\"lazy\" decoding=\"async\" data-attachment-id=\"2964\" data-permalink=\"https:\/\/blogs.lyceecfadumene.fr\/tyanheol\/2021\/04\/01\/sortie-magique-avant-le-rerereconfinement\/bty-7\/\" data-orig-file=\"https:\/\/i0.wp.com\/blogs.lyceecfadumene.fr\/tyanheol\/files\/2021\/04\/IMG_20210331_152755-scaled.jpg?fit=1445%2C2560&amp;ssl=1\" data-orig-size=\"1445,2560\" data-comments-opened=\"1\" data-image-meta=\"{&quot;aperture&quot;:&quot;2.2&quot;,&quot;credit&quot;:&quot;&quot;,&quot;camera&quot;:&quot;BLN-L21&quot;,&quot;caption&quot;:&quot;bty&quot;,&quot;created_timestamp&quot;:&quot;1617204476&quot;,&quot;copyright&quot;:&quot;&quot;,&quot;focal_length&quot;:&quot;3.83&quot;,&quot;iso&quot;:&quot;50&quot;,&quot;shutter_speed&quot;:&quot;0.004503&quot;,&quot;title&quot;:&quot;bty&quot;,&quot;orientation&quot;:&quot;0&quot;}\" data-image-title=\"bty\" data-image-description=\"\" data-image-caption=\"&lt;p&gt;bty&lt;\/p&gt;\n\" data-large-file=\"https:\/\/i0.wp.com\/blogs.lyceecfadumene.fr\/tyanheol\/files\/2021\/04\/IMG_20210331_152755-scaled.jpg?fit=578%2C1024&amp;ssl=1\" class=\"size-medium wp-image-2964\" src=\"https:\/\/i0.wp.com\/blogs.lyceecfadumene.fr\/tyanheol\/files\/2021\/04\/IMG_20210331_152755-169x300.jpg?resize=169%2C300&#038;ssl=1\" alt=\"\" width=\"169\" height=\"300\" srcset=\"https:\/\/i0.wp.com\/blogs.lyceecfadumene.fr\/tyanheol\/files\/2021\/04\/IMG_20210331_152755-scaled.jpg?resize=169%2C300&amp;ssl=1 169w, https:\/\/i0.wp.com\/blogs.lyceecfadumene.fr\/tyanheol\/files\/2021\/04\/IMG_20210331_152755-scaled.jpg?resize=578%2C1024&amp;ssl=1 578w, https:\/\/i0.wp.com\/blogs.lyceecfadumene.fr\/tyanheol\/files\/2021\/04\/IMG_20210331_152755-scaled.jpg?resize=768%2C1360&amp;ssl=1 768w, https:\/\/i0.wp.com\/blogs.lyceecfadumene.fr\/tyanheol\/files\/2021\/04\/IMG_20210331_152755-scaled.jpg?resize=867%2C1536&amp;ssl=1 867w, https:\/\/i0.wp.com\/blogs.lyceecfadumene.fr\/tyanheol\/files\/2021\/04\/IMG_20210331_152755-scaled.jpg?resize=1156%2C2048&amp;ssl=1 1156w, https:\/\/i0.wp.com\/blogs.lyceecfadumene.fr\/tyanheol\/files\/2021\/04\/IMG_20210331_152755-scaled.jpg?w=1445&amp;ssl=1 1445w, https:\/\/i0.wp.com\/blogs.lyceecfadumene.fr\/tyanheol\/files\/2021\/04\/IMG_20210331_152755-scaled.jpg?w=1208 1208w\" sizes=\"auto, (max-width: 169px) 100vw, 169px\" \/><figcaption id=\"caption-attachment-2964\" class=\"wp-caption-text\">Le Miroir aux F\u00e9es abrite de pauvres \u00e2mes qui ne peuvent appara\u00eetre que la nuit<\/figcaption><\/figure>\n<figure id=\"attachment_2965\" aria-describedby=\"caption-attachment-2965\" style=\"width: 300px\" class=\"wp-caption alignnone\"><img data-recalc-dims=\"1\" loading=\"lazy\" decoding=\"async\" data-attachment-id=\"2965\" data-permalink=\"https:\/\/blogs.lyceecfadumene.fr\/tyanheol\/2021\/04\/01\/sortie-magique-avant-le-rerereconfinement\/bdr-2\/\" data-orig-file=\"https:\/\/i0.wp.com\/blogs.lyceecfadumene.fr\/tyanheol\/files\/2021\/04\/IMG_20210331_154858-scaled.jpg?fit=2560%2C1445&amp;ssl=1\" data-orig-size=\"2560,1445\" data-comments-opened=\"1\" data-image-meta=\"{&quot;aperture&quot;:&quot;2.2&quot;,&quot;credit&quot;:&quot;&quot;,&quot;camera&quot;:&quot;BLN-L21&quot;,&quot;caption&quot;:&quot;bdr&quot;,&quot;created_timestamp&quot;:&quot;1617205741&quot;,&quot;copyright&quot;:&quot;&quot;,&quot;focal_length&quot;:&quot;3.83&quot;,&quot;iso&quot;:&quot;50&quot;,&quot;shutter_speed&quot;:&quot;0.005006&quot;,&quot;title&quot;:&quot;bdr&quot;,&quot;orientation&quot;:&quot;0&quot;}\" data-image-title=\"bdr\" data-image-description=\"\" data-image-caption=\"&lt;p&gt;bdr&lt;\/p&gt;\n\" data-large-file=\"https:\/\/i0.wp.com\/blogs.lyceecfadumene.fr\/tyanheol\/files\/2021\/04\/IMG_20210331_154858-scaled.jpg?fit=604%2C341&amp;ssl=1\" class=\"size-medium wp-image-2965\" src=\"https:\/\/i0.wp.com\/blogs.lyceecfadumene.fr\/tyanheol\/files\/2021\/04\/IMG_20210331_154858-300x169.jpg?resize=300%2C169&#038;ssl=1\" alt=\"\" width=\"300\" height=\"169\" srcset=\"https:\/\/i0.wp.com\/blogs.lyceecfadumene.fr\/tyanheol\/files\/2021\/04\/IMG_20210331_154858-scaled.jpg?resize=300%2C169&amp;ssl=1 300w, https:\/\/i0.wp.com\/blogs.lyceecfadumene.fr\/tyanheol\/files\/2021\/04\/IMG_20210331_154858-scaled.jpg?resize=1024%2C578&amp;ssl=1 1024w, https:\/\/i0.wp.com\/blogs.lyceecfadumene.fr\/tyanheol\/files\/2021\/04\/IMG_20210331_154858-scaled.jpg?resize=768%2C434&amp;ssl=1 768w, https:\/\/i0.wp.com\/blogs.lyceecfadumene.fr\/tyanheol\/files\/2021\/04\/IMG_20210331_154858-scaled.jpg?resize=1536%2C867&amp;ssl=1 1536w, https:\/\/i0.wp.com\/blogs.lyceecfadumene.fr\/tyanheol\/files\/2021\/04\/IMG_20210331_154858-scaled.jpg?resize=2048%2C1156&amp;ssl=1 2048w, https:\/\/i0.wp.com\/blogs.lyceecfadumene.fr\/tyanheol\/files\/2021\/04\/IMG_20210331_154858-scaled.jpg?w=1208 1208w, https:\/\/i0.wp.com\/blogs.lyceecfadumene.fr\/tyanheol\/files\/2021\/04\/IMG_20210331_154858-scaled.jpg?w=1812 1812w\" sizes=\"auto, (max-width: 300px) 100vw, 300px\" \/><figcaption id=\"caption-attachment-2965\" class=\"wp-caption-text\">Le Val Sans Retour emprisonne tous les hommes infid\u00e8les<\/figcaption><\/figure>\n<figure id=\"attachment_2966\" aria-describedby=\"caption-attachment-2966\" style=\"width: 300px\" class=\"wp-caption alignnone\"><img data-recalc-dims=\"1\" loading=\"lazy\" decoding=\"async\" data-attachment-id=\"2966\" data-permalink=\"https:\/\/blogs.lyceecfadumene.fr\/tyanheol\/2021\/04\/01\/sortie-magique-avant-le-rerereconfinement\/bdr-3\/\" data-orig-file=\"https:\/\/i0.wp.com\/blogs.lyceecfadumene.fr\/tyanheol\/files\/2021\/04\/IMG_20210331_155402-scaled.jpg?fit=2560%2C1445&amp;ssl=1\" data-orig-size=\"2560,1445\" data-comments-opened=\"1\" data-image-meta=\"{&quot;aperture&quot;:&quot;2.2&quot;,&quot;credit&quot;:&quot;&quot;,&quot;camera&quot;:&quot;BLN-L21&quot;,&quot;caption&quot;:&quot;bdr&quot;,&quot;created_timestamp&quot;:&quot;1617206043&quot;,&quot;copyright&quot;:&quot;&quot;,&quot;focal_length&quot;:&quot;3.83&quot;,&quot;iso&quot;:&quot;50&quot;,&quot;shutter_speed&quot;:&quot;0.00278&quot;,&quot;title&quot;:&quot;bdr&quot;,&quot;orientation&quot;:&quot;0&quot;}\" data-image-title=\"bdr\" data-image-description=\"\" data-image-caption=\"&lt;p&gt;bdr&lt;\/p&gt;\n\" data-large-file=\"https:\/\/i0.wp.com\/blogs.lyceecfadumene.fr\/tyanheol\/files\/2021\/04\/IMG_20210331_155402-scaled.jpg?fit=604%2C341&amp;ssl=1\" class=\"size-medium wp-image-2966\" src=\"https:\/\/i0.wp.com\/blogs.lyceecfadumene.fr\/tyanheol\/files\/2021\/04\/IMG_20210331_155402-300x169.jpg?resize=300%2C169&#038;ssl=1\" alt=\"\" width=\"300\" height=\"169\" srcset=\"https:\/\/i0.wp.com\/blogs.lyceecfadumene.fr\/tyanheol\/files\/2021\/04\/IMG_20210331_155402-scaled.jpg?resize=300%2C169&amp;ssl=1 300w, https:\/\/i0.wp.com\/blogs.lyceecfadumene.fr\/tyanheol\/files\/2021\/04\/IMG_20210331_155402-scaled.jpg?resize=1024%2C578&amp;ssl=1 1024w, https:\/\/i0.wp.com\/blogs.lyceecfadumene.fr\/tyanheol\/files\/2021\/04\/IMG_20210331_155402-scaled.jpg?resize=768%2C434&amp;ssl=1 768w, https:\/\/i0.wp.com\/blogs.lyceecfadumene.fr\/tyanheol\/files\/2021\/04\/IMG_20210331_155402-scaled.jpg?resize=1536%2C867&amp;ssl=1 1536w, https:\/\/i0.wp.com\/blogs.lyceecfadumene.fr\/tyanheol\/files\/2021\/04\/IMG_20210331_155402-scaled.jpg?resize=2048%2C1156&amp;ssl=1 2048w, https:\/\/i0.wp.com\/blogs.lyceecfadumene.fr\/tyanheol\/files\/2021\/04\/IMG_20210331_155402-scaled.jpg?w=1208 1208w, https:\/\/i0.wp.com\/blogs.lyceecfadumene.fr\/tyanheol\/files\/2021\/04\/IMG_20210331_155402-scaled.jpg?w=1812 1812w\" sizes=\"auto, (max-width: 300px) 100vw, 300px\" \/><figcaption id=\"caption-attachment-2966\" class=\"wp-caption-text\">Ces rochers sont deux amants p\u00e9trifi\u00e9s pour l&rsquo;\u00e9ternit\u00e9<\/figcaption><\/figure>\n<figure id=\"attachment_2967\" aria-describedby=\"caption-attachment-2967\" style=\"width: 300px\" class=\"wp-caption alignnone\"><img data-recalc-dims=\"1\" loading=\"lazy\" decoding=\"async\" data-attachment-id=\"2967\" data-permalink=\"https:\/\/blogs.lyceecfadumene.fr\/tyanheol\/2021\/04\/01\/sortie-magique-avant-le-rerereconfinement\/bdr-4\/\" data-orig-file=\"https:\/\/i0.wp.com\/blogs.lyceecfadumene.fr\/tyanheol\/files\/2021\/04\/IMG_20210331_155826-scaled.jpg?fit=2560%2C1445&amp;ssl=1\" data-orig-size=\"2560,1445\" data-comments-opened=\"1\" data-image-meta=\"{&quot;aperture&quot;:&quot;2.2&quot;,&quot;credit&quot;:&quot;&quot;,&quot;camera&quot;:&quot;BLN-L21&quot;,&quot;caption&quot;:&quot;bdr&quot;,&quot;created_timestamp&quot;:&quot;1617206308&quot;,&quot;copyright&quot;:&quot;&quot;,&quot;focal_length&quot;:&quot;3.83&quot;,&quot;iso&quot;:&quot;50&quot;,&quot;shutter_speed&quot;:&quot;0.002057&quot;,&quot;title&quot;:&quot;bdr&quot;,&quot;orientation&quot;:&quot;0&quot;}\" data-image-title=\"bdr\" data-image-description=\"\" data-image-caption=\"&lt;p&gt;bdr&lt;\/p&gt;\n\" data-large-file=\"https:\/\/i0.wp.com\/blogs.lyceecfadumene.fr\/tyanheol\/files\/2021\/04\/IMG_20210331_155826-scaled.jpg?fit=604%2C341&amp;ssl=1\" class=\"size-medium wp-image-2967\" src=\"https:\/\/i0.wp.com\/blogs.lyceecfadumene.fr\/tyanheol\/files\/2021\/04\/IMG_20210331_155826-300x169.jpg?resize=300%2C169&#038;ssl=1\" alt=\"\" width=\"300\" height=\"169\" srcset=\"https:\/\/i0.wp.com\/blogs.lyceecfadumene.fr\/tyanheol\/files\/2021\/04\/IMG_20210331_155826-scaled.jpg?resize=300%2C169&amp;ssl=1 300w, https:\/\/i0.wp.com\/blogs.lyceecfadumene.fr\/tyanheol\/files\/2021\/04\/IMG_20210331_155826-scaled.jpg?resize=1024%2C578&amp;ssl=1 1024w, https:\/\/i0.wp.com\/blogs.lyceecfadumene.fr\/tyanheol\/files\/2021\/04\/IMG_20210331_155826-scaled.jpg?resize=768%2C434&amp;ssl=1 768w, https:\/\/i0.wp.com\/blogs.lyceecfadumene.fr\/tyanheol\/files\/2021\/04\/IMG_20210331_155826-scaled.jpg?resize=1536%2C867&amp;ssl=1 1536w, https:\/\/i0.wp.com\/blogs.lyceecfadumene.fr\/tyanheol\/files\/2021\/04\/IMG_20210331_155826-scaled.jpg?resize=2048%2C1156&amp;ssl=1 2048w, https:\/\/i0.wp.com\/blogs.lyceecfadumene.fr\/tyanheol\/files\/2021\/04\/IMG_20210331_155826-scaled.jpg?w=1208 1208w, https:\/\/i0.wp.com\/blogs.lyceecfadumene.fr\/tyanheol\/files\/2021\/04\/IMG_20210331_155826-scaled.jpg?w=1812 1812w\" sizes=\"auto, (max-width: 300px) 100vw, 300px\" \/><figcaption id=\"caption-attachment-2967\" class=\"wp-caption-text\">Le Moyen-\u00e2ge, c&rsquo;est aussi de preux chevaliers qui terrassent les dragons. Vous le voyez, l\u00e0 ?<\/figcaption><\/figure>\n<figure id=\"attachment_2968\" aria-describedby=\"caption-attachment-2968\" style=\"width: 169px\" class=\"wp-caption alignnone\"><img data-recalc-dims=\"1\" loading=\"lazy\" decoding=\"async\" data-attachment-id=\"2968\" data-permalink=\"https:\/\/blogs.lyceecfadumene.fr\/tyanheol\/2021\/04\/01\/sortie-magique-avant-le-rerereconfinement\/bty-8\/\" data-orig-file=\"https:\/\/i0.wp.com\/blogs.lyceecfadumene.fr\/tyanheol\/files\/2021\/04\/IMG_20210331_161017-scaled.jpg?fit=1445%2C2560&amp;ssl=1\" data-orig-size=\"1445,2560\" data-comments-opened=\"1\" data-image-meta=\"{&quot;aperture&quot;:&quot;2.2&quot;,&quot;credit&quot;:&quot;&quot;,&quot;camera&quot;:&quot;BLN-L21&quot;,&quot;caption&quot;:&quot;bty&quot;,&quot;created_timestamp&quot;:&quot;1617207018&quot;,&quot;copyright&quot;:&quot;&quot;,&quot;focal_length&quot;:&quot;3.83&quot;,&quot;iso&quot;:&quot;50&quot;,&quot;shutter_speed&quot;:&quot;0.002958&quot;,&quot;title&quot;:&quot;bty&quot;,&quot;orientation&quot;:&quot;0&quot;}\" data-image-title=\"bty\" data-image-description=\"\" data-image-caption=\"&lt;p&gt;bty&lt;\/p&gt;\n\" data-large-file=\"https:\/\/i0.wp.com\/blogs.lyceecfadumene.fr\/tyanheol\/files\/2021\/04\/IMG_20210331_161017-scaled.jpg?fit=578%2C1024&amp;ssl=1\" class=\"size-medium wp-image-2968\" src=\"https:\/\/i0.wp.com\/blogs.lyceecfadumene.fr\/tyanheol\/files\/2021\/04\/IMG_20210331_161017-169x300.jpg?resize=169%2C300&#038;ssl=1\" alt=\"\" width=\"169\" height=\"300\" srcset=\"https:\/\/i0.wp.com\/blogs.lyceecfadumene.fr\/tyanheol\/files\/2021\/04\/IMG_20210331_161017-scaled.jpg?resize=169%2C300&amp;ssl=1 169w, https:\/\/i0.wp.com\/blogs.lyceecfadumene.fr\/tyanheol\/files\/2021\/04\/IMG_20210331_161017-scaled.jpg?resize=578%2C1024&amp;ssl=1 578w, https:\/\/i0.wp.com\/blogs.lyceecfadumene.fr\/tyanheol\/files\/2021\/04\/IMG_20210331_161017-scaled.jpg?resize=768%2C1360&amp;ssl=1 768w, https:\/\/i0.wp.com\/blogs.lyceecfadumene.fr\/tyanheol\/files\/2021\/04\/IMG_20210331_161017-scaled.jpg?resize=867%2C1536&amp;ssl=1 867w, https:\/\/i0.wp.com\/blogs.lyceecfadumene.fr\/tyanheol\/files\/2021\/04\/IMG_20210331_161017-scaled.jpg?resize=1156%2C2048&amp;ssl=1 1156w, https:\/\/i0.wp.com\/blogs.lyceecfadumene.fr\/tyanheol\/files\/2021\/04\/IMG_20210331_161017-scaled.jpg?w=1445&amp;ssl=1 1445w, https:\/\/i0.wp.com\/blogs.lyceecfadumene.fr\/tyanheol\/files\/2021\/04\/IMG_20210331_161017-scaled.jpg?w=1208 1208w\" sizes=\"auto, (max-width: 169px) 100vw, 169px\" \/><figcaption id=\"caption-attachment-2968\" class=\"wp-caption-text\">Merlin aimait s&rsquo;asseoir ici, dans le Fauteuil de Merlin. Il r\u00e9appara\u00eet souvent, sous la forme d&rsquo;une brise l\u00e9g\u00e8re. Asseyez-vous et vous pourrez lui demander d&rsquo;exaucer un voeu<\/figcaption><\/figure>\n<figure id=\"attachment_2969\" aria-describedby=\"caption-attachment-2969\" style=\"width: 169px\" class=\"wp-caption alignnone\"><img data-recalc-dims=\"1\" loading=\"lazy\" decoding=\"async\" data-attachment-id=\"2969\" data-permalink=\"https:\/\/blogs.lyceecfadumene.fr\/tyanheol\/2021\/04\/01\/sortie-magique-avant-le-rerereconfinement\/bdr-5\/\" data-orig-file=\"https:\/\/i0.wp.com\/blogs.lyceecfadumene.fr\/tyanheol\/files\/2021\/04\/IMG_20210331_170352-scaled.jpg?fit=1445%2C2560&amp;ssl=1\" data-orig-size=\"1445,2560\" data-comments-opened=\"1\" data-image-meta=\"{&quot;aperture&quot;:&quot;2.2&quot;,&quot;credit&quot;:&quot;&quot;,&quot;camera&quot;:&quot;BLN-L21&quot;,&quot;caption&quot;:&quot;bdr&quot;,&quot;created_timestamp&quot;:&quot;1617210234&quot;,&quot;copyright&quot;:&quot;&quot;,&quot;focal_length&quot;:&quot;3.83&quot;,&quot;iso&quot;:&quot;50&quot;,&quot;shutter_speed&quot;:&quot;0.001165&quot;,&quot;title&quot;:&quot;bdr&quot;,&quot;orientation&quot;:&quot;0&quot;}\" data-image-title=\"bdr\" data-image-description=\"\" data-image-caption=\"&lt;p&gt;bdr&lt;\/p&gt;\n\" data-large-file=\"https:\/\/i0.wp.com\/blogs.lyceecfadumene.fr\/tyanheol\/files\/2021\/04\/IMG_20210331_170352-scaled.jpg?fit=578%2C1024&amp;ssl=1\" class=\"size-medium wp-image-2969\" src=\"https:\/\/i0.wp.com\/blogs.lyceecfadumene.fr\/tyanheol\/files\/2021\/04\/IMG_20210331_170352-169x300.jpg?resize=169%2C300&#038;ssl=1\" alt=\"\" width=\"169\" height=\"300\" srcset=\"https:\/\/i0.wp.com\/blogs.lyceecfadumene.fr\/tyanheol\/files\/2021\/04\/IMG_20210331_170352-scaled.jpg?resize=169%2C300&amp;ssl=1 169w, https:\/\/i0.wp.com\/blogs.lyceecfadumene.fr\/tyanheol\/files\/2021\/04\/IMG_20210331_170352-scaled.jpg?resize=578%2C1024&amp;ssl=1 578w, https:\/\/i0.wp.com\/blogs.lyceecfadumene.fr\/tyanheol\/files\/2021\/04\/IMG_20210331_170352-scaled.jpg?resize=768%2C1360&amp;ssl=1 768w, https:\/\/i0.wp.com\/blogs.lyceecfadumene.fr\/tyanheol\/files\/2021\/04\/IMG_20210331_170352-scaled.jpg?resize=867%2C1536&amp;ssl=1 867w, https:\/\/i0.wp.com\/blogs.lyceecfadumene.fr\/tyanheol\/files\/2021\/04\/IMG_20210331_170352-scaled.jpg?resize=1156%2C2048&amp;ssl=1 1156w, https:\/\/i0.wp.com\/blogs.lyceecfadumene.fr\/tyanheol\/files\/2021\/04\/IMG_20210331_170352-scaled.jpg?w=1445&amp;ssl=1 1445w, https:\/\/i0.wp.com\/blogs.lyceecfadumene.fr\/tyanheol\/files\/2021\/04\/IMG_20210331_170352-scaled.jpg?w=1208 1208w\" sizes=\"auto, (max-width: 169px) 100vw, 169px\" \/><figcaption id=\"caption-attachment-2969\" class=\"wp-caption-text\">Non loin de l\u00e0, l&rsquo;Arbre \u00e0 Guillotin brave les si\u00e8cles depuis mil ans. Son tronc creux a abrit\u00e9 le cur\u00e9 Guillotin pendant la R\u00e9volution fran\u00e7aise&nbsp;<\/figcaption><\/figure>\n","protected":false},"excerpt":{"rendered":"<p>Tout le monde conna\u00eet Kaamelott mais saviez-vous que tous ses personnages ont v\u00e9cu \u00e0 25 km du Lyc\u00e9e du Men\u00e9, dans la for\u00eat magique de Broc\u00e9liande ? Attention, \u00e0 chaque fois que l&rsquo;on dit que les f\u00e9es n&rsquo;existent pas, il y a une f\u00e9e qui meurt.<\/p>\n","protected":false},"author":97,"featured_media":2963,"comment_status":"open","ping_status":"open","sticky":false,"template":"","format":"standard","meta":{"_jetpack_memberships_contains_paid_content":false,"footnotes":"","jetpack_publicize_message":"","jetpack_publicize_feature_enabled":true,"jetpack_social_post_already_shared":true,"jetpack_social_options":{"image_generator_settings":{"template":"highway","default_image_id":0,"font":"","enabled":false},"version":2}},"categories":[27366,25439,9177],"tags":[9190,25464,8236,4,9197,6,3645,25463,3643],"class_list":["post-2962","post","type-post","status-publish","format-standard","has-post-thumbnail","hentry","category-alesa-ty-an-heol","category-education-socioculturelle","category-sorties","tag-activites","tag-education-socioculturelle","tag-foyer","tag-lycee","tag-mercredi","tag-merdrignac","tag-sortie","tag-sorties","tag-ty-an-heol"],"aioseo_notices":[],"jetpack_publicize_connections":[],"jetpack_featured_media_url":"https:\/\/i0.wp.com\/blogs.lyceecfadumene.fr\/tyanheol\/files\/2021\/04\/IMG_20210331_151812-scaled.jpg?fit=2560%2C1920&ssl=1","jetpack_shortlink":"https:\/\/wp.me\/p1SrOO-LM","jetpack_sharing_enabled":true,"_links":{"self":[{"href":"https:\/\/blogs.lyceecfadumene.fr\/tyanheol\/wp-json\/wp\/v2\/posts\/2962","targetHints":{"allow":["GET"]}}],"collection":[{"href":"https:\/\/blogs.lyceecfadumene.fr\/tyanheol\/wp-json\/wp\/v2\/posts"}],"about":[{"href":"https:\/\/blogs.lyceecfadumene.fr\/tyanheol\/wp-json\/wp\/v2\/types\/post"}],"author":[{"embeddable":true,"href":"https:\/\/blogs.lyceecfadumene.fr\/tyanheol\/wp-json\/wp\/v2\/users\/97"}],"replies":[{"embeddable":true,"href":"https:\/\/blogs.lyceecfadumene.fr\/tyanheol\/wp-json\/wp\/v2\/comments?post=2962"}],"version-history":[{"count":1,"href":"https:\/\/blogs.lyceecfadumene.fr\/tyanheol\/wp-json\/wp\/v2\/posts\/2962\/revisions"}],"predecessor-version":[{"id":2970,"href":"https:\/\/blogs.lyceecfadumene.fr\/tyanheol\/wp-json\/wp\/v2\/posts\/2962\/revisions\/2970"}],"wp:featuredmedia":[{"embeddable":true,"href":"https:\/\/blogs.lyceecfadumene.fr\/tyanheol\/wp-json\/wp\/v2\/media\/2963"}],"wp:attachment":[{"href":"https:\/\/blogs.lyceecfadumene.fr\/tyanheol\/wp-json\/wp\/v2\/media?parent=2962"}],"wp:term":[{"taxonomy":"category","embeddable":true,"href":"https:\/\/blogs.lyceecfadumene.fr\/tyanheol\/wp-json\/wp\/v2\/categories?post=2962"},{"taxonomy":"post_tag","embeddable":true,"href":"https:\/\/blogs.lyceecfadumene.fr\/tyanheol\/wp-json\/wp\/v2\/tags?post=2962"}],"curies":[{"name":"wp","href":"https:\/\/api.w.org\/{rel}","templated":true}]}}