{"id":2933,"date":"2021-03-22T23:28:39","date_gmt":"2021-03-22T21:28:39","guid":{"rendered":"https:\/\/blogs.lyceecfadumene.fr\/tyanheol\/?p=2933"},"modified":"2022-04-03T17:58:21","modified_gmt":"2022-04-03T15:58:21","slug":"le-lycee-du-mene-a-voyage-malgre-la-covid","status":"publish","type":"post","link":"https:\/\/blogs.lyceecfadumene.fr\/tyanheol\/2021\/03\/22\/le-lycee-du-mene-a-voyage-malgre-la-covid\/","title":{"rendered":"Le Lyc\u00e9e du Men\u00e9 a voyag\u00e9 malgr\u00e9 la covid"},"content":{"rendered":"<p>&nbsp;<\/p>\n<p><span class=\"embed-youtube\" style=\"text-align:center; display: block;\"><iframe loading=\"lazy\" class=\"youtube-player\" width=\"604\" height=\"340\" src=\"https:\/\/www.youtube.com\/embed\/SsCUBhZII6Q?version=3&#038;rel=1&#038;showsearch=0&#038;showinfo=1&#038;iv_load_policy=1&#038;fs=1&#038;hl=fr-FR&#038;autohide=2&#038;wmode=transparent\" allowfullscreen=\"true\" style=\"border:0;\" sandbox=\"allow-scripts allow-same-origin allow-popups allow-presentation allow-popups-to-escape-sandbox\"><\/iframe><\/span><\/p>\n<p>Un grand merci \u00e0 tous les \u00e9l\u00e8ves et au personnel mobilis\u00e9s pour ce beau voyage virtuel avec, en vrai, un concours d&rsquo;\u00e9criture de mangas, un concours de dessin, une conf\u00e9rence sur l&rsquo;histoire du Japon, la d\u00e9couverte de th\u00e9s nippons, un joyeux d\u00e9fil\u00e9 de cosplay et la projection d&rsquo;un film anim\u00e9, et ce tout au long de la semaine.&nbsp;<\/p>\n","protected":false},"excerpt":{"rendered":"<p>&nbsp; Un grand merci \u00e0 tous les \u00e9l\u00e8ves et au personnel mobilis\u00e9s pour ce beau voyage virtuel avec, en vrai, un concours d&rsquo;\u00e9criture de mangas, un concours de dessin, une conf\u00e9rence sur l&rsquo;histoire du Japon, la d\u00e9couverte de th\u00e9s nippons, un joyeux d\u00e9fil\u00e9 de cosplay et la projection d&rsquo;un film anim\u00e9, et ce tout au &hellip; <a href=\"https:\/\/blogs.lyceecfadumene.fr\/tyanheol\/2021\/03\/22\/le-lycee-du-mene-a-voyage-malgre-la-covid\/\" class=\"more-link\">Continuer la lecture de <span class=\"screen-reader-text\">Le Lyc\u00e9e du Men\u00e9 a voyag\u00e9 malgr\u00e9 la covid<\/span> <span class=\"meta-nav\">&rarr;<\/span><\/a><\/p>\n","protected":false},"author":97,"featured_media":0,"comment_status":"open","ping_status":"open","sticky":false,"template":"","format":"standard","meta":{"_jetpack_memberships_contains_paid_content":false,"footnotes":"","jetpack_publicize_message":"","jetpack_publicize_feature_enabled":true,"jetpack_social_post_already_shared":true,"jetpack_social_options":{"image_generator_settings":{"template":"highway","default_image_id":0,"font":"","enabled":false},"version":2}},"categories":[27366,25439,1,29437,29432],"tags":[9190,5703,51,25464,8236,4,9197,6,3643],"class_list":["post-2933","post","type-post","status-publish","format-standard","hentry","category-alesa-ty-an-heol","category-education-socioculturelle","category-non-classe","category-soiree2","category-video2","tag-activites","tag-cdi","tag-concours","tag-education-socioculturelle","tag-foyer","tag-lycee","tag-mercredi","tag-merdrignac","tag-ty-an-heol"],"aioseo_notices":[],"jetpack_publicize_connections":[],"jetpack_featured_media_url":"","jetpack_shortlink":"https:\/\/wp.me\/p1SrOO-Lj","jetpack_sharing_enabled":true,"_links":{"self":[{"href":"https:\/\/blogs.lyceecfadumene.fr\/tyanheol\/wp-json\/wp\/v2\/posts\/2933","targetHints":{"allow":["GET"]}}],"collection":[{"href":"https:\/\/blogs.lyceecfadumene.fr\/tyanheol\/wp-json\/wp\/v2\/posts"}],"about":[{"href":"https:\/\/blogs.lyceecfadumene.fr\/tyanheol\/wp-json\/wp\/v2\/types\/post"}],"author":[{"embeddable":true,"href":"https:\/\/blogs.lyceecfadumene.fr\/tyanheol\/wp-json\/wp\/v2\/users\/97"}],"replies":[{"embeddable":true,"href":"https:\/\/blogs.lyceecfadumene.fr\/tyanheol\/wp-json\/wp\/v2\/comments?post=2933"}],"version-history":[{"count":1,"href":"https:\/\/blogs.lyceecfadumene.fr\/tyanheol\/wp-json\/wp\/v2\/posts\/2933\/revisions"}],"predecessor-version":[{"id":2934,"href":"https:\/\/blogs.lyceecfadumene.fr\/tyanheol\/wp-json\/wp\/v2\/posts\/2933\/revisions\/2934"}],"wp:attachment":[{"href":"https:\/\/blogs.lyceecfadumene.fr\/tyanheol\/wp-json\/wp\/v2\/media?parent=2933"}],"wp:term":[{"taxonomy":"category","embeddable":true,"href":"https:\/\/blogs.lyceecfadumene.fr\/tyanheol\/wp-json\/wp\/v2\/categories?post=2933"},{"taxonomy":"post_tag","embeddable":true,"href":"https:\/\/blogs.lyceecfadumene.fr\/tyanheol\/wp-json\/wp\/v2\/tags?post=2933"}],"curies":[{"name":"wp","href":"https:\/\/api.w.org\/{rel}","templated":true}]}}