{"id":2922,"date":"2021-03-19T12:58:27","date_gmt":"2021-03-19T10:58:27","guid":{"rendered":"https:\/\/blogs.lyceecfadumene.fr\/tyanheol\/?p=2922"},"modified":"2022-04-03T17:58:53","modified_gmt":"2022-04-03T15:58:53","slug":"les-infos-de-dernieres-minutes","status":"publish","type":"post","link":"https:\/\/blogs.lyceecfadumene.fr\/tyanheol\/2021\/03\/19\/les-infos-de-dernieres-minutes\/","title":{"rendered":"Les infos de derni\u00e8res minutes"},"content":{"rendered":"<h4 style=\"padding-left: 40px\"><a href=\"https:\/\/i0.wp.com\/blogs.lyceecfadumene.fr\/tyanheol\/files\/2021\/03\/microphone-4319526_1920.jpg?ssl=1\"><img data-recalc-dims=\"1\" loading=\"lazy\" decoding=\"async\" data-attachment-id=\"2925\" data-permalink=\"https:\/\/blogs.lyceecfadumene.fr\/tyanheol\/2021\/03\/19\/les-infos-de-dernieres-minutes\/microphone-4319526_1920\/\" data-orig-file=\"https:\/\/i0.wp.com\/blogs.lyceecfadumene.fr\/tyanheol\/files\/2021\/03\/microphone-4319526_1920.jpg?fit=1920%2C1277&amp;ssl=1\" data-orig-size=\"1920,1277\" data-comments-opened=\"1\" data-image-meta=\"{&quot;aperture&quot;:&quot;1.6&quot;,&quot;credit&quot;:&quot;&quot;,&quot;camera&quot;:&quot;NIKON D700&quot;,&quot;caption&quot;:&quot;&quot;,&quot;created_timestamp&quot;:&quot;0&quot;,&quot;copyright&quot;:&quot;&quot;,&quot;focal_length&quot;:&quot;50&quot;,&quot;iso&quot;:&quot;320&quot;,&quot;shutter_speed&quot;:&quot;0.00625&quot;,&quot;title&quot;:&quot;&quot;,&quot;orientation&quot;:&quot;0&quot;}\" data-image-title=\"microphone-4319526_1920\" data-image-description=\"\" data-image-caption=\"\" data-large-file=\"https:\/\/i0.wp.com\/blogs.lyceecfadumene.fr\/tyanheol\/files\/2021\/03\/microphone-4319526_1920.jpg?fit=604%2C402&amp;ssl=1\" class=\"aligncenter size-full wp-image-2925\" src=\"https:\/\/i0.wp.com\/blogs.lyceecfadumene.fr\/tyanheol\/files\/2021\/03\/microphone-4319526_1920.jpg?resize=604%2C402&#038;ssl=1\" alt=\"\" width=\"604\" height=\"402\" srcset=\"https:\/\/i0.wp.com\/blogs.lyceecfadumene.fr\/tyanheol\/files\/2021\/03\/microphone-4319526_1920.jpg?w=1920&amp;ssl=1 1920w, https:\/\/i0.wp.com\/blogs.lyceecfadumene.fr\/tyanheol\/files\/2021\/03\/microphone-4319526_1920.jpg?resize=300%2C200&amp;ssl=1 300w, https:\/\/i0.wp.com\/blogs.lyceecfadumene.fr\/tyanheol\/files\/2021\/03\/microphone-4319526_1920.jpg?resize=1024%2C681&amp;ssl=1 1024w, https:\/\/i0.wp.com\/blogs.lyceecfadumene.fr\/tyanheol\/files\/2021\/03\/microphone-4319526_1920.jpg?resize=768%2C511&amp;ssl=1 768w, https:\/\/i0.wp.com\/blogs.lyceecfadumene.fr\/tyanheol\/files\/2021\/03\/microphone-4319526_1920.jpg?resize=1536%2C1022&amp;ssl=1 1536w, https:\/\/i0.wp.com\/blogs.lyceecfadumene.fr\/tyanheol\/files\/2021\/03\/microphone-4319526_1920.jpg?w=1208 1208w, https:\/\/i0.wp.com\/blogs.lyceecfadumene.fr\/tyanheol\/files\/2021\/03\/microphone-4319526_1920.jpg?w=1812 1812w\" sizes=\"auto, (max-width: 604px) 100vw, 604px\" \/>@pixabay<\/a><\/h4>\n<h4 style=\"padding-left: 40px\">Tout ce qu&rsquo;il faut savoir r\u00e9unis dans&nbsp; ce flash info !<\/h4>\n<p>Dans cette \u00e9mission, nous vous pr\u00e9sentons deux sujets : les difficult\u00e9s des \u00e9tudiants li\u00e9s \u00e0 la crise sanitaire et une prise record pour la douane de Poitiers !<\/p>\n<p>Commentateur Brice Morin accompagn\u00e9 de Ma\u00ebva Desert \u00e0 Poitiers et de Laura Henry \u00e0 Mantes-la- Jolie, deux journalistes talentueuses ! N&rsquo;oublions pas Evan Lebrun le sp\u00e9cialiste du montage \u00e0 la r\u00e9alisation de votre \u00e9mission pr\u00e9f\u00e9r\u00e9e.<\/p>\n<h5><strong>Bonne \u00e9coute !<\/strong><\/h5>\n<audio class=\"wp-audio-shortcode\" id=\"audio-2922-1\" preload=\"none\" style=\"width: 100%;\" controls=\"controls\"><source type=\"audio\/mpeg\" src=\"https:\/\/blogs.lyceecfadumene.fr\/tyanheol\/files\/2021\/03\/montage.mp3?_=1\" \/><a href=\"https:\/\/blogs.lyceecfadumene.fr\/tyanheol\/files\/2021\/03\/montage.mp3\">https:\/\/blogs.lyceecfadumene.fr\/tyanheol\/files\/2021\/03\/montage.mp3<\/a><\/audio>\n<p>Titre : Spark<br \/>\nAuteur : Vexento<br \/>\nSource :&nbsp;<a href=\"https:\/\/soundcloud.com\/vexento\" target=\"_blank\" rel=\"noopener\">https:\/\/soundcloud.com\/vexento<\/a><br \/>\nLicence : <a href=\"https:\/\/creativecommons.org\/licenses\/by\/3.0\/deed.fr\" target=\"_blank\" rel=\"noopener\">https:\/\/creativecommons.org\/licenses\/by\/3.0\/deed.fr<\/a><br \/>\nT\u00e9l\u00e9chargement (9MB) : <a href=\"https:\/\/auboutdufil.com\/?id=594\" target=\"_blank\" rel=\"noopener\">https:\/\/auboutdufil.com\/?id=594<\/a><\/p>\n","protected":false},"excerpt":{"rendered":"<p>@pixabay Tout ce qu&rsquo;il faut savoir r\u00e9unis dans&nbsp; ce flash info ! Dans cette \u00e9mission, nous vous pr\u00e9sentons deux sujets : les difficult\u00e9s des \u00e9tudiants li\u00e9s \u00e0 la crise sanitaire et une prise record pour la douane de Poitiers ! Commentateur Brice Morin accompagn\u00e9 de Ma\u00ebva Desert \u00e0 Poitiers et de Laura Henry \u00e0 Mantes-la- &hellip; <a href=\"https:\/\/blogs.lyceecfadumene.fr\/tyanheol\/2021\/03\/19\/les-infos-de-dernieres-minutes\/\" class=\"more-link\">Continuer la lecture de <span class=\"screen-reader-text\">Les infos de derni\u00e8res minutes<\/span> <span class=\"meta-nav\">&rarr;<\/span><\/a><\/p>\n","protected":false},"author":43,"featured_media":0,"comment_status":"open","ping_status":"open","sticky":false,"template":"","format":"standard","meta":{"_jetpack_memberships_contains_paid_content":false,"footnotes":"","jetpack_publicize_message":"","jetpack_publicize_feature_enabled":true,"jetpack_social_post_already_shared":true,"jetpack_social_options":{"image_generator_settings":{"template":"highway","default_image_id":0,"font":"","enabled":false},"version":2}},"categories":[1,29435],"tags":[11720,26416,26],"class_list":["post-2922","post","type-post","status-publish","format-standard","hentry","category-non-classe","category-radio2","tag-actualite","tag-information","tag-journal"],"aioseo_notices":[],"jetpack_publicize_connections":[],"jetpack_featured_media_url":"","jetpack_shortlink":"https:\/\/wp.me\/p1SrOO-L8","jetpack_sharing_enabled":true,"_links":{"self":[{"href":"https:\/\/blogs.lyceecfadumene.fr\/tyanheol\/wp-json\/wp\/v2\/posts\/2922","targetHints":{"allow":["GET"]}}],"collection":[{"href":"https:\/\/blogs.lyceecfadumene.fr\/tyanheol\/wp-json\/wp\/v2\/posts"}],"about":[{"href":"https:\/\/blogs.lyceecfadumene.fr\/tyanheol\/wp-json\/wp\/v2\/types\/post"}],"author":[{"embeddable":true,"href":"https:\/\/blogs.lyceecfadumene.fr\/tyanheol\/wp-json\/wp\/v2\/users\/43"}],"replies":[{"embeddable":true,"href":"https:\/\/blogs.lyceecfadumene.fr\/tyanheol\/wp-json\/wp\/v2\/comments?post=2922"}],"version-history":[{"count":3,"href":"https:\/\/blogs.lyceecfadumene.fr\/tyanheol\/wp-json\/wp\/v2\/posts\/2922\/revisions"}],"predecessor-version":[{"id":2929,"href":"https:\/\/blogs.lyceecfadumene.fr\/tyanheol\/wp-json\/wp\/v2\/posts\/2922\/revisions\/2929"}],"wp:attachment":[{"href":"https:\/\/blogs.lyceecfadumene.fr\/tyanheol\/wp-json\/wp\/v2\/media?parent=2922"}],"wp:term":[{"taxonomy":"category","embeddable":true,"href":"https:\/\/blogs.lyceecfadumene.fr\/tyanheol\/wp-json\/wp\/v2\/categories?post=2922"},{"taxonomy":"post_tag","embeddable":true,"href":"https:\/\/blogs.lyceecfadumene.fr\/tyanheol\/wp-json\/wp\/v2\/tags?post=2922"}],"curies":[{"name":"wp","href":"https:\/\/api.w.org\/{rel}","templated":true}]}}