{"id":2820,"date":"2020-11-26T12:40:12","date_gmt":"2020-11-26T10:40:12","guid":{"rendered":"https:\/\/blogs.lyceecfadumene.fr\/tyanheol\/?p=2820"},"modified":"2022-04-03T17:56:53","modified_gmt":"2022-04-03T15:56:53","slug":"les-2des-njpf-aiguisent-leur-regard","status":"publish","type":"post","link":"https:\/\/blogs.lyceecfadumene.fr\/tyanheol\/2020\/11\/26\/les-2des-njpf-aiguisent-leur-regard\/","title":{"rendered":"Les 2des NJPF aiguisent leur regard"},"content":{"rendered":"<p>Gr\u00e2ce aux journ\u00e9es C&rsquo;Pratik sur le terrain, les Secondes Nature Jardin Paysage For\u00eat ont travaill\u00e9 sur la notion de fen\u00eatre dans le paysage en Am\u00e9nagement Paysager, et sont en train de concocter une exposition de leurs photos. Affaire \u00e0 suivre donc&#8230;<\/p>\n<p><img data-recalc-dims=\"1\" loading=\"lazy\" decoding=\"async\" data-attachment-id=\"2825\" data-permalink=\"https:\/\/blogs.lyceecfadumene.fr\/tyanheol\/2020\/11\/26\/les-2des-njpf-aiguisent-leur-regard\/copie-njpf-urbain-6\/\" data-orig-file=\"https:\/\/i0.wp.com\/blogs.lyceecfadumene.fr\/tyanheol\/files\/2020\/11\/Copie-NJPF-Urbain-6.png?fit=680%2C386&amp;ssl=1\" data-orig-size=\"680,386\" data-comments-opened=\"1\" data-image-meta=\"{&quot;aperture&quot;:&quot;0&quot;,&quot;credit&quot;:&quot;&quot;,&quot;camera&quot;:&quot;&quot;,&quot;caption&quot;:&quot;&quot;,&quot;created_timestamp&quot;:&quot;0&quot;,&quot;copyright&quot;:&quot;&quot;,&quot;focal_length&quot;:&quot;0&quot;,&quot;iso&quot;:&quot;0&quot;,&quot;shutter_speed&quot;:&quot;0&quot;,&quot;title&quot;:&quot;&quot;,&quot;orientation&quot;:&quot;0&quot;}\" data-image-title=\"Copie NJPF Urbain (6&amp;prime;)\" data-image-description=\"\" data-image-caption=\"\" data-large-file=\"https:\/\/i0.wp.com\/blogs.lyceecfadumene.fr\/tyanheol\/files\/2020\/11\/Copie-NJPF-Urbain-6.png?fit=604%2C343&amp;ssl=1\" class=\"alignnone size-medium wp-image-2825\" src=\"https:\/\/i0.wp.com\/blogs.lyceecfadumene.fr\/tyanheol\/files\/2020\/11\/Copie-NJPF-Urbain-6-300x170.png?resize=300%2C170&#038;ssl=1\" alt=\"\" width=\"300\" height=\"170\" srcset=\"https:\/\/i0.wp.com\/blogs.lyceecfadumene.fr\/tyanheol\/files\/2020\/11\/Copie-NJPF-Urbain-6.png?resize=300%2C170&amp;ssl=1 300w, https:\/\/i0.wp.com\/blogs.lyceecfadumene.fr\/tyanheol\/files\/2020\/11\/Copie-NJPF-Urbain-6.png?w=680&amp;ssl=1 680w\" sizes=\"auto, (max-width: 300px) 100vw, 300px\" \/> <img data-recalc-dims=\"1\" loading=\"lazy\" decoding=\"async\" data-attachment-id=\"2824\" data-permalink=\"https:\/\/blogs.lyceecfadumene.fr\/tyanheol\/2020\/11\/26\/les-2des-njpf-aiguisent-leur-regard\/copie-njpf-arbres-26\/\" data-orig-file=\"https:\/\/i0.wp.com\/blogs.lyceecfadumene.fr\/tyanheol\/files\/2020\/11\/Copie-NJPF-arbres-26.png?fit=361%2C480&amp;ssl=1\" data-orig-size=\"361,480\" data-comments-opened=\"1\" data-image-meta=\"{&quot;aperture&quot;:&quot;0&quot;,&quot;credit&quot;:&quot;&quot;,&quot;camera&quot;:&quot;&quot;,&quot;caption&quot;:&quot;&quot;,&quot;created_timestamp&quot;:&quot;0&quot;,&quot;copyright&quot;:&quot;&quot;,&quot;focal_length&quot;:&quot;0&quot;,&quot;iso&quot;:&quot;0&quot;,&quot;shutter_speed&quot;:&quot;0&quot;,&quot;title&quot;:&quot;&quot;,&quot;orientation&quot;:&quot;0&quot;}\" data-image-title=\"Copie NJPF arbres (26)\" data-image-description=\"\" data-image-caption=\"\" data-large-file=\"https:\/\/i0.wp.com\/blogs.lyceecfadumene.fr\/tyanheol\/files\/2020\/11\/Copie-NJPF-arbres-26.png?fit=361%2C480&amp;ssl=1\" class=\"alignnone size-medium wp-image-2824\" src=\"https:\/\/i0.wp.com\/blogs.lyceecfadumene.fr\/tyanheol\/files\/2020\/11\/Copie-NJPF-arbres-26-226x300.png?resize=226%2C300&#038;ssl=1\" alt=\"\" width=\"226\" height=\"300\" srcset=\"https:\/\/i0.wp.com\/blogs.lyceecfadumene.fr\/tyanheol\/files\/2020\/11\/Copie-NJPF-arbres-26.png?resize=226%2C300&amp;ssl=1 226w, https:\/\/i0.wp.com\/blogs.lyceecfadumene.fr\/tyanheol\/files\/2020\/11\/Copie-NJPF-arbres-26.png?w=361&amp;ssl=1 361w\" sizes=\"auto, (max-width: 226px) 100vw, 226px\" \/> <img data-recalc-dims=\"1\" loading=\"lazy\" decoding=\"async\" data-attachment-id=\"2823\" data-permalink=\"https:\/\/blogs.lyceecfadumene.fr\/tyanheol\/2020\/11\/26\/les-2des-njpf-aiguisent-leur-regard\/copie-njpf-arbres-15\/\" data-orig-file=\"https:\/\/i0.wp.com\/blogs.lyceecfadumene.fr\/tyanheol\/files\/2020\/11\/Copie-NJPF-arbres-15.png?fit=361%2C480&amp;ssl=1\" data-orig-size=\"361,480\" data-comments-opened=\"1\" data-image-meta=\"{&quot;aperture&quot;:&quot;0&quot;,&quot;credit&quot;:&quot;&quot;,&quot;camera&quot;:&quot;&quot;,&quot;caption&quot;:&quot;&quot;,&quot;created_timestamp&quot;:&quot;0&quot;,&quot;copyright&quot;:&quot;&quot;,&quot;focal_length&quot;:&quot;0&quot;,&quot;iso&quot;:&quot;0&quot;,&quot;shutter_speed&quot;:&quot;0&quot;,&quot;title&quot;:&quot;&quot;,&quot;orientation&quot;:&quot;0&quot;}\" data-image-title=\"Copie NJPF arbres (15)\" data-image-description=\"\" data-image-caption=\"\" data-large-file=\"https:\/\/i0.wp.com\/blogs.lyceecfadumene.fr\/tyanheol\/files\/2020\/11\/Copie-NJPF-arbres-15.png?fit=361%2C480&amp;ssl=1\" class=\"alignnone size-medium wp-image-2823\" src=\"https:\/\/i0.wp.com\/blogs.lyceecfadumene.fr\/tyanheol\/files\/2020\/11\/Copie-NJPF-arbres-15-226x300.png?resize=226%2C300&#038;ssl=1\" alt=\"\" width=\"226\" height=\"300\" srcset=\"https:\/\/i0.wp.com\/blogs.lyceecfadumene.fr\/tyanheol\/files\/2020\/11\/Copie-NJPF-arbres-15.png?resize=226%2C300&amp;ssl=1 226w, https:\/\/i0.wp.com\/blogs.lyceecfadumene.fr\/tyanheol\/files\/2020\/11\/Copie-NJPF-arbres-15.png?w=361&amp;ssl=1 361w\" sizes=\"auto, (max-width: 226px) 100vw, 226px\" \/><img data-recalc-dims=\"1\" loading=\"lazy\" decoding=\"async\" data-attachment-id=\"2827\" data-permalink=\"https:\/\/blogs.lyceecfadumene.fr\/tyanheol\/2020\/11\/26\/les-2des-njpf-aiguisent-leur-regard\/copie-njpf-urbain-9-2\/\" data-orig-file=\"https:\/\/i0.wp.com\/blogs.lyceecfadumene.fr\/tyanheol\/files\/2020\/11\/Copie-NJPF-Urbain-9-1.png?fit=680%2C386&amp;ssl=1\" data-orig-size=\"680,386\" data-comments-opened=\"1\" data-image-meta=\"{&quot;aperture&quot;:&quot;0&quot;,&quot;credit&quot;:&quot;&quot;,&quot;camera&quot;:&quot;&quot;,&quot;caption&quot;:&quot;&quot;,&quot;created_timestamp&quot;:&quot;0&quot;,&quot;copyright&quot;:&quot;&quot;,&quot;focal_length&quot;:&quot;0&quot;,&quot;iso&quot;:&quot;0&quot;,&quot;shutter_speed&quot;:&quot;0&quot;,&quot;title&quot;:&quot;&quot;,&quot;orientation&quot;:&quot;0&quot;}\" data-image-title=\"Copie NJPF Urbain (9&amp;prime;)\" data-image-description=\"\" data-image-caption=\"\" data-large-file=\"https:\/\/i0.wp.com\/blogs.lyceecfadumene.fr\/tyanheol\/files\/2020\/11\/Copie-NJPF-Urbain-9-1.png?fit=604%2C343&amp;ssl=1\" class=\"alignnone size-medium wp-image-2827\" src=\"https:\/\/i0.wp.com\/blogs.lyceecfadumene.fr\/tyanheol\/files\/2020\/11\/Copie-NJPF-Urbain-9-1-300x170.png?resize=300%2C170&#038;ssl=1\" alt=\"\" width=\"300\" height=\"170\" srcset=\"https:\/\/i0.wp.com\/blogs.lyceecfadumene.fr\/tyanheol\/files\/2020\/11\/Copie-NJPF-Urbain-9-1.png?resize=300%2C170&amp;ssl=1 300w, https:\/\/i0.wp.com\/blogs.lyceecfadumene.fr\/tyanheol\/files\/2020\/11\/Copie-NJPF-Urbain-9-1.png?w=680&amp;ssl=1 680w\" sizes=\"auto, (max-width: 300px) 100vw, 300px\" \/><\/p>\n","protected":false},"excerpt":{"rendered":"<p>Gr\u00e2ce aux journ\u00e9es C&rsquo;Pratik sur le terrain, les Secondes Nature Jardin Paysage For\u00eat ont travaill\u00e9 sur la notion de fen\u00eatre dans le paysage en Am\u00e9nagement Paysager, et sont en train de concocter une exposition de leurs photos. Affaire \u00e0 suivre donc&#8230;<\/p>\n","protected":false},"author":97,"featured_media":2823,"comment_status":"open","ping_status":"open","sticky":false,"template":"","format":"standard","meta":{"_jetpack_memberships_contains_paid_content":false,"footnotes":"","jetpack_publicize_message":"","jetpack_publicize_feature_enabled":true,"jetpack_social_post_already_shared":true,"jetpack_social_options":{"image_generator_settings":{"template":"highway","default_image_id":0,"font":"","enabled":false},"version":2}},"categories":[29433,25419,25439,1],"tags":[9190,25442,25464,6],"class_list":["post-2820","post","type-post","status-publish","format-standard","has-post-thumbnail","hentry","category-amenagement-paysager2","category-atelier-photo","category-education-socioculturelle","category-non-classe","tag-activites","tag-bac-pro-amenagement-paysager","tag-education-socioculturelle","tag-merdrignac"],"aioseo_notices":[],"jetpack_publicize_connections":[],"jetpack_featured_media_url":"https:\/\/i0.wp.com\/blogs.lyceecfadumene.fr\/tyanheol\/files\/2020\/11\/Copie-NJPF-arbres-15.png?fit=361%2C480&ssl=1","jetpack_shortlink":"https:\/\/wp.me\/p1SrOO-Ju","jetpack_sharing_enabled":true,"_links":{"self":[{"href":"https:\/\/blogs.lyceecfadumene.fr\/tyanheol\/wp-json\/wp\/v2\/posts\/2820","targetHints":{"allow":["GET"]}}],"collection":[{"href":"https:\/\/blogs.lyceecfadumene.fr\/tyanheol\/wp-json\/wp\/v2\/posts"}],"about":[{"href":"https:\/\/blogs.lyceecfadumene.fr\/tyanheol\/wp-json\/wp\/v2\/types\/post"}],"author":[{"embeddable":true,"href":"https:\/\/blogs.lyceecfadumene.fr\/tyanheol\/wp-json\/wp\/v2\/users\/97"}],"replies":[{"embeddable":true,"href":"https:\/\/blogs.lyceecfadumene.fr\/tyanheol\/wp-json\/wp\/v2\/comments?post=2820"}],"version-history":[{"count":1,"href":"https:\/\/blogs.lyceecfadumene.fr\/tyanheol\/wp-json\/wp\/v2\/posts\/2820\/revisions"}],"predecessor-version":[{"id":2828,"href":"https:\/\/blogs.lyceecfadumene.fr\/tyanheol\/wp-json\/wp\/v2\/posts\/2820\/revisions\/2828"}],"wp:featuredmedia":[{"embeddable":true,"href":"https:\/\/blogs.lyceecfadumene.fr\/tyanheol\/wp-json\/wp\/v2\/media\/2823"}],"wp:attachment":[{"href":"https:\/\/blogs.lyceecfadumene.fr\/tyanheol\/wp-json\/wp\/v2\/media?parent=2820"}],"wp:term":[{"taxonomy":"category","embeddable":true,"href":"https:\/\/blogs.lyceecfadumene.fr\/tyanheol\/wp-json\/wp\/v2\/categories?post=2820"},{"taxonomy":"post_tag","embeddable":true,"href":"https:\/\/blogs.lyceecfadumene.fr\/tyanheol\/wp-json\/wp\/v2\/tags?post=2820"}],"curies":[{"name":"wp","href":"https:\/\/api.w.org\/{rel}","templated":true}]}}