{"id":2787,"date":"2020-10-09T14:05:22","date_gmt":"2020-10-09T12:05:22","guid":{"rendered":"https:\/\/blogs.lyceecfadumene.fr\/tyanheol\/?p=2787"},"modified":"2020-10-09T14:06:17","modified_gmt":"2020-10-09T12:06:17","slug":"le-bts-tc-du-lycee","status":"publish","type":"post","link":"https:\/\/blogs.lyceecfadumene.fr\/tyanheol\/2020\/10\/09\/le-bts-tc-du-lycee\/","title":{"rendered":"Le BTS TC du lyc\u00e9e"},"content":{"rendered":"<p>Nous vous proposons <strong>une pr\u00e9sentation du BTS Technico-commercial<\/strong> au lyc\u00e9e et ces diff\u00e9rents champs professionnels. Nous avons donc&nbsp; interrog\u00e9 une \u00e9tudiante en BTS TC Animaux d\u2019\u00c9levage et de Compagnie et un \u00e9tudiant en BTS TC Jardin et V\u00e9g\u00e9taux d&rsquo;Ornement.<\/p>\n<p><img data-recalc-dims=\"1\" loading=\"lazy\" decoding=\"async\" data-attachment-id=\"2786\" data-permalink=\"https:\/\/blogs.lyceecfadumene.fr\/tyanheol\/2020\/10\/09\/le-bts-tc-du-lycee\/formation-2\/\" data-orig-file=\"https:\/\/i0.wp.com\/blogs.lyceecfadumene.fr\/tyanheol\/files\/2020\/10\/formation-1.png?fit=650%2C647&amp;ssl=1\" data-orig-size=\"650,647\" data-comments-opened=\"1\" data-image-meta=\"{&quot;aperture&quot;:&quot;0&quot;,&quot;credit&quot;:&quot;&quot;,&quot;camera&quot;:&quot;&quot;,&quot;caption&quot;:&quot;&quot;,&quot;created_timestamp&quot;:&quot;0&quot;,&quot;copyright&quot;:&quot;&quot;,&quot;focal_length&quot;:&quot;0&quot;,&quot;iso&quot;:&quot;0&quot;,&quot;shutter_speed&quot;:&quot;0&quot;,&quot;title&quot;:&quot;&quot;,&quot;orientation&quot;:&quot;0&quot;}\" data-image-title=\"formation\" data-image-description=\"\" data-image-caption=\"\" data-large-file=\"https:\/\/i0.wp.com\/blogs.lyceecfadumene.fr\/tyanheol\/files\/2020\/10\/formation-1.png?fit=604%2C601&amp;ssl=1\" class=\"alignnone wp-image-2786\" src=\"https:\/\/i0.wp.com\/blogs.lyceecfadumene.fr\/tyanheol\/files\/2020\/10\/formation-1.png?resize=450%2C448&#038;ssl=1\" alt=\"\" width=\"450\" height=\"448\" srcset=\"https:\/\/i0.wp.com\/blogs.lyceecfadumene.fr\/tyanheol\/files\/2020\/10\/formation-1.png?w=650&amp;ssl=1 650w, https:\/\/i0.wp.com\/blogs.lyceecfadumene.fr\/tyanheol\/files\/2020\/10\/formation-1.png?resize=300%2C300&amp;ssl=1 300w, https:\/\/i0.wp.com\/blogs.lyceecfadumene.fr\/tyanheol\/files\/2020\/10\/formation-1.png?resize=150%2C150&amp;ssl=1 150w\" sizes=\"auto, (max-width: 450px) 100vw, 450px\" \/><\/p>\n<audio class=\"wp-audio-shortcode\" id=\"audio-2787-1\" preload=\"none\" style=\"width: 100%;\" controls=\"controls\"><source type=\"audio\/mpeg\" src=\"https:\/\/blogs.lyceecfadumene.fr\/tyanheol\/files\/2020\/10\/interview-formations.mp3?_=1\" \/><a href=\"https:\/\/blogs.lyceecfadumene.fr\/tyanheol\/files\/2020\/10\/interview-formations.mp3\">https:\/\/blogs.lyceecfadumene.fr\/tyanheol\/files\/2020\/10\/interview-formations.mp3<\/a><\/audio>\n<p>Manon, No\u00e9line, Valentin et Svetlana.<\/p>\n","protected":false},"excerpt":{"rendered":"<p>Nous vous proposons une pr\u00e9sentation du BTS Technico-commercial au lyc\u00e9e et ces diff\u00e9rents champs professionnels. Nous avons donc&nbsp; interrog\u00e9 une \u00e9tudiante en BTS TC Animaux d\u2019\u00c9levage et de Compagnie et un \u00e9tudiant en BTS TC Jardin et V\u00e9g\u00e9taux d&rsquo;Ornement. Manon, No\u00e9line, Valentin et Svetlana.<\/p>\n","protected":false},"author":43,"featured_media":0,"comment_status":"open","ping_status":"open","sticky":false,"template":"","format":"standard","meta":{"_jetpack_memberships_contains_paid_content":false,"footnotes":"","jetpack_publicize_message":"","jetpack_publicize_feature_enabled":true,"jetpack_social_post_already_shared":true,"jetpack_social_options":{"image_generator_settings":{"template":"highway","default_image_id":0,"font":"","enabled":false},"version":2}},"categories":[1],"tags":[6580,16548],"class_list":["post-2787","post","type-post","status-publish","format-standard","hentry","category-non-classe","tag-bts","tag-tc"],"aioseo_notices":[],"jetpack_publicize_connections":[],"jetpack_featured_media_url":"","jetpack_shortlink":"https:\/\/wp.me\/p1SrOO-IX","jetpack_sharing_enabled":true,"_links":{"self":[{"href":"https:\/\/blogs.lyceecfadumene.fr\/tyanheol\/wp-json\/wp\/v2\/posts\/2787","targetHints":{"allow":["GET"]}}],"collection":[{"href":"https:\/\/blogs.lyceecfadumene.fr\/tyanheol\/wp-json\/wp\/v2\/posts"}],"about":[{"href":"https:\/\/blogs.lyceecfadumene.fr\/tyanheol\/wp-json\/wp\/v2\/types\/post"}],"author":[{"embeddable":true,"href":"https:\/\/blogs.lyceecfadumene.fr\/tyanheol\/wp-json\/wp\/v2\/users\/43"}],"replies":[{"embeddable":true,"href":"https:\/\/blogs.lyceecfadumene.fr\/tyanheol\/wp-json\/wp\/v2\/comments?post=2787"}],"version-history":[{"count":4,"href":"https:\/\/blogs.lyceecfadumene.fr\/tyanheol\/wp-json\/wp\/v2\/posts\/2787\/revisions"}],"predecessor-version":[{"id":2794,"href":"https:\/\/blogs.lyceecfadumene.fr\/tyanheol\/wp-json\/wp\/v2\/posts\/2787\/revisions\/2794"}],"wp:attachment":[{"href":"https:\/\/blogs.lyceecfadumene.fr\/tyanheol\/wp-json\/wp\/v2\/media?parent=2787"}],"wp:term":[{"taxonomy":"category","embeddable":true,"href":"https:\/\/blogs.lyceecfadumene.fr\/tyanheol\/wp-json\/wp\/v2\/categories?post=2787"},{"taxonomy":"post_tag","embeddable":true,"href":"https:\/\/blogs.lyceecfadumene.fr\/tyanheol\/wp-json\/wp\/v2\/tags?post=2787"}],"curies":[{"name":"wp","href":"https:\/\/api.w.org\/{rel}","templated":true}]}}