{"id":2774,"date":"2020-10-09T09:44:04","date_gmt":"2020-10-09T07:44:04","guid":{"rendered":"https:\/\/blogs.lyceecfadumene.fr\/tyanheol\/?p=2774"},"modified":"2020-10-09T09:44:04","modified_gmt":"2020-10-09T07:44:04","slug":"elections-des-representants-des-eleves-et-des-etudiants","status":"publish","type":"post","link":"https:\/\/blogs.lyceecfadumene.fr\/tyanheol\/2020\/10\/09\/elections-des-representants-des-eleves-et-des-etudiants\/","title":{"rendered":"\u00c9lections des repr\u00e9sentants des \u00e9l\u00e8ves et des \u00e9tudiants"},"content":{"rendered":"<p>Mardi et mercredi, les \u00e9l\u00e8ves et les \u00e9tudiant.e.s ont vot\u00e9 pour leurs repr\u00e9sentants aux diff\u00e9rents conseils de l&rsquo;\u00e9tablissement.<\/p>\n<p><a href=\"https:\/\/i0.wp.com\/blogs.lyceecfadumene.fr\/tyanheol\/files\/2020\/10\/VALLONS-BASELINE.jpg?ssl=1\"><img data-recalc-dims=\"1\" loading=\"lazy\" decoding=\"async\" data-attachment-id=\"2782\" data-permalink=\"https:\/\/blogs.lyceecfadumene.fr\/tyanheol\/2020\/10\/09\/elections-des-representants-des-eleves-et-des-etudiants\/vallons-baseline\/\" data-orig-file=\"https:\/\/i0.wp.com\/blogs.lyceecfadumene.fr\/tyanheol\/files\/2020\/10\/VALLONS-BASELINE.jpg?fit=354%2C138&amp;ssl=1\" data-orig-size=\"354,138\" data-comments-opened=\"1\" data-image-meta=\"{&quot;aperture&quot;:&quot;0&quot;,&quot;credit&quot;:&quot;&quot;,&quot;camera&quot;:&quot;&quot;,&quot;caption&quot;:&quot;&quot;,&quot;created_timestamp&quot;:&quot;0&quot;,&quot;copyright&quot;:&quot;&quot;,&quot;focal_length&quot;:&quot;0&quot;,&quot;iso&quot;:&quot;0&quot;,&quot;shutter_speed&quot;:&quot;0&quot;,&quot;title&quot;:&quot;&quot;,&quot;orientation&quot;:&quot;0&quot;}\" data-image-title=\"VALLONS-BASELINE\" data-image-description=\"\" data-image-caption=\"\" data-large-file=\"https:\/\/i0.wp.com\/blogs.lyceecfadumene.fr\/tyanheol\/files\/2020\/10\/VALLONS-BASELINE.jpg?fit=354%2C138&amp;ssl=1\" class=\"aligncenter size-full wp-image-2782\" src=\"https:\/\/i0.wp.com\/blogs.lyceecfadumene.fr\/tyanheol\/files\/2020\/10\/VALLONS-BASELINE.jpg?resize=354%2C138&#038;ssl=1\" alt=\"\" width=\"354\" height=\"138\" srcset=\"https:\/\/i0.wp.com\/blogs.lyceecfadumene.fr\/tyanheol\/files\/2020\/10\/VALLONS-BASELINE.jpg?w=354&amp;ssl=1 354w, https:\/\/i0.wp.com\/blogs.lyceecfadumene.fr\/tyanheol\/files\/2020\/10\/VALLONS-BASELINE.jpg?resize=300%2C117&amp;ssl=1 300w\" sizes=\"auto, (max-width: 354px) 100vw, 354px\" \/><\/a><\/p>\n<p><strong>Ont \u00e9t\u00e9 \u00e9lu.e.s&nbsp; au Conseil Int\u00e9rieur :<\/strong><\/p>\n<ul>\n<li>Alexis Courcoux, Ma\u00eblla Le Perdu, Amaury Boussemart, Katell Tour\u00e9, Ma\u00ebllys Delbaere et Morgane Castelas<\/li>\n<li>Suppl\u00e9ants : Valentin Moisan, Camille Nakache, Gurvan Baudet, Guewen Haigron, Camille Dormeuil, Sarah Bohu<\/li>\n<\/ul>\n<p><strong>Au Conseil d&rsquo;Administration :<\/strong><\/p>\n<ul>\n<li>C\u00e9lia Lagadec, Ma\u00eblla Le Perdu, Alexis Courcoux<\/li>\n<li>Suppl\u00e9ants : Ma\u00ebllys Delbaere, Katell Tour\u00e9, Amaury Boussemart<\/li>\n<\/ul>\n<p><strong>Au Conseil d&rsquo;Exploitation :<\/strong><\/p>\n<ul>\n<li>Ma\u00ebllys Delbaere, Katell Tour\u00e9<\/li>\n<li>Suppl\u00e9ants : Herv\u00e9 Le Gall, Ethan Gourlay<\/li>\n<\/ul>\n<p>N\u2019existez pas \u00e0 vous adresser \u00e0 eux pour toutes propositions concernant la vie dans l&rsquo;\u00e9tablissement.<\/p>\n<p>Ma\u00ebllys Delbaere.<\/p>\n","protected":false},"excerpt":{"rendered":"<p>mardi a mercredis nous vont vot\u00e9e pour nos repr\u00e9sentent pour c\u2019est ann\u00e9e sont \u00e9lus\u00a0 :<\/p>\n","protected":false},"author":43,"featured_media":0,"comment_status":"open","ping_status":"open","sticky":false,"template":"","format":"standard","meta":{"_jetpack_memberships_contains_paid_content":false,"footnotes":"","jetpack_publicize_message":"","jetpack_publicize_feature_enabled":true,"jetpack_social_post_already_shared":true,"jetpack_social_options":{"image_generator_settings":{"template":"highway","default_image_id":0,"font":"","enabled":false},"version":2}},"categories":[1],"tags":[27915,4],"class_list":["post-2774","post","type-post","status-publish","format-standard","hentry","category-non-classe","tag-election","tag-lycee"],"aioseo_notices":[],"jetpack_publicize_connections":[],"jetpack_featured_media_url":"","jetpack_shortlink":"https:\/\/wp.me\/p1SrOO-IK","jetpack_sharing_enabled":true,"_links":{"self":[{"href":"https:\/\/blogs.lyceecfadumene.fr\/tyanheol\/wp-json\/wp\/v2\/posts\/2774","targetHints":{"allow":["GET"]}}],"collection":[{"href":"https:\/\/blogs.lyceecfadumene.fr\/tyanheol\/wp-json\/wp\/v2\/posts"}],"about":[{"href":"https:\/\/blogs.lyceecfadumene.fr\/tyanheol\/wp-json\/wp\/v2\/types\/post"}],"author":[{"embeddable":true,"href":"https:\/\/blogs.lyceecfadumene.fr\/tyanheol\/wp-json\/wp\/v2\/users\/43"}],"replies":[{"embeddable":true,"href":"https:\/\/blogs.lyceecfadumene.fr\/tyanheol\/wp-json\/wp\/v2\/comments?post=2774"}],"version-history":[{"count":1,"href":"https:\/\/blogs.lyceecfadumene.fr\/tyanheol\/wp-json\/wp\/v2\/posts\/2774\/revisions"}],"predecessor-version":[{"id":2784,"href":"https:\/\/blogs.lyceecfadumene.fr\/tyanheol\/wp-json\/wp\/v2\/posts\/2774\/revisions\/2784"}],"wp:attachment":[{"href":"https:\/\/blogs.lyceecfadumene.fr\/tyanheol\/wp-json\/wp\/v2\/media?parent=2774"}],"wp:term":[{"taxonomy":"category","embeddable":true,"href":"https:\/\/blogs.lyceecfadumene.fr\/tyanheol\/wp-json\/wp\/v2\/categories?post=2774"},{"taxonomy":"post_tag","embeddable":true,"href":"https:\/\/blogs.lyceecfadumene.fr\/tyanheol\/wp-json\/wp\/v2\/tags?post=2774"}],"curies":[{"name":"wp","href":"https:\/\/api.w.org\/{rel}","templated":true}]}}